{"id":30865,"date":"2025-06-04T12:16:32","date_gmt":"2025-06-04T15:16:32","guid":{"rendered":"https:\/\/13.com.ar\/index.php\/luque-suma-a-un-abogado-cercano-a-javier-milei-y-defensor-de-uno-de-los-rugbiers-del-caso-fernando-baez-sosa\/"},"modified":"2025-06-04T12:16:32","modified_gmt":"2025-06-04T15:16:32","slug":"luque-suma-a-un-abogado-cercano-a-javier-milei-y-defensor-de-uno-de-los-rugbiers-del-caso-fernando-baez-sosa","status":"publish","type":"post","link":"https:\/\/13.com.ar\/index.php\/luque-suma-a-un-abogado-cercano-a-javier-milei-y-defensor-de-uno-de-los-rugbiers-del-caso-fernando-baez-sosa\/","title":{"rendered":"Luque suma a un abogado cercano a Javier Milei y defensor de uno de los rugbiers del caso Fernando B\u00e1ez Sosa"},"content":{"rendered":"<p> <br \/>\n<br \/><img decoding=\"async\" src=\"https:\/\/13.com.ar\/wp-content\/uploads\/2025\/06\/Luque-suma-a-un-abogado-cercano-a-Javier-Milei-y.jpg\" \/><\/p>\n<div id=\"element-body-0\">\n<p>El neurocirujano <strong>Leopoldo Luciano Luque <\/strong>cumplir\u00e1 44 a\u00f1os el 21 de octubre. Todav\u00eda no sabe qu\u00e9 tribunal lo juzgar\u00e1 por la muerte de Diego Armando Maradona, tras el esc\u00e1ndalo por el juicio anulado la semana pasada tras 21 audiencias. Lo que s\u00ed sabe es que tendr\u00e1 un nuevo defensor que se suma a su equipo de abogados: <strong>Francisco Oneto<\/strong>.<\/p>\n<\/div>\n<div id=\"element-body-1\">\n<p>El letrado tiene, entre otros clientes, a <strong>M\u00e1ximo Thomsen (25)<\/strong>, uno de los rugbiers condenados por el crimen de <strong>Fernando B\u00e1ez Sosa (18)<\/strong>, el 18 de enero de 2020 en Villa Gesell. Le dieron perpetua y Oneto empez\u00f3 a representarlo luego de que el joven desistiera de seguir siendo asistido por el zarate\u00f1o <strong>Hugo Tomei<\/strong>.<\/p>\n<\/div>\n<div id=\"element-body-2\">\n<p>Fue candidato a vicegobernador bonaerense en la f\u00f3rmula de La Libertad Avanza (LLA) que encabez\u00f3 <strong>Carolina P\u00edparo <\/strong>en las elecciones de octubre de 2023. La f\u00f3rmula sac\u00f3 el 24,6% de los votos y se posicion\u00f3 en el tercer lugar, cerca del postulante de Juntos por el Cambio, <strong>N\u00e9stor Grindetti<\/strong>, quien obtuvo un 26,5%, pero lejos del oficialista <strong>Axel Kicillof <\/strong>(45%).<\/p>\n<\/div>\n<div id=\"element-body-4\">\n<p>Oneto intervino tambi\u00e9n en el esc\u00e1ndalo donde defendi\u00f3 a los <strong>cinco iran\u00edes que iban a bordo de un avi\u00f3n venezolano <\/strong>que fue retenido por la Justicia argentina el 6 de junio de 2023 en el aeropuerto de Ezeiza, sospechado de espionaje.<\/p>\n<\/div>\n<div id=\"element-body-5\">\n<p>Adem\u00e1s, representa al presidente <strong>Javier Milei <\/strong>en la presunta estafa por la criptomoneda $Libra.<\/p>\n<\/div>\n<div id=\"element-body-6\">\n<p><em>&#8220;La conducta de Javier Milei no configura ning\u00fan delito por ausencia de dolo. El dolo es conocer que con el comportamiento propio se va a cometer un delito y aun as\u00ed seguir adelante. Siguiendo estos lineamientos, es obvio que si un Presidente quisiera delinquir no lo har\u00eda dejando todos los dedos pegados&#8221;<\/em>, indic\u00f3 en su cuenta de X.<\/p>\n<\/div>\n<div id=\"element-body-8\">\n<p>Consultado por <strong>Clar\u00edn<\/strong>, confirm\u00f3 que integrar\u00e1 el equipo de abogados de Luque junto a quienes ya trabajaban en el caso, <strong>Julio Rivas y Mara Digiuni<\/strong>. &#8220;No soy libertario, soy conservador&#8221;, suele afirmar.<\/p>\n<\/div>\n<div id=\"element-body-9\">\n<p>La semana pasada, Oneto dej\u00f3 un pol\u00e9mica frase en la transmisi\u00f3n del streaming Carajo, que conduce <strong>El Gordo Dan<\/strong>: &#8220;Para revertir la ca\u00edda de la natalidad, hay que recuperar los valores tradicionales. <strong>Que la mujer se quede en la casa y que el hombre trabaje<\/strong>&#8220;.<\/p>\n<\/div>\n<div id=\"element-body-10\">\n<p>All\u00ed tiene su programa propio, &#8220;Estado de Sitio&#8221;, que se emite los mi\u00e9rcoles y viernes de 17 a 19.<\/p>\n<\/div>\n<div id=\"element-body-11\">\n<blockquote class=\"twitter-tweet\">\n<p lang=\"es\" dir=\"ltr\">Programaci\u00f3n oficial 2025. <a rel=\"nofollow\" target=\"_blank\" href=\"https:\/\/t.co\/OMlwL1XI2b\">pic.twitter.com\/OMlwL1XI2b<\/a><\/p>\n<p>\u2014 Carajo (@CarajoStream) <a rel=\"nofollow\" target=\"_blank\" href=\"https:\/\/twitter.com\/CarajoStream\/status\/1914493126112108771?ref_src=twsrc%5Etfw\">April 22, 2025<\/a><\/p><\/blockquote>\n<\/div>\n<div id=\"element-body-12\">\n<p>Oneto se gradu\u00f3 en 2012 en la Universidad de Buenos Aires (UBA) y se especializa en Derecho Penal y Criminolog\u00eda. Tiene un canal oficial en YouTube con 152.000 suscriptores.<\/p>\n<\/div>\n<div id=\"element-body-13\">\n<p>En su cuenta de X, dej\u00f3 su opini\u00f3n tras lo ocurrido con la jueza <strong>Julieta Makintach<\/strong>, quien permiti\u00f3 la grabaci\u00f3n de un documental, en el cual ella era protagonista, dentro la sala de audiencias en la que se llevaba a cabo el juicio, el cual fue anulado a ra\u00edz del bochorno.<\/p>\n<\/div>\n<div id=\"element-body-14\">\n<p>&#8220;<em>En cuanto al Maradona Gate, pienso que corresponde que se aparte la juez, aunque desde mi punto de vista <\/em><strong><em>no cometi\u00f3 delito alguno<\/em><\/strong>&#8220;, expres\u00f3. Tambi\u00e9n poste\u00f3 algunos videos en su cuenta de Instagram @fraoneto.<\/p>\n<\/div>\n<div id=\"element-body-15\">\n<blockquote class=\"twitter-tweet\">\n<p lang=\"es\" dir=\"ltr\">En cuanto al Maradona Gate, pienso que corresponde que se aparte la juez, aunque desde mi punto de vista no cometi\u00f3 delito alguno.<\/p>\n<p>Existe una motivo de recusaci\u00f3n creado de forma pretoriana por la CSJN en los precedentes Llerena(Fallo: 328:1491), Fallos, 329:3034); \u201cLamas,\u2026<\/p>\n<p>\u2014 Francisco Oneto (@fraoneto) <a rel=\"nofollow\" target=\"_blank\" href=\"https:\/\/twitter.com\/fraoneto\/status\/1927405488007696548?ref_src=twsrc%5Etfw\">May 27, 2025<\/a><\/p><\/blockquote>\n<\/div>\n<div id=\"element-body-16\">\n<p>Rivas hab\u00eda recusado a la jueza, antes de salir a la luz lo del documental, por considerar que hab\u00eda sido sospechosamente enf\u00e1tica en las preguntas a una de las acusadas, la psiquiatra <strong>Agustina Cosachov (40)<\/strong>.<\/p>\n<\/div>\n<div id=\"element-body-17\">\n<p>Al respecto, Oneto especul\u00f3 que esta actitud podr\u00eda haberse producido con &#8220;<em>el fin de generar escenas llamativas para el film&#8221;<\/em>.<\/p>\n<\/div>\n<div id=\"element-body-18\">\n<p>Otro de sus clientes es el ex polic\u00eda <strong>Rafael Horacio Moreno (74)<\/strong>, acusado de matar de un balazo a Sergio David D\u00edaz (40), tras una discusi\u00f3n por el volumen de la m\u00fasica durante la madrugada del pasado 25 de diciembre en Lomas del Mirador (La Matanza).<\/p>\n<\/div>\n<div id=\"element-body-19\">\n<p>Adem\u00e1s, defendi\u00f3 -en la primera etapa de la instrucci\u00f3n- al futbolista nacionalizado paraguayo <strong>Jonathan Fabbro (43)<\/strong>, quien termin\u00f3 condenado a 16 a\u00f1os de prisi\u00f3n por el abuso sexual de su sobrina y ahijada, cometido cuando la nena ten\u00eda entre 5 y 11 a\u00f1os.<\/p>\n<\/div>\n<p><script async src=\"\/\/platform.twitter.com\/widgets.js\" charset=\"utf-8\"><\/script><script async src=\"\/\/www.instagram.com\/embed.js\"><\/script><br \/>\n<br \/><br \/>\n<br \/><a href=\"https:\/\/www.clarin.com\/policiales\/luque-suma-abogado-cercano-javier-milei-defensor-rugbiers-caso-fernando-baez-sosa_0_RKu608x7KE.html\">Fuente Clarin.com <\/a><\/p>\n","protected":false},"excerpt":{"rendered":"<p>El neurocirujano Leopoldo Luciano Luque cumplir\u00e1 44 a\u00f1os el 21 de octubre. Todav\u00eda no sabe qu\u00e9 tribunal lo juzgar\u00e1 por la muerte de Diego Armando Maradona, tras el esc\u00e1ndalo por el juicio anulado la semana pasada tras 21 audiencias. Lo que s\u00ed sabe es que tendr\u00e1 un nuevo defensor que se suma a su equipo [&hellip;]<\/p>\n","protected":false},"author":1,"featured_media":30866,"comment_status":"open","ping_status":"open","sticky":false,"template":"","format":"standard","meta":{"footnotes":""},"categories":[2],"tags":[1242,6727,800,11098,14925,100,886,273,28,11188,77,12746,13244,9,1013],"class_list":["post-30865","post","type-post","status-publish","format-standard","has-post-thumbnail","hentry","category-ultimas-noticias","tag-abogado","tag-baez","tag-caso","tag-cercano","tag-defensor","tag-del","tag-fernando","tag-javier","tag-los","tag-luque","tag-milei","tag-rugbiers","tag-sosa","tag-suma","tag-uno"],"_links":{"self":[{"href":"https:\/\/13.com.ar\/index.php\/wp-json\/wp\/v2\/posts\/30865","targetHints":{"allow":["GET"]}}],"collection":[{"href":"https:\/\/13.com.ar\/index.php\/wp-json\/wp\/v2\/posts"}],"about":[{"href":"https:\/\/13.com.ar\/index.php\/wp-json\/wp\/v2\/types\/post"}],"author":[{"embeddable":true,"href":"https:\/\/13.com.ar\/index.php\/wp-json\/wp\/v2\/users\/1"}],"replies":[{"embeddable":true,"href":"https:\/\/13.com.ar\/index.php\/wp-json\/wp\/v2\/comments?post=30865"}],"version-history":[{"count":0,"href":"https:\/\/13.com.ar\/index.php\/wp-json\/wp\/v2\/posts\/30865\/revisions"}],"wp:featuredmedia":[{"embeddable":true,"href":"https:\/\/13.com.ar\/index.php\/wp-json\/wp\/v2\/media\/30866"}],"wp:attachment":[{"href":"https:\/\/13.com.ar\/index.php\/wp-json\/wp\/v2\/media?parent=30865"}],"wp:term":[{"taxonomy":"category","embeddable":true,"href":"https:\/\/13.com.ar\/index.php\/wp-json\/wp\/v2\/categories?post=30865"},{"taxonomy":"post_tag","embeddable":true,"href":"https:\/\/13.com.ar\/index.php\/wp-json\/wp\/v2\/tags?post=30865"}],"curies":[{"name":"wp","href":"https:\/\/api.w.org\/{rel}","templated":true}]}}