{"id":30864,"date":"2025-06-04T12:13:30","date_gmt":"2025-06-04T15:13:30","guid":{"rendered":"https:\/\/13.com.ar\/index.php\/el-correctivo-a-unos-nenes-de-9-anos-y-el-dia-que-los-dirigentes-leprosos-se-convirtieron-en-canallas\/"},"modified":"2025-06-04T12:13:30","modified_gmt":"2025-06-04T15:13:30","slug":"el-correctivo-a-unos-nenes-de-9-anos-y-el-dia-que-los-dirigentes-leprosos-se-convirtieron-en-canallas","status":"publish","type":"post","link":"https:\/\/13.com.ar\/index.php\/el-correctivo-a-unos-nenes-de-9-anos-y-el-dia-que-los-dirigentes-leprosos-se-convirtieron-en-canallas\/","title":{"rendered":"El correctivo a unos nenes de 9 a\u00f1os y el d\u00eda que los dirigentes Leprosos se convirtieron \u201cen Canallas\u201d"},"content":{"rendered":"<p> <br \/>\n<br \/><img decoding=\"async\" src=\"https:\/\/13.com.ar\/wp-content\/uploads\/2025\/06\/Newells-les-aplico-una-dura-sancion-a-seis-chicos-de.jpg\" \/><\/p>\n<div id=\"element-body-0\">\n<p>No es un cuento de Fontanarrosa. Seg\u00fan la historia, en 1920 la Comisi\u00f3n de Damas del Hospital Carrasco organiz\u00f3 un cl\u00e1sico entre <strong>Rosario Central<\/strong> y <strong>Newell&#8217;s Old Boys<\/strong> a beneficio de los enfermos que padec\u00edan el Mal de Hansen, la enfermedad que popularmente conocemos como lepra. <\/p>\n<\/div>\n<div id=\"element-body-1\">\n<p>\u201cNewell\u2019s acept\u00f3 de inmediato la propuesta, por lo que a partir de ah\u00ed sus hinchas fueron bautizados como los &#8216;Leprosos&#8217;. Rosario Central rechaz\u00f3 el desaf\u00edo, lo que motiv\u00f3 que fueran recordados como los &#8216;Canallas&#8217;\u201d, se jacta la web del club rojinegro de Rosario. Lo que nunca iban a pensar era que, 105 a\u00f1os despu\u00e9s, los que se iban a poner la \u201ccamiseta de canallas\u201d ser\u00edan ellos.<\/p>\n<\/div>\n<div id=\"element-body-2\">\n<p>Ocurri\u00f3 en Semana Santa. Las inferiores de Newell&#8217;s se presentaron en un torneo solidario en Defensores de Funes, donde juega el hijo de Ignacio Malcorra, el 10 de Rosario Central. Cuando los chicos vieron al crack del equipo rival, no dudaron en pedirle una foto. La imagen se viraliz\u00f3 y lleg\u00f3 a los directivos de Newell&#8217;s que citaron a las familias a una reuni\u00f3n con los coordinadores de inferiores \u201ccon car\u00e1cter de urgente\u201d.<\/p>\n<\/div>\n<div id=\"element-body-3\">\n<p>All\u00ed les comunicaron que sus hijos ser\u00edan sancionados por semejante herej\u00eda.<\/p>\n<\/div>\n<div id=\"element-body-4\">\n<p>A veces, en el af\u00e1n de transmitir el sentido de pertenencia, los clubes formadores confunden ese valor con el odio hacia la instituci\u00f3n rival. La presencia de \u00c1ngel Di Mar\u00eda en la despedida de Maxi Rodr\u00edguez con ovaci\u00f3n incluida para Fideo desde los cuatro costados del Marcelo Bielsa fue un hermoso espejismo que hac\u00eda creer que la cosa pod\u00eda empezar a cambiar.<\/p>\n<\/div>\n<div id=\"element-body-5\">\n<p>\u00bfSe habr\u00e1n puesto a pensar los dirigentes de Newell&#8217;s c\u00f3mo reaccionar\u00e1n los pibitos de la Lepra cuando se crucen con Angelito que acaba de volver a la ciudad? Y si fuera al rev\u00e9s: \u00bfalguien cree que un nene (o un adulto) del Canalla (el verdadero) se perder\u00eda la chance de tomarse una selfie con Lionel Messi?<\/p>\n<\/div>\n<div id=\"element-body-6\">\n<p>El presidente Ignacio Astore trat\u00f3 de aclarar la situaci\u00f3n diciendo que se intent\u00f3 proteger a los chicos. Pero la desmentida no tard\u00f3 en llegar. Uno de los pap\u00e1s cont\u00f3 que los hab\u00edan suspendido y que <strong>hasta les sacaron las becas<\/strong>: \u201cMi hijo nunca m\u00e1s va a poner un pie en Newell&#8217;s\u201d, sentenci\u00f3.<\/p>\n<\/div>\n<div id=\"element-body-7\">\n<p>Y el coordinador de la Escuela Islas Malvinas Carlos Panciroli, ratific\u00f3 esa versi\u00f3n, aunque justific\u00f3 lo sucedido: \u201cSe les quit\u00f3 la beca, pero todo fue consensuado con los padres que estuvieron de acuerdo con la medida&#8221;.<\/p>\n<\/div>\n<div id=\"element-body-8\">\n<p>Parece una iron\u00eda del destino. Tambi\u00e9n podr\u00eda ser el t\u00edtulo de un cuento del Negro. <em>El d\u00eda que los dirigentes de Newell&#8217;s quisieron aleccionar a siete ni\u00f1os de nueve a\u00f1os y se convirtieron en Canallas<\/em>. O quiz\u00e1 ya lo eran.<\/p>\n<\/div>\n<p><br \/>\n<br \/><a href=\"https:\/\/www.clarin.com\/deportes\/correctivo-nenes-9-anos-dia-dirigentes-leprosos-convirtieron-canallas_0_LGW6eltUV8.html\">Fuente Clarin.com <\/a><\/p>\n","protected":false},"excerpt":{"rendered":"<p>No es un cuento de Fontanarrosa. Seg\u00fan la historia, en 1920 la Comisi\u00f3n de Damas del Hospital Carrasco organiz\u00f3 un cl\u00e1sico entre Rosario Central y Newell&#8217;s Old Boys a beneficio de los enfermos que padec\u00edan el Mal de Hansen, la enfermedad que popularmente conocemos como lepra. \u201cNewell\u2019s acept\u00f3 de inmediato la propuesta, por lo que [&hellip;]<\/p>\n","protected":false},"author":1,"featured_media":30561,"comment_status":"open","ping_status":"open","sticky":false,"template":"","format":"standard","meta":{"footnotes":""},"categories":[2],"tags":[636,20212,20211,20209,1154,2370,20210,28,2158,499],"class_list":["post-30864","post","type-post","status-publish","format-standard","has-post-thumbnail","hentry","category-ultimas-noticias","tag-anos","tag-canallas","tag-convirtieron","tag-correctivo","tag-dia","tag-dirigentes","tag-leprosos","tag-los","tag-nenes","tag-unos"],"_links":{"self":[{"href":"https:\/\/13.com.ar\/index.php\/wp-json\/wp\/v2\/posts\/30864","targetHints":{"allow":["GET"]}}],"collection":[{"href":"https:\/\/13.com.ar\/index.php\/wp-json\/wp\/v2\/posts"}],"about":[{"href":"https:\/\/13.com.ar\/index.php\/wp-json\/wp\/v2\/types\/post"}],"author":[{"embeddable":true,"href":"https:\/\/13.com.ar\/index.php\/wp-json\/wp\/v2\/users\/1"}],"replies":[{"embeddable":true,"href":"https:\/\/13.com.ar\/index.php\/wp-json\/wp\/v2\/comments?post=30864"}],"version-history":[{"count":0,"href":"https:\/\/13.com.ar\/index.php\/wp-json\/wp\/v2\/posts\/30864\/revisions"}],"wp:featuredmedia":[{"embeddable":true,"href":"https:\/\/13.com.ar\/index.php\/wp-json\/wp\/v2\/media\/30561"}],"wp:attachment":[{"href":"https:\/\/13.com.ar\/index.php\/wp-json\/wp\/v2\/media?parent=30864"}],"wp:term":[{"taxonomy":"category","embeddable":true,"href":"https:\/\/13.com.ar\/index.php\/wp-json\/wp\/v2\/categories?post=30864"},{"taxonomy":"post_tag","embeddable":true,"href":"https:\/\/13.com.ar\/index.php\/wp-json\/wp\/v2\/tags?post=30864"}],"curies":[{"name":"wp","href":"https:\/\/api.w.org\/{rel}","templated":true}]}}