{"id":30862,"date":"2025-06-04T12:10:34","date_gmt":"2025-06-04T15:10:34","guid":{"rendered":"https:\/\/13.com.ar\/index.php\/yo-a-esa-edad-hubiera-hecho-lo-mismo\/"},"modified":"2025-06-04T12:10:34","modified_gmt":"2025-06-04T15:10:34","slug":"yo-a-esa-edad-hubiera-hecho-lo-mismo","status":"publish","type":"post","link":"https:\/\/13.com.ar\/index.php\/yo-a-esa-edad-hubiera-hecho-lo-mismo\/","title":{"rendered":"Yo a esa edad hubiera hecho lo mismo"},"content":{"rendered":"<p> <br \/>\n<br \/><img decoding=\"async\" src=\"https:\/\/13.com.ar\/wp-content\/uploads\/2025\/06\/Yo-a-esa-edad-hubiera-hecho-lo-mismo.jpg\" \/><\/p>\n<div id=\"element-body-0\">\n<p>La <strong>Seleccci\u00f3n Argentina <\/strong>vuelve a la acci\u00f3n este jueves cuando le toque visitar a <strong>Chile <\/strong>en una nueva jornada de las <strong>Elimiantorias Sudamericanas <\/strong>camino al <strong>Mundial 2026<\/strong>, donde el equipo de <strong>Lionel Scaloni <\/strong>ya asegur\u00f3 su presencia. En la previa del viaje a la capital trasandina, el DT recibi\u00f3 a la prensa en Ezeiza para hablar de todo:el regreso de <strong>Lionel Messi<\/strong>, el presente de <strong>Franco Mastantuono <\/strong>y el esc\u00e1ndalo que se origin\u00f3 en Newell&#8217;s con los chicos que se sacaron una foto con <strong>Ignacio Malcorra<\/strong>, jugador de <strong>Rosario Central <\/strong>y terminaron siendo sancionados.<\/p>\n<\/div>\n<div id=\"element-body-1\">\n<p>&#8220;Vi la foto y realmente lo que hay que valorar es que esos chicos se quisieron sacar una foto con un jugador de Primera Divisi\u00f3n. Vieron que es un futbolista que lleg\u00f3 a Primera. Yo a esa edad me hubiera encantado, y lo hubiera hecho lo mismo, sin importarme la camiseta. Es importante dar el mensaje que estos nenes se saquen la foto, no importa la camiseta que sea. Es el ejemplo que tenemos que dar para erradicar la violencia y todo lo que se est\u00e1 viviendo. Espero que sirva de experiencia para que no vuelva a suceder, o que vuelva a suceder la foto, ese es el mensaje&#8221;, coment\u00f3 Scaloni.<\/p>\n<\/div>\n<div id=\"element-body-2\">\n<p>Messi fue otro t\u00f3pico del charla con los periodistas, \u00bflo imagina titular ante Chile?: &#8220;Todav\u00eda no tengo decidido si va a jugar de arranque o no, necesito hablar con \u00e9l para ver c\u00f3mo se encuentra a nivel f\u00edsico. Viene de jugar un buen par de partidos pero estamos en un momento de las Eliminatorias en que nos podemos permitir probar algunas cosas&#8221;.<\/p>\n<\/div>\n<div id=\"element-body-3\">\n<p>El entrenador tambi\u00e9n habl\u00f3 de algunas caras nuevas en la convocatoria, con el ingreso de algunos jugadores del f\u00fatbol local como Kevin Lom\u00f3naco, Mariano Troilo y especialmente Franco Mastantuono: &#8220;Siempre dijimos que a medida de que el equipo necesite jugadores, no miramos d\u00f3nde juegan. Vimos que las opciones del f\u00fatbol local eran buenas porque ten\u00edamos jugadores sancionados y con algunas molestias. A Kevin lo conoc\u00edamos de las juveniles, a Mariano lo seguimos desde hace un a\u00f1o, quer\u00edamos darle la oportunidad de que se entrenen y veremos si juegan. Franco est\u00e1 atravesando un gran momento, dadas las circunstancias era un momento bueno para tenerlo con nosotros&#8221;.<\/p>\n<\/div>\n<div id=\"element-body-4\">\n<p>Scaloni fue consultado m\u00e1s puntualmente sobre el futuro de Mastantuono, las chances de que sea transferido a alg\u00fan equipo del exterior y cu\u00e1l era la idea del cuerpo t\u00e9cnico en relaci\u00f3n al Mundial Sub 20 que se jugar\u00e1 en septiembre. &#8220;Las charlas que tenemos con Franco no son sobre su futuro, no nos metemos en eso, es responsabilidad del jugador y del club, nosotros convocamos de acuerdo al rendimiento. Lo del Sub 20 depender\u00e1 del club en el que se encuentre y la predisposici\u00f3n. Siempre es lindo jugar un Mundial Sub 20, y son selecciones de cierto calibre, eso se decidir\u00e1 m\u00e1s adelante. Es un chico que est\u00e1 viviendo un gran momento&#8221;, destac\u00f3 Scaloni.<\/p>\n<\/div>\n<div id=\"element-body-5\">\n<p>Scaloni tambi\u00e9n habl\u00f3 del regreso de \u00c1ngel Di Mar\u00eda al f\u00fatbol argentino para jugar en Rosario Central: &#8220;Es una alegr\u00eda que \u00c1ngel vuelva al f\u00fatbol argentino, le da valor a la liga y me alegra por \u00e9l tambi\u00e9n. Tener a un \u00eddolo de ese calibre le hace bien a los hinchas pero tambi\u00e9n a \u00e9l, a su alma y me pone muy contento&#8221;.<\/p>\n<\/div>\n<p><br \/>\n<br \/><a href=\"https:\/\/www.clarin.com\/deportes\/lionel-scaloni-hablo-mastantuono-messi-polemica-foto-chicos-newells-malcorra-edad-hecho-mismo_0_Fr5YAog3j6.html\">Fuente Clarin.com <\/a><\/p>\n","protected":false},"excerpt":{"rendered":"<p>La Seleccci\u00f3n Argentina vuelve a la acci\u00f3n este jueves cuando le toque visitar a Chile en una nueva jornada de las Elimiantorias Sudamericanas camino al Mundial 2026, donde el equipo de Lionel Scaloni ya asegur\u00f3 su presencia. En la previa del viaje a la capital trasandina, el DT recibi\u00f3 a la prensa en Ezeiza para [&hellip;]<\/p>\n","protected":false},"author":1,"featured_media":30863,"comment_status":"open","ping_status":"open","sticky":false,"template":"","format":"standard","meta":{"footnotes":""},"categories":[2],"tags":[1665,1020,971,4123,1004],"class_list":["post-30862","post","type-post","status-publish","format-standard","has-post-thumbnail","hentry","category-ultimas-noticias","tag-edad","tag-esa","tag-hecho","tag-hubiera","tag-mismo"],"_links":{"self":[{"href":"https:\/\/13.com.ar\/index.php\/wp-json\/wp\/v2\/posts\/30862","targetHints":{"allow":["GET"]}}],"collection":[{"href":"https:\/\/13.com.ar\/index.php\/wp-json\/wp\/v2\/posts"}],"about":[{"href":"https:\/\/13.com.ar\/index.php\/wp-json\/wp\/v2\/types\/post"}],"author":[{"embeddable":true,"href":"https:\/\/13.com.ar\/index.php\/wp-json\/wp\/v2\/users\/1"}],"replies":[{"embeddable":true,"href":"https:\/\/13.com.ar\/index.php\/wp-json\/wp\/v2\/comments?post=30862"}],"version-history":[{"count":0,"href":"https:\/\/13.com.ar\/index.php\/wp-json\/wp\/v2\/posts\/30862\/revisions"}],"wp:featuredmedia":[{"embeddable":true,"href":"https:\/\/13.com.ar\/index.php\/wp-json\/wp\/v2\/media\/30863"}],"wp:attachment":[{"href":"https:\/\/13.com.ar\/index.php\/wp-json\/wp\/v2\/media?parent=30862"}],"wp:term":[{"taxonomy":"category","embeddable":true,"href":"https:\/\/13.com.ar\/index.php\/wp-json\/wp\/v2\/categories?post=30862"},{"taxonomy":"post_tag","embeddable":true,"href":"https:\/\/13.com.ar\/index.php\/wp-json\/wp\/v2\/tags?post=30862"}],"curies":[{"name":"wp","href":"https:\/\/api.w.org\/{rel}","templated":true}]}}