{"id":30860,"date":"2025-06-04T12:07:37","date_gmt":"2025-06-04T15:07:37","guid":{"rendered":"https:\/\/13.com.ar\/index.php\/la-ciudad-pago-un-vencimiento-de-deuda-por-us-330-millones\/"},"modified":"2025-06-04T12:07:37","modified_gmt":"2025-06-04T15:07:37","slug":"la-ciudad-pago-un-vencimiento-de-deuda-por-us-330-millones","status":"publish","type":"post","link":"https:\/\/13.com.ar\/index.php\/la-ciudad-pago-un-vencimiento-de-deuda-por-us-330-millones\/","title":{"rendered":"La Ciudad pag\u00f3 un vencimiento de deuda por US$ 330 millones"},"content":{"rendered":"<p> <br \/>\n<br \/><img decoding=\"async\" src=\"https:\/\/13.com.ar\/wp-content\/uploads\/2025\/06\/La-Ciudad-pago-un-vencimiento-de-deuda-por-US-330.jpg\" \/><\/p>\n<div id=\"element-body-0\">\n<p>En medio de dificultades de algunas empresas para hacer frente a sus pagos de deuda, que levanta dudas sobre la posibilidad de acceso al mercado de capitales a compa\u00f1\u00edas y provincias argentinas, el Gobierno de la Ciudad de Buenos Aires anunci\u00f3 que <strong>pag\u00f3 la primera cuota<\/strong> de amortizaci\u00f3n de la serie 12 del Programa de Asistencia Financiera (CABA 27) por <strong>un total de US$ 330.012.000<\/strong> (US$ 296.637.000 de capital y USD$ 33.375.000 de intereses).<\/p>\n<\/div>\n<div id=\"element-body-1\">\n<p>Para hacer el pago, la Ciudad tuvo que recurrir al Mercado \u00danico Libre de Cambios (MULC) la semana pasada. Por eso, operadores cercanos al Gobierno <strong>acusaban a la administraci\u00f3n de Jorge Macri de ser los responsables de la suba del d\u00f3lar <\/strong>oficial durante esos d\u00edas.<\/p>\n<\/div>\n<div id=\"element-body-2\">\n<p>Desde la Ciudad indicaron que<strong> el stock total de deuda <\/strong>se ubica en los US$ 1.211 millones, &#8220;lo que representa<strong> una reducci\u00f3n del 65% respecto del a\u00f1o 2017<\/strong>, cuando alcanzaba los USD 3.442 millones&#8221;, dijo la Ciudad en un comunicado.<\/p>\n<\/div>\n<div id=\"element-body-3\">\n<p>Seg\u00fan detallaron, la administraci\u00f3n actual lleva a cabo un proceso de administraci\u00f3n de pasivos y reducci\u00f3n de su stock de deuda, que hace que hoy la Ciudad presente el<strong> menor nivel de deuda de los \u00faltimos 15 a\u00f1os.<\/strong><\/p>\n<\/div>\n<div id=\"element-body-4\">\n<p>&#8220;El peso de los intereses de la deuda en el presupuesto de la Ciudad alcanz\u00f3 su m\u00ednimo hist\u00f3rico, llegando a<strong> apenas el 0,9%<\/strong>. En el a\u00f1o 2024 fue del 1,5%, alcanzando su pico m\u00e1ximo en el a\u00f1o 2019, con el 9,4% del total del presupuesto&#8221;, sostuvieron.<\/p>\n<\/div>\n<div id=\"element-body-5\">\n<p>La Ciudad hizo su propio camino de &#8220;reputaci\u00f3n crediticia&#8221; en los \u00faltimos a\u00f1os. &#8220;Claro ejemplo de ello es que en el 2001 no incumpli\u00f3 sus pagos de deuda&#8221;, dijeron en el comunicado.<\/p>\n<\/div>\n<div id=\"element-body-6\">\n<p>&#8220;Con ese mismo objetivo, en el 2020, cuando pr\u00e1cticamente todas las provincias se adhirieron a la<strong> reestructuraci\u00f3n impulsada por el Gobierno nacional,<\/strong> la Ciudad continu\u00f3 cumpliendo con sus obligaciones en tiempo y forma, honrando sus obligaciones de acuerdo a los contratos, y de esa forma respetando los derechos de propiedad&#8221;.<\/p>\n<\/div>\n<div id=\"element-body-7\">\n<p>&#8220;Durante los \u00faltimos a\u00f1os, el Gobierno de la Ciudad llev\u00f3 adelante distintas operaciones de<strong> administraci\u00f3n de pasivos a trav\u00e9s de las cuales se anticip\u00f3 a los vencimientos,<\/strong> logr\u00f3 balancear el mix de monedas y reducir fuertemente el stock de deuda&#8221;, explicaron.<\/p>\n<\/div>\n<div id=\"element-body-8\">\n<p>&#8220;Como resultado, la Ciudad se encuentra hoy entre los mejores sujetos de cr\u00e9dito de Argentina, lo que le garantiza el <strong>acceso al mercado internacional de capitales<\/strong>, aun en este contexto de volatilidad financiera&#8221;, concluyeron.<\/p>\n<\/div>\n<p><br \/>\n<br \/><a href=\"https:\/\/www.clarin.com\/economia\/ciudad-pago-vencimiento-deuda-us-330-millones_0_L2iPZ7ZMrD.html\">Fuente Clarin.com <\/a><\/p>\n","protected":false},"excerpt":{"rendered":"<p>En medio de dificultades de algunas empresas para hacer frente a sus pagos de deuda, que levanta dudas sobre la posibilidad de acceso al mercado de capitales a compa\u00f1\u00edas y provincias argentinas, el Gobierno de la Ciudad de Buenos Aires anunci\u00f3 que pag\u00f3 la primera cuota de amortizaci\u00f3n de la serie 12 del Programa de [&hellip;]<\/p>\n","protected":false},"author":1,"featured_media":30861,"comment_status":"open","ping_status":"open","sticky":false,"template":"","format":"standard","meta":{"footnotes":""},"categories":[2],"tags":[984,3259,1065,1620,142,13547],"class_list":["post-30860","post","type-post","status-publish","format-standard","has-post-thumbnail","hentry","category-ultimas-noticias","tag-ciudad","tag-deuda","tag-millones","tag-pago","tag-por","tag-vencimiento"],"_links":{"self":[{"href":"https:\/\/13.com.ar\/index.php\/wp-json\/wp\/v2\/posts\/30860","targetHints":{"allow":["GET"]}}],"collection":[{"href":"https:\/\/13.com.ar\/index.php\/wp-json\/wp\/v2\/posts"}],"about":[{"href":"https:\/\/13.com.ar\/index.php\/wp-json\/wp\/v2\/types\/post"}],"author":[{"embeddable":true,"href":"https:\/\/13.com.ar\/index.php\/wp-json\/wp\/v2\/users\/1"}],"replies":[{"embeddable":true,"href":"https:\/\/13.com.ar\/index.php\/wp-json\/wp\/v2\/comments?post=30860"}],"version-history":[{"count":0,"href":"https:\/\/13.com.ar\/index.php\/wp-json\/wp\/v2\/posts\/30860\/revisions"}],"wp:featuredmedia":[{"embeddable":true,"href":"https:\/\/13.com.ar\/index.php\/wp-json\/wp\/v2\/media\/30861"}],"wp:attachment":[{"href":"https:\/\/13.com.ar\/index.php\/wp-json\/wp\/v2\/media?parent=30860"}],"wp:term":[{"taxonomy":"category","embeddable":true,"href":"https:\/\/13.com.ar\/index.php\/wp-json\/wp\/v2\/categories?post=30860"},{"taxonomy":"post_tag","embeddable":true,"href":"https:\/\/13.com.ar\/index.php\/wp-json\/wp\/v2\/tags?post=30860"}],"curies":[{"name":"wp","href":"https:\/\/api.w.org\/{rel}","templated":true}]}}