{"id":30858,"date":"2025-06-04T12:04:31","date_gmt":"2025-06-04T15:04:31","guid":{"rendered":"https:\/\/13.com.ar\/index.php\/diego-simeone-y-la-herida-abierta-por-el-penal-de-julian-alvarez-al-real-madrid-que-obligo-a-cambiar-una-regla-nos-sentimos-ultrajados\/"},"modified":"2025-06-04T12:04:31","modified_gmt":"2025-06-04T15:04:31","slug":"diego-simeone-y-la-herida-abierta-por-el-penal-de-julian-alvarez-al-real-madrid-que-obligo-a-cambiar-una-regla-nos-sentimos-ultrajados","status":"publish","type":"post","link":"https:\/\/13.com.ar\/index.php\/diego-simeone-y-la-herida-abierta-por-el-penal-de-julian-alvarez-al-real-madrid-que-obligo-a-cambiar-una-regla-nos-sentimos-ultrajados\/","title":{"rendered":"Diego Simeone y la herida abierta por el penal de Juli\u00e1n \u00c1lvarez al Real Madrid, que oblig\u00f3 a cambiar una regla: &#8220;Nos sentimos ultrajados&#8221;"},"content":{"rendered":"<p> <br \/>\n<br \/><img decoding=\"async\" src=\"https:\/\/13.com.ar\/wp-content\/uploads\/2025\/06\/Diego-Simeone-y-la-herida-abierta-por-el-penal-de.jpg\" \/><\/p>\n<div id=\"element-body-0\">\n<p><strong>Diego Simeone<\/strong>, entrenador del <strong>Atl\u00e9tico de Madrid<\/strong>, record\u00f3 que \u00e9l y su equipo se sintieron &#8220;ultrajados y violentados&#8221; por el penal decisivo invalidado de <strong>Juli\u00e1n Alvarez <\/strong>en los octavos de final de la <strong>Champions League<\/strong> contra el <strong>Real Madrid<\/strong>, ya que &#8220;no se entiende ni se entender\u00e1&#8221; por qu\u00e9 se tom\u00f3 esa decisi\u00f3n en &#8220;una situaci\u00f3n puntual tan importante&#8221;. La discutida jugada oblig\u00f3 a que la IFAB, la asociaci\u00f3n mundial que nuclea a los \u00e1rbitros, decida cambiar la regla.<\/p>\n<\/div>\n<div id=\"element-body-1\">\n<p>&#8220;Dif\u00edcil ponerle una palabra a algo tan violento. Nos sentimos ultrajados, violentados&#8230; \u00bfPor qu\u00e9 pas\u00f3? No se entiende y no se entender\u00e1&#8221;, expres\u00f3 el t\u00e9cnico durante una entrevista a la se\u00f1al DAZN, cuyo avance fue lanzado este mi\u00e9rcoles a trav\u00e9s de sus redes sociales.<\/p>\n<\/div>\n<div id=\"element-body-2\">\n<p>&#13;<br \/>\n&#8220;Yo en ese momento caminaba, porque no estaba viendo los tiros de penal. Cuando veo que hace el gol, digo gol y de repente veo que no, pregunto qu\u00e9 pas\u00f3, porque no hab\u00eda visto la situaci\u00f3n, y me cuentan que toc\u00f3 dos veces la pelota. Cuando me lo dicen, digo &#8216;bueno, s\u00ed habr\u00e1 tocado dos veces la pelota&#8217;&#8230;&#8221;, repas\u00f3. <\/p>\n<\/div>\n<div id=\"element-body-3\">\n<p>&#8220;Y cuando vas a ver el partido ya terminado y la pelota no la toc\u00f3, es duro, porque hay mucho trabajo a partir de una situaci\u00f3n puntual tan importante para desarrollar c\u00f3mo la desarrollaron y para transitarla c\u00f3mo la transitaron. No era un penal m\u00e1s. Era un penal de un pase a cuartos de final&#8221;, reclam\u00f3 Simeone sobre aquel hecho, sucedido el pasado 12 de marzo en la tanda de penales tras igualar con un 1-0 en el Metropolitano la derrota de la ida por 2-1 en el Bernab\u00e9u.<\/p>\n<\/div>\n<div id=\"element-body-4\">\n<blockquote class=\"twitter-tweet\">\n<p lang=\"es\" dir=\"ltr\">El penalti de Juli\u00e1n Alvarez contra el Real Madrid y un Cholo Simeone confes\u00e1ndose como nunca lo hab\u00eda hecho \ud83d\ude2f<\/p>\n<p>&#8220;Dif\u00edcil ponerle una palabra a algo tan violento. NOS SENTIMOS ULTRAJADOS&#8221; \ud83d\udca5<\/p>\n<p>&#8216;Simeone. Revelado&#8217;, disponible desde el 13 de junio en DAZN \ud83c\udfa5 <a rel=\"nofollow\" target=\"_blank\" href=\"https:\/\/t.co\/Z2Z30yWv4w\">pic.twitter.com\/Z2Z30yWv4w<\/a><\/p>\n<p>\u2014 DAZN F\u00fatbol (@DAZNFutbol) <a rel=\"nofollow\" target=\"_blank\" href=\"https:\/\/twitter.com\/DAZNFutbol\/status\/1930239293420892219?ref_src=twsrc%5Etfw\">June 4, 2025<\/a><\/p><\/blockquote>\n<\/div>\n<div id=\"element-body-5\">\n<p>&#8220;Nosotros hab\u00edamos hecho una &#8216;Champions&#8217; muy buena este a\u00f1o&#8221;, continu\u00f3 el t\u00e9cnico, que insisti\u00f3 en la &#8220;bronca&#8221; que supuso aquel penal invalidado al atacante argentino, que supuso la eliminaci\u00f3n del Atl\u00e9tico.<\/p>\n<\/div>\n<div id=\"element-body-6\">\n<p>&#13;<br \/>\nAdem\u00e1s, Simeone consider\u00f3 que &#8220;esta jugada quedar\u00e1 para la historia del f\u00fatbol&#8221;.<\/p>\n<\/div>\n<div id=\"element-body-7\">\n<p>&#13;<br \/>\n&#8220;A partir de \u00e9sta, como siempre pasa, cambiar\u00e1n la regla (La International Board -IFAB- ya anunci\u00f3 el martes que, desde ahora, se repetir\u00e1 el lanzamiento en una situaci\u00f3n igual a la que ocurri\u00f3 con Juli\u00e1n Alvarez)&#8221;, apunt\u00f3 el t\u00e9cnico, en una entrevista grabada antes de esa decisi\u00f3n de la IFAB. <\/p>\n<\/div>\n<div id=\"element-body-8\">\n<div class=\"sc-c2c2a3c6-1 kQhBlc videoText videoText\">\n<h2>Video<\/h2>\n<p>El penal de Juli\u00e1n \u00c1lvarez al Real Madrid: la UEFA comparti\u00f3 un video para aclarar la pol\u00e9mica<\/p>\n<\/div>\n<\/div>\n<div id=\"element-body-9\">\n<p>&#8220;Me acuerdo del gol de (Sergio) Ramos en la &#8216;Champions&#8217; (en la final de la temporada 2015-16 en el estadio de San Siro, con 0-0 en el marcador; el partido acab\u00f3 luego 1-1 y se decidi\u00f3 en los penales)&#8221;, cont\u00f3 el t\u00e9cnico.<\/p>\n<\/div>\n<div id=\"element-body-10\">\n<p>&#8220;Yo estaba al lado del juez de l\u00ednea, estaba viendo igual que \u00e9l y yo vi que era fuera de juego, \u00e9l vio que no era, pero se ve\u00eda claramente que era fuera de juego. Despu\u00e9s de diez u ocho a\u00f1os, el \u00e1rbitro dijo &#8216;nos equivocamos, fue &#8216;offside'&#8221;, pero los momentos no vuelven y este momento no va a volver. Queda como un ultraje, directamente&#8221;, concluy\u00f3 en el v\u00eddeo difundido por DAZN. <\/p>\n<\/div>\n<p><script async src=\"\/\/platform.twitter.com\/widgets.js\" charset=\"utf-8\"><\/script><br \/>\n<br \/><br \/>\n<br \/><a href=\"https:\/\/www.clarin.com\/deportes\/diego-simeone-herida-abierta-penal-julian-alvarez-real-madrid-obligo-cambiar-regla-sentimos-ultrajados_0_ifURWiDpLj.html\">Fuente Clarin.com <\/a><\/p>\n","protected":false},"excerpt":{"rendered":"<p>Diego Simeone, entrenador del Atl\u00e9tico de Madrid, record\u00f3 que \u00e9l y su equipo se sintieron &#8220;ultrajados y violentados&#8221; por el penal decisivo invalidado de Juli\u00e1n Alvarez en los octavos de final de la Champions League contra el Real Madrid, ya que &#8220;no se entiende ni se entender\u00e1&#8221; por qu\u00e9 se tom\u00f3 esa decisi\u00f3n en &#8220;una [&hellip;]<\/p>\n","protected":false},"author":1,"featured_media":30859,"comment_status":"open","ping_status":"open","sticky":false,"template":"","format":"standard","meta":{"footnotes":""},"categories":[2],"tags":[3213,2241,1150,880,5314,2240,102,1248,1897,298,142,101,1659,20207,1373,20208,73],"class_list":["post-30858","post","type-post","status-publish","format-standard","has-post-thumbnail","hentry","category-ultimas-noticias","tag-abierta","tag-alvarez","tag-cambiar","tag-diego","tag-herida","tag-julian","tag-madrid","tag-nos","tag-obligo","tag-penal","tag-por","tag-real","tag-regla","tag-sentimos","tag-simeone","tag-ultrajados","tag-una"],"_links":{"self":[{"href":"https:\/\/13.com.ar\/index.php\/wp-json\/wp\/v2\/posts\/30858","targetHints":{"allow":["GET"]}}],"collection":[{"href":"https:\/\/13.com.ar\/index.php\/wp-json\/wp\/v2\/posts"}],"about":[{"href":"https:\/\/13.com.ar\/index.php\/wp-json\/wp\/v2\/types\/post"}],"author":[{"embeddable":true,"href":"https:\/\/13.com.ar\/index.php\/wp-json\/wp\/v2\/users\/1"}],"replies":[{"embeddable":true,"href":"https:\/\/13.com.ar\/index.php\/wp-json\/wp\/v2\/comments?post=30858"}],"version-history":[{"count":0,"href":"https:\/\/13.com.ar\/index.php\/wp-json\/wp\/v2\/posts\/30858\/revisions"}],"wp:featuredmedia":[{"embeddable":true,"href":"https:\/\/13.com.ar\/index.php\/wp-json\/wp\/v2\/media\/30859"}],"wp:attachment":[{"href":"https:\/\/13.com.ar\/index.php\/wp-json\/wp\/v2\/media?parent=30858"}],"wp:term":[{"taxonomy":"category","embeddable":true,"href":"https:\/\/13.com.ar\/index.php\/wp-json\/wp\/v2\/categories?post=30858"},{"taxonomy":"post_tag","embeddable":true,"href":"https:\/\/13.com.ar\/index.php\/wp-json\/wp\/v2\/tags?post=30858"}],"curies":[{"name":"wp","href":"https:\/\/api.w.org\/{rel}","templated":true}]}}