{"id":30856,"date":"2025-06-04T12:01:31","date_gmt":"2025-06-04T15:01:31","guid":{"rendered":"https:\/\/13.com.ar\/index.php\/silencio-de-radio-en-la-ucr-bonaerense-afirman-que-el-pro-no-los-llamo-y-avisan-que-no-habra-acuerdos-por-seccion-electoral\/"},"modified":"2025-06-04T12:01:31","modified_gmt":"2025-06-04T15:01:31","slug":"silencio-de-radio-en-la-ucr-bonaerense-afirman-que-el-pro-no-los-llamo-y-avisan-que-no-habra-acuerdos-por-seccion-electoral","status":"publish","type":"post","link":"https:\/\/13.com.ar\/index.php\/silencio-de-radio-en-la-ucr-bonaerense-afirman-que-el-pro-no-los-llamo-y-avisan-que-no-habra-acuerdos-por-seccion-electoral\/","title":{"rendered":"&#8220;Silencio de radio&#8221;, en la UCR bonaerense afirman que el PRO no los llam\u00f3 y avisan que no habr\u00e1 acuerdos por secci\u00f3n electoral"},"content":{"rendered":"<p> <br \/>\n<\/p>\n<div id=\"cuerpo\">\n<div class=\"sc-45461e9c-0 eqiBeF container-text text-embed \" id=\"element-body-0\">\n<p>Aferrados a la ley electoral y sentados sobre 27 de los 135 municipios de la provincia de Buenos Aires, en la<strong> Uni\u00f3n C\u00edvica Radical (UCR)<\/strong> bonaerense lanzan una advertencia que suena dirigida al <strong>PRO<\/strong>: &#8220;<strong>No habr\u00e1 acuerdos seccionales<\/strong>&#8220;.<\/p>\n<\/div>\n<div class=\"sc-45461e9c-0 eqiBeF container-text text-embed \" id=\"element-body-1\">\n<p>El ex presidente <strong>Mauricio Macri<\/strong> dio el visto bueno para un acuerdo de su partido con <strong>La Libertad Avanza<\/strong>, con<strong> Cristian Ritondo<\/strong> como delegado negociador, pero parecen haberse olvidado de sus viejos socios de la \u00faltima d\u00e9cada en Juntos por el Cambio , los radicales.<\/p>\n<\/div>\n<div class=\"sc-45461e9c-0 eqiBeF container-text text-embed \" id=\"element-body-2\">\n<p>El hist\u00f3rico partido rojo y blanco gobierna 27 municipios, un poder territorial fuerte para una elecci\u00f3n donde puede que pesen m\u00e1s los municipios que las secciones electorales, m\u00e1s all\u00e1 de la atenci\u00f3n en la Tercera, por la participaci\u00f3n de <strong>Cristina Kirchner<\/strong> como candidata a diputada provincial.<\/p>\n<\/div>\n<div class=\"sc-45461e9c-0 eqiBeF container-text text-embed \" id=\"element-body-3\">\n<p>Con ese poder territorial, en el Comit\u00e9 y la Comisi\u00f3n de Contingencia y el comit\u00e9 de la UCR bonaerense -la elecci\u00f3n de autoridades fue judicializada-, avanzaron a hacer reuniones para definir la pol\u00edtica de alianzas de cara al 9 de julio, d\u00eda en el que habr\u00e1 que inscribir las agrupaciones que competir\u00e1n en la elecci\u00f3n del 7 de septiembre.<\/p>\n<\/div>\n<div class=\"sc-45461e9c-0 eqiBeF container-text text-embed \" id=\"element-body-4\">\n<p>Tanto de la reuni\u00f3n con los jefes comunales como con la juventud radical, prim\u00f3 mantener una alianza con el PRO, con los que cierran listas hace diez a\u00f1os, pero la mayor\u00eda no quiere cerrar con La Libertad Avanza. <\/p>\n<\/div>\n<div class=\"sc-98b114a2-0 bkqiHH image-embed  image-embed \" id=\"element-body-5\"><picture class=\"sc-98b114a2-1 jRUlDm\"><source media=\"(min-width: 975px)\" width=\"720\" height=\"480\" \/><img alt=\"Miguel Fern\u00e1ndez, presidente del Comit\u00e9 de Contingencia de la Uni\u00f3n C\u00edvica Radical bonaerense. Foto: Prensa UCR\" loading=\"lazy\" width=\"720\" height=\"480\" decoding=\"async\" data-nimg=\"1\" style=\"color:transparent\" src=\"https:\/\/13.com.ar\/wp-content\/uploads\/2025\/06\/Silencio-de-radio-en-la-UCR-bonaerense-afirman-que-el.jpg\"\/><span class=\"epigraphe\">Miguel Fern\u00e1ndez, presidente del Comit\u00e9 de Contingencia de la Uni\u00f3n C\u00edvica Radical bonaerense. Foto: Prensa UCR<\/span><span class=\"picture-open\"><button class=\"open-image\" aria-label=\"Open Image\"\/><\/span><\/picture><\/div>\n<div class=\"sc-45461e9c-0 eqiBeF container-text text-embed \" id=\"element-body-6\">\n<p>Sin embargo, parece un amor no correspondido. &#8220;Para cualquier marco de alianzas tiene que haber un proceso de consultas y alg\u00fan tipo de di\u00e1logo&#8221;, asegur\u00f3 Miguel Fern\u00e1ndez, presidente del Comit\u00e9 de Contingencia -y virtual presidente de la UCR bonaerense-, en di\u00e1logo con <em>Radio Con Vos<\/em>.<\/p>\n<\/div>\n<div class=\"sc-45461e9c-0 eqiBeF container-text text-embed \" id=\"element-body-7\">\n<p>&#8220;Es imposible acordar con alguien que no hay di\u00e1logo, donde no te dicen: <em>&#8216;Hola, \u00bfqu\u00e9 tal?&#8217;<\/em>. Los di\u00e1logos se producen donde hay m\u00e1s afinidad. El PRO sigue avanzando en su intento de acordar con LLA, por ahora son intentos, porque lo que habl\u00e9 con intendentes del PRO no conocen en detalle la letra chica de ese acuerdo, por ahora hay m\u00e1s incertidumbre que certeza ah\u00ed&#8221;, destac\u00f3 Fern\u00e1ndez.<\/p>\n<\/div>\n<div class=\"sc-45461e9c-0 eqiBeF container-text text-embed \" id=\"element-body-8\">\n<p>Y por si no quedaba claro el mensaje al PRO, Fern\u00e1ndez remarc\u00f3: &#8220;Hasta ahora el radicalismo no ha sido convocado, llamado ni contactado por nadie de La Libertad Avanza, ni siquiera por el tampoco por el PRO. Para nosotros, silencio de radio&#8221;.<\/p>\n<\/div>\n<div class=\"sc-106e49c0-0 dcVumd freeHtml-embed undefined\" id=\"element-body-9\">\n<blockquote class=\"twitter-tweet\">\n<p lang=\"es\" dir=\"ltr\">En un contexto desafiante y con tiempos acotados, se impulsa un proceso de participaci\u00f3n a trav\u00e9s de reuniones seccionales presenciales o virtuales para recoger propuestas, escuchar y construir consensos que nos orienten hacia las pr\u00f3ximas elecciones legislativas. <a rel=\"nofollow\" target=\"_blank\" href=\"https:\/\/t.co\/WTm6kMCHzI\">pic.twitter.com\/WTm6kMCHzI<\/a><\/p>\n<p>\u2014 UCR Buenos Aires (@UCRBuenosAires) <a rel=\"nofollow\" target=\"_blank\" href=\"https:\/\/twitter.com\/UCRBuenosAires\/status\/1930002614403670292?ref_src=twsrc%5Etfw\">June 3, 2025<\/a><\/p><\/blockquote>\n<\/div>\n<div class=\"sc-45461e9c-0 eqiBeF container-text text-embed \" id=\"element-body-10\">\n<p>Consultado sobre la posibilidad de acuerdos por Secci\u00f3n, Fern\u00e1ndez fue claro: &#8220;<strong>Las alianzas son provinciales, no hay alianzas seccionales<\/strong>. La alianza que se lleve adelante tiene que tener alcance provincial, abarca los dos niveles de competencia, el seccional y el local, no es viable para la legislaci\u00f3n actual&#8221;.<\/p>\n<\/div>\n<div class=\"sc-45461e9c-0 eqiBeF container-text text-embed \" id=\"element-body-11\">\n<p>Fern\u00e1ndez tambi\u00e9n dio su opini\u00f3n sobre un acuerdo macro con el PRO y LLA, y despu\u00e9s definir por distrito y secci\u00f3n: &#8220;Lo veo complicado&#8221;.<\/p>\n<\/div>\n<div class=\"sc-45461e9c-0 eqiBeF container-text text-embed \" id=\"element-body-12\">\n<p>En la UCR bonaerense continuar\u00e1n con las reuniones para definirse de cara al 9 de julio, aunque prefieren ir en coalici\u00f3n, no est\u00e1 descartada la opci\u00f3n de la lista 3 pura, presentar el sello UCR en las elecciones.<\/p>\n<\/div>\n<div class=\"sc-45461e9c-0 eqiBeF container-text text-embed \" id=\"element-body-13\">\n<p>&#8220;Empezamos con un proceso muy t\u00edpicamente radical, de consulta con las bases del partido en 135 comit\u00e9s de distritos, con presidentes. Adem\u00e1s de la mirada de los presidentes de comit\u00e9s, est\u00e1 la mirada de los intendentes, que son nuestra bandera. La opini\u00f3n mayoritaria de los intendentes fue la de encontrar una alternativa a los dos extremos: La Libertad Avanza y el kirchnerismo&#8221;, sostuvo Fern\u00e1ndez.<\/p>\n<\/div>\n<p><h2>Los municipios radicales y los mandatos que se vencen<\/h2>\n<\/p>\n<div class=\"sc-45461e9c-0 eqiBeF container-text text-embed \" id=\"element-body-15\">\n<p>Los radicales gobiernan Rojas en la Segunda Secci\u00f3n; Magdalena en la Tercera; Lincoln, General Viamonte, Florentino Ameghino, Trenque Lauquen y General Arenales, en la Cuarta.<\/p>\n<\/div>\n<div class=\"sc-45461e9c-0 eqiBeF container-text text-embed \" id=\"element-body-16\">\n<p>Son muy fuertes en la Quinta Secci\u00f3n, tienen 12 de los 27 municipios: Ayacucho, Balcarce, General Belgrano, General Lavalle, Lezama, Lober\u00eda, General Madariaga, Maip\u00fa, Monte, Rauch, San Cayetano y Tandil. La Quinta Secci\u00f3n representa casi el 10% del electorado bonaerense.<\/p>\n<\/div>\n<div class=\"sc-45461e9c-0 eqiBeF container-text text-embed \" id=\"element-body-17\">\n<p>Tambi\u00e9n administran Adolfo Gonzales Chaves, General Dorrego, General La Madrid, Pellegrini, Tres Lomas y Adolfo Alsina en la Sexta; y General Alvear y Saladillo, en la S\u00e9ptima, la m\u00e1s chica de las secciones electorales.<\/p>\n<\/div>\n<p><iframe title=\"Secciones Electorales Provincia de Buenos Aires\" aria-label=\"Mapa\" id=\"datawrapper-chart-mYORh\" src=\"https:\/\/datawrapper.dwcdn.net\/mYORh\/1\/\" scrolling=\"no\" frameborder=\"0\" style=\"width: 0; min-width: 100% !important; border: none;\" height=\"777\" data-external=\"1\"><\/iframe><\/p>\n<div class=\"sc-45461e9c-0 eqiBeF container-text text-embed \" id=\"element-body-19\">\n<p>En diciembre se les termina el mandato a cinco senadores radicales (Luis Celillo, Flavia Delmonte, Eugenia Gil, Ariel Mart\u00ednez Bordaisco, y Agust\u00edn M\u00e1spoli); y a nueve diputados (Viviana Dirolli, Pablo Domenichini, Claudio Fragul, Nazarena Mesias, Julio Pasqualin, Emiliano Balbin, Anah\u00ed Bilbao, Mar\u00eda Bel\u00e9n Malaisi y Claudio Alberto Rossi), de distintas secciones.<\/p>\n<\/div>\n<div class=\"sc-45461e9c-0 eqiBeF container-text text-embed \" id=\"element-body-20\">\n<p>El 7 de septiembre los bonaerenses deber\u00e1n elegir a 23 senadores provinciales, 46 diputados provinciales; y 1097 concejales en los 135 municipios, y 401 de consejeros escolares.<\/p>\n<\/div>\n<\/div>\n<p><script async src=\"\/\/platform.twitter.com\/widgets.js\" charset=\"utf-8\"><\/script><br \/>\n<br \/><br \/>\n<br \/><a href=\"https:\/\/www.clarin.com\/politica\/silencio-radio-ucr-bonaerense-afirman-pro-llamo-avisan-acuerdos-seccion-electoral_0_GumIOyY0zb.html\">Fuente Clarin.com <\/a><\/p>\n","protected":false},"excerpt":{"rendered":"<p>Aferrados a la ley electoral y sentados sobre 27 de los 135 municipios de la provincia de Buenos Aires, en la Uni\u00f3n C\u00edvica Radical (UCR) bonaerense lanzan una advertencia que suena dirigida al PRO: &#8220;No habr\u00e1 acuerdos seccionales&#8220;. El ex presidente Mauricio Macri dio el visto bueno para un acuerdo de su partido con La [&hellip;]<\/p>\n","protected":false},"author":1,"featured_media":30857,"comment_status":"open","ping_status":"open","sticky":false,"template":"","format":"standard","meta":{"footnotes":""},"categories":[2],"tags":[8560,8462,13798,375,5073,2086,4999,28,142,1111,4307,9506,501,2752],"class_list":["post-30856","post","type-post","status-publish","format-standard","has-post-thumbnail","hentry","category-ultimas-noticias","tag-acuerdos","tag-afirman","tag-avisan","tag-bonaerense","tag-electoral","tag-habra","tag-llamo","tag-los","tag-por","tag-pro","tag-radio","tag-seccion","tag-silencio","tag-ucr"],"_links":{"self":[{"href":"https:\/\/13.com.ar\/index.php\/wp-json\/wp\/v2\/posts\/30856","targetHints":{"allow":["GET"]}}],"collection":[{"href":"https:\/\/13.com.ar\/index.php\/wp-json\/wp\/v2\/posts"}],"about":[{"href":"https:\/\/13.com.ar\/index.php\/wp-json\/wp\/v2\/types\/post"}],"author":[{"embeddable":true,"href":"https:\/\/13.com.ar\/index.php\/wp-json\/wp\/v2\/users\/1"}],"replies":[{"embeddable":true,"href":"https:\/\/13.com.ar\/index.php\/wp-json\/wp\/v2\/comments?post=30856"}],"version-history":[{"count":0,"href":"https:\/\/13.com.ar\/index.php\/wp-json\/wp\/v2\/posts\/30856\/revisions"}],"wp:featuredmedia":[{"embeddable":true,"href":"https:\/\/13.com.ar\/index.php\/wp-json\/wp\/v2\/media\/30857"}],"wp:attachment":[{"href":"https:\/\/13.com.ar\/index.php\/wp-json\/wp\/v2\/media?parent=30856"}],"wp:term":[{"taxonomy":"category","embeddable":true,"href":"https:\/\/13.com.ar\/index.php\/wp-json\/wp\/v2\/categories?post=30856"},{"taxonomy":"post_tag","embeddable":true,"href":"https:\/\/13.com.ar\/index.php\/wp-json\/wp\/v2\/tags?post=30856"}],"curies":[{"name":"wp","href":"https:\/\/api.w.org\/{rel}","templated":true}]}}