{"id":30854,"date":"2025-06-04T11:58:33","date_gmt":"2025-06-04T14:58:33","guid":{"rendered":"https:\/\/13.com.ar\/index.php\/confirman-su-renuncia-obligatoria-como-concejal\/"},"modified":"2025-06-04T11:58:33","modified_gmt":"2025-06-04T14:58:33","slug":"confirman-su-renuncia-obligatoria-como-concejal","status":"publish","type":"post","link":"https:\/\/13.com.ar\/index.php\/confirman-su-renuncia-obligatoria-como-concejal\/","title":{"rendered":"confirman su renuncia obligatoria como concejal"},"content":{"rendered":"<p> <br \/>\n<br \/><img decoding=\"async\" src=\"https:\/\/13.com.ar\/wp-content\/uploads\/2025\/06\/confirman-su-renuncia-obligatoria-como-concejal.jpg\" \/><\/p>\n<div id=\"element-body-0\">\n<p>La elegibilidad presidencial de Marine Le Pen, la candidata de Reagrupaci\u00f3n Nacional o ex Frente Nacional, <strong>est\u00e1 bajo cuestionamiento en la justicia francesa. <\/strong><\/p>\n<\/div>\n<div id=\"element-body-1\">\n<p>El primer paso tras ser condenada por <strong>la contrataci\u00f3n de empleados <\/strong>de su partido pagados con fondos del estado en el Parlamento Europeo<strong> ya tiene secuelas<\/strong> en su carrera pol\u00edtica y <strong>amenaza su candidatura presidencial<\/strong> para el 2027.<\/p>\n<\/div>\n<div id=\"element-body-2\">\n<p>El Tribunal Administrativo de Lille confirm\u00f3 este mi\u00e9rcoles la dimisi\u00f3n de Marine Le Pen a <strong>su cargo de consejera Departamental de Paso de Calais<\/strong>. <\/p>\n<\/div>\n<div id=\"element-body-3\">\n<p>A trav\u00e9s de su abogado, Le Pen anunci\u00f3 que recurrir\u00eda esta decisi\u00f3n ante el Consejo de Estado, el m\u00e1ximo tribunal administrativo de Francia. Seg\u00fan la jurisprudencia, <strong>conserva su mandato como diputada<\/strong> por Paso de Calais.<\/p>\n<\/div>\n<div id=\"element-body-4\">\n<p>En una sentencia dictada este mi\u00e9rcoles, el Tribunal Administrativo de Lille confirm\u00f3<strong> la dimisi\u00f3n obligatoria<\/strong> de Marine Le Pen de su cargo de consejera.<\/p>\n<\/div>\n<div id=\"element-body-5\">\n<p>El 10 de abril, el Prefecto de Paso de Calais<strong> hab\u00eda declarado la dimisi\u00f3n de Marine Le Pen de<\/strong> su cargo de consejera Departamental.<\/p>\n<\/div>\n<div id=\"element-body-7\">\n<p>Esta decisi\u00f3n se produjo tras la sentencia, dictada por el Tribunal Penal de Par\u00eds el 31 de marzo de 2025, que la priv\u00f3 de su derecho a presentarse a las elecciones durante cinco a\u00f1os, con ejecuci\u00f3n provisional de la sentencia.<strong> Ella apel\u00f3 tambi\u00e9n esta decisi\u00f3n.<\/strong><\/p>\n<\/div>\n<div id=\"element-body-9\">\n<p>&#8220;Sobre el fondo de la controversia, el tribunal dictamin\u00f3 que las disposiciones legislativas del C\u00f3digo Electoral aplicables a los consejeros departamentales exigen que <strong>el prefecto declare autom\u00e1ticamente la dimisi\u00f3n <\/strong>del cargo electo departamental declarado inelegible por el tribunal penal, mediante sentencia acompa\u00f1ada de ejecuci\u00f3n provisional. Por consiguiente, el tribunal administrativo desestim\u00f3 la solicitud&#8221;, explic\u00f3 el tribunal en un comunicado de prensa.<\/p>\n<\/div>\n<div id=\"element-body-11\">\n<p>Marine Le Pen anunci\u00f3, a trav\u00e9s de su abogado, Thomas Laval, que apelar\u00e1 esta decisi\u00f3n ante el Consejo de Estado.<\/p>\n<\/div>\n<div id=\"element-body-12\">\n<p>La l\u00edder de los diputados de Agrupaci\u00f3n Nacional en la Asamblea Nacional, condenada a finales de marzo a una inelegibilidad inmediata de cinco a\u00f1os en el caso de los asistentes parlamentarios de su partido, conserva su mandato como diputada por Paso de Calais, seg\u00fan la jurisprudencia, pero fue destituida de su cargo como concejala departamental en abril.<\/p>\n<\/div>\n<div id=\"element-body-13\">\n<p>La principal cr\u00edtica a la defensa de la excandidata presidencial en las elecciones de 2012, 2017 y 2022 se refiere a la negativa de los jueces administrativos a plantear una cuesti\u00f3n prioritaria de constitucionalidad.<\/p>\n<\/div>\n<div id=\"element-body-14\">\n<p>&#8220;Esta denegaci\u00f3n tambi\u00e9n resulta muy perjudicial, dado que el mecanismo de renuncia autom\u00e1tica a un cargo local, tras la condena de inelegibilidad con ejecuci\u00f3n provisional impuesta a la Sra. Le Pen,<strong> viola varios derechos y libertades garantizados por la Constituci\u00f3n<\/strong>, en un contexto en el que la condena penal no es firme y la Sra. Le Pen impugna en\u00e9rgicamente su culpabilidad&#8221;, declar\u00f3 su abogado.<\/p>\n<\/div>\n<div id=\"element-body-16\">\n<p>El recurso de apelaci\u00f3n de Marine Le Pen ante el Consejo de Estado<strong> tiene efecto suspensivo<\/strong>. Esto significa que la exdiputada por Paso de Calais<strong> podr\u00e1 seguir ejerciendo como consejera <\/strong>departamental del cant\u00f3n de H\u00e9nin-Beaumont 2. Fue elegida junto a Steeve Briois<strong> en las elecciones de 2021.<\/strong><\/p>\n<\/div>\n<div id=\"element-body-17\">\n<p>Marine Le Pen fue condenada a cuatro a\u00f1os de prisi\u00f3n, dos de ellos en suspenso, y a una pena de inhabilitaci\u00f3n por &#8220;malversaci\u00f3n de fondos p\u00fablicos&#8221; en el caso de los asistentes de los eurodiputados del Frente Nacional.<\/p>\n<\/div>\n<div id=\"element-body-18\">\n<p>El Tribunal Penal de Par\u00eds la consider\u00f3 &#8220;el n\u00facleo&#8221; del sistema establecido para pagar a los empleados del partido con fondos del Parlamento Europeo entre 2004 y 2016. El importe total de la malversaci\u00f3n asciende a 4,4 millones de euros.<\/p>\n<\/div>\n<div id=\"element-body-19\">\n<p><strong>La vista de apelaci\u00f3n est\u00e1 prevista para los pr\u00f3ximos meses. <\/strong>El fallo debe emitirse<strong> antes del verano de 2026<\/strong>, seg\u00fan ha indicado ya el Tribunal de Apelaci\u00f3n de Par\u00eds. Esto podr\u00eda darle o no tiempo para preparar su candidatura presidencial.<\/p>\n<\/div>\n<p><br \/>\n<br \/><a href=\"https:\/\/www.clarin.com\/mundo\/reves-candidatura-presidencial-marine-pen-confirman-renuncia-obligatoria-concejal_0_eKQMtKZDwg.html\">Fuente Clarin.com <\/a><\/p>\n","protected":false},"excerpt":{"rendered":"<p>La elegibilidad presidencial de Marine Le Pen, la candidata de Reagrupaci\u00f3n Nacional o ex Frente Nacional, est\u00e1 bajo cuestionamiento en la justicia francesa. El primer paso tras ser condenada por la contrataci\u00f3n de empleados de su partido pagados con fondos del estado en el Parlamento Europeo ya tiene secuelas en su carrera pol\u00edtica y amenaza [&hellip;]<\/p>\n","protected":false},"author":1,"featured_media":30855,"comment_status":"open","ping_status":"open","sticky":false,"template":"","format":"standard","meta":{"footnotes":""},"categories":[2],"tags":[66,1805,1901,18708,5534],"class_list":["post-30854","post","type-post","status-publish","format-standard","has-post-thumbnail","hentry","category-ultimas-noticias","tag-como","tag-concejal","tag-confirman","tag-obligatoria","tag-renuncia"],"_links":{"self":[{"href":"https:\/\/13.com.ar\/index.php\/wp-json\/wp\/v2\/posts\/30854","targetHints":{"allow":["GET"]}}],"collection":[{"href":"https:\/\/13.com.ar\/index.php\/wp-json\/wp\/v2\/posts"}],"about":[{"href":"https:\/\/13.com.ar\/index.php\/wp-json\/wp\/v2\/types\/post"}],"author":[{"embeddable":true,"href":"https:\/\/13.com.ar\/index.php\/wp-json\/wp\/v2\/users\/1"}],"replies":[{"embeddable":true,"href":"https:\/\/13.com.ar\/index.php\/wp-json\/wp\/v2\/comments?post=30854"}],"version-history":[{"count":0,"href":"https:\/\/13.com.ar\/index.php\/wp-json\/wp\/v2\/posts\/30854\/revisions"}],"wp:featuredmedia":[{"embeddable":true,"href":"https:\/\/13.com.ar\/index.php\/wp-json\/wp\/v2\/media\/30855"}],"wp:attachment":[{"href":"https:\/\/13.com.ar\/index.php\/wp-json\/wp\/v2\/media?parent=30854"}],"wp:term":[{"taxonomy":"category","embeddable":true,"href":"https:\/\/13.com.ar\/index.php\/wp-json\/wp\/v2\/categories?post=30854"},{"taxonomy":"post_tag","embeddable":true,"href":"https:\/\/13.com.ar\/index.php\/wp-json\/wp\/v2\/tags?post=30854"}],"curies":[{"name":"wp","href":"https:\/\/api.w.org\/{rel}","templated":true}]}}