{"id":30841,"date":"2025-06-04T11:37:33","date_gmt":"2025-06-04T14:37:33","guid":{"rendered":"https:\/\/13.com.ar\/index.php\/de-suicidio-tenemos-que-hablar\/"},"modified":"2025-06-04T11:37:33","modified_gmt":"2025-06-04T14:37:33","slug":"de-suicidio-tenemos-que-hablar","status":"publish","type":"post","link":"https:\/\/13.com.ar\/index.php\/de-suicidio-tenemos-que-hablar\/","title":{"rendered":"De suicidio\u2026 tenemos que hablar"},"content":{"rendered":"<p> <br \/>\n<br \/><img decoding=\"async\" src=\"https:\/\/13.com.ar\/wp-content\/uploads\/2025\/06\/De-suicidio\u2026-tenemos-que-hablar.jpg\" \/><\/p>\n<div id=\"element-body-0\">\n<p>En Argentina, cada 20 horas se suicida un adolescente.<\/p>\n<\/div>\n<div id=\"element-body-1\">\n<p>S\u00ed. As\u00ed de crudo.<strong> As\u00ed de cruel. As\u00ed de doloroso.<\/strong><\/p>\n<\/div>\n<div id=\"element-body-2\">\n<p>Ese n\u00famero es imposible de digerir. Porque detr\u00e1s de cada estad\u00edstica hay una familia, un grupo de amigos, un aula de una escuela, o hasta un barrio que queda roto por la p\u00e9rdida de un <strong>chico que enfrent\u00f3 un dolor gigante<\/strong> que, en muchos casos, entre todos podr\u00edamos haber evitado.<\/p>\n<\/div>\n<div id=\"element-body-3\">\n<p>Vivimos en un mundo vertiginoso e hiperconectado. Y para los adolescentes, esto significa estar bajo una presi\u00f3n constante.<\/p>\n<\/div>\n<div id=\"element-body-4\">\n<p>Antes, por ejemplo, el <em>bullying <\/em>terminaba cuando uno sal\u00eda del aula; ahora sigue todo el d\u00eda, en el celular, en las redes, en los grupos de WhatsApp. Las comparaciones son permanentes: qui\u00e9n tiene m\u00e1s seguidores, qui\u00e9n recibe m\u00e1s \u201clikes\u201d, qui\u00e9n encaja y qui\u00e9n queda afuera. A eso se suma la <strong>ansiedad que trae la tecnolog\u00eda<\/strong>, como la necesidad de estar siempre disponibles, responder r\u00e1pido, mostrar la mejor versi\u00f3n de uno mismo. Y no podemos dejar de lado tampoco los efectos que el encierro y la pandemia tuvieron en los chicos: miedo, encierro, soledad, p\u00e9rdida de rutinas.<\/p>\n<\/div>\n<div id=\"element-body-5\">\n<p>Estos no son solo comentarios sueltos. La Organizaci\u00f3n Mundial de la Salud (OMS) nos advierte que el <strong>suicidio es la tercera causa de muerte entre j\u00f3venes de 15 a 29 a\u00f1os<\/strong> en todo el mundo. UNICEF Argentina se\u00f1ala que, en nuestro pa\u00eds, los suicidios en adolescentes se triplicaron en los \u00faltimos 30 a\u00f1os y ya son la segunda causa de muerte en chicos de entre 10 y 19 a\u00f1os. Y por cada adolescente que se quita la vida, entre 20 y 40 intentan hacerlo. Es una verdadera emergencia silenciosa.<\/p>\n<\/div>\n<div id=\"element-body-6\">\n<p>El primer paso para enfrentarla es <strong>dejar de callar.<\/strong> Necesitamos hablar de esto. Necesitamos hablarlo entre todos. El Estado, las escuelas, las familias, los chicos mismos. Porque no sirve esconder la cabeza ni minimizar lo que sienten los adolescentes.<\/p>\n<\/div>\n<div id=\"element-body-7\">\n<p><strong>Ellos no est\u00e1n \u201cllamando la atenci\u00f3n\u201d. Ellos est\u00e1n pidiendo ayuda.<\/strong><\/p>\n<\/div>\n<div id=\"element-body-8\">\n<p>Como legislador, me importa mucho que las escuelas sean parte de la soluci\u00f3n. Por eso impuls\u00e9 la Ley de Bienestar Integral Escolar en la Ciudad de Buenos Aires, que logramos aprobar a finales del a\u00f1o pasado para que la salud mental empiece a ocupar un lugar central en las aulas.<\/p>\n<\/div>\n<div id=\"element-body-9\">\n<p>\u00bfQu\u00e9 significa esto? Que los chicos tengan espacios donde trabajar sus emociones, desarrollar empat\u00eda, construir v\u00ednculos sanos, reconocer cu\u00e1ndo necesitan ayuda y cu\u00e1ndo alguien a su alrededor la necesita.<\/p>\n<\/div>\n<div id=\"element-body-10\">\n<p>Queremos que las escuelas sean lugares seguros, donde no solo se ense\u00f1e matem\u00e1tica y lengua, sino tambi\u00e9n c\u00f3mo convivir, c\u00f3mo enfrentar los miedos, c\u00f3mo fortalecerse emocionalmente.<\/p>\n<\/div>\n<div id=\"element-body-11\">\n<p>Nadie pierde de vista que lo disciplinar es fundamental en la escuela, pero no es una cosa, o la otra.<\/p>\n<\/div>\n<div id=\"element-body-12\">\n<p>Pero una ley no alcanza. Necesitamos del apoyo de todos.<\/p>\n<\/div>\n<div id=\"element-body-13\">\n<p>Las familias tienen que estar atentas, escuchar, no juzgar, preguntar c\u00f3mo est\u00e1n sus hijos de verdad. Los docentes tienen que sentirse acompa\u00f1ados para detectar se\u00f1ales de alarma que nos permitan intervenir a tiempo. Y los chicos tienen que saber que pedir ayuda no es ser d\u00e9bil: es ser valiente.<\/p>\n<\/div>\n<div id=\"element-body-14\">\n<p>Por eso, si sos adolescente, est\u00e1s leyendo esto y est\u00e1s pasando por un momento dif\u00edcil, por favor, ped\u00ed ayuda.<\/p>\n<\/div>\n<div id=\"element-body-16\">\n<p>Pod\u00e9s llamar al 135 o al 0800-345-1435 desde cualquier lugar del pa\u00eds.<\/p>\n<\/div>\n<div id=\"element-body-17\">\n<p>Y si conoc\u00e9s a alguien que est\u00e1 sufriendo, no mires para otro lado: escuch\u00e1, acompa\u00f1a, busc\u00e1 apoyo.<\/p>\n<\/div>\n<div id=\"element-body-18\">\n<p>Tenemos una responsabilidad enorme. Cada vida que se pierde es un llamado de atenci\u00f3n. No dejemos que el dolor siga creciendo en silencio. Hagamos de la conversaci\u00f3n, de la empat\u00eda y de la acci\u00f3n nuestras herramientas para cuidar a nuestros chicos.<\/p>\n<\/div>\n<div id=\"element-body-19\">\n<p>La vida de los adolescentes no puede esperar.<\/p>\n<\/div>\n<p><br \/>\n<br \/><a href=\"https:\/\/www.clarin.com\/opinion\/suicidio-hablar_0_texbYStxvo.html\">Fuente Clarin.com <\/a><\/p>\n","protected":false},"excerpt":{"rendered":"<p>En Argentina, cada 20 horas se suicida un adolescente. S\u00ed. As\u00ed de crudo. As\u00ed de cruel. As\u00ed de doloroso. Ese n\u00famero es imposible de digerir. Porque detr\u00e1s de cada estad\u00edstica hay una familia, un grupo de amigos, un aula de una escuela, o hasta un barrio que queda roto por la p\u00e9rdida de un chico [&hellip;]<\/p>\n","protected":false},"author":1,"featured_media":30842,"comment_status":"open","ping_status":"open","sticky":false,"template":"","format":"standard","meta":{"footnotes":""},"categories":[2],"tags":[76,4608,8513],"class_list":["post-30841","post","type-post","status-publish","format-standard","has-post-thumbnail","hentry","category-ultimas-noticias","tag-hablar","tag-suicidio","tag-tenemos"],"_links":{"self":[{"href":"https:\/\/13.com.ar\/index.php\/wp-json\/wp\/v2\/posts\/30841","targetHints":{"allow":["GET"]}}],"collection":[{"href":"https:\/\/13.com.ar\/index.php\/wp-json\/wp\/v2\/posts"}],"about":[{"href":"https:\/\/13.com.ar\/index.php\/wp-json\/wp\/v2\/types\/post"}],"author":[{"embeddable":true,"href":"https:\/\/13.com.ar\/index.php\/wp-json\/wp\/v2\/users\/1"}],"replies":[{"embeddable":true,"href":"https:\/\/13.com.ar\/index.php\/wp-json\/wp\/v2\/comments?post=30841"}],"version-history":[{"count":0,"href":"https:\/\/13.com.ar\/index.php\/wp-json\/wp\/v2\/posts\/30841\/revisions"}],"wp:featuredmedia":[{"embeddable":true,"href":"https:\/\/13.com.ar\/index.php\/wp-json\/wp\/v2\/media\/30842"}],"wp:attachment":[{"href":"https:\/\/13.com.ar\/index.php\/wp-json\/wp\/v2\/media?parent=30841"}],"wp:term":[{"taxonomy":"category","embeddable":true,"href":"https:\/\/13.com.ar\/index.php\/wp-json\/wp\/v2\/categories?post=30841"},{"taxonomy":"post_tag","embeddable":true,"href":"https:\/\/13.com.ar\/index.php\/wp-json\/wp\/v2\/tags?post=30841"}],"curies":[{"name":"wp","href":"https:\/\/api.w.org\/{rel}","templated":true}]}}