{"id":30836,"date":"2025-06-04T10:52:34","date_gmt":"2025-06-04T13:52:34","guid":{"rendered":"https:\/\/13.com.ar\/index.php\/el-padre-de-matias-bottoni-reclama-que-el-joven-nadador-accidentado-no-recibe-el-cuidado-necesario-y-piensa-trasladarlo-es-inaceptable\/"},"modified":"2025-06-04T10:52:34","modified_gmt":"2025-06-04T13:52:34","slug":"el-padre-de-matias-bottoni-reclama-que-el-joven-nadador-accidentado-no-recibe-el-cuidado-necesario-y-piensa-trasladarlo-es-inaceptable","status":"publish","type":"post","link":"https:\/\/13.com.ar\/index.php\/el-padre-de-matias-bottoni-reclama-que-el-joven-nadador-accidentado-no-recibe-el-cuidado-necesario-y-piensa-trasladarlo-es-inaceptable\/","title":{"rendered":"El padre de Mat\u00edas Bottoni reclama que el joven nadador accidentado no recibe el cuidado necesario y piensa trasladarlo: &#8220;Es inaceptable&#8221;"},"content":{"rendered":"<p> <br \/>\n<\/p>\n<div id=\"cuerpo\">\n<div class=\"sc-45461e9c-0 eqiBeF container-text text-embed \" id=\"element-body-0\">\n<p>A casi un mes del accidente que sufri\u00f3 Mat\u00edas Bottoni en el Parque Roca, donde se fractur\u00f3 la sexta v\u00e9rtebra cervical, que le dej\u00f3 secuelas motrices, el joven nadador de 17 a\u00f1os se recupera en la sede Escobar del centro de rehabilitaci\u00f3n Fleni, donde fue trasladado el 22 de mayo. Sin embargo, su familia reclama por deficiencias en la atenci\u00f3n y las condiciones edilicias del reconocido centro m\u00e9dico. &#8220;Para nosotros es una sorpresa porque nos imagin\u00e1bamos algo de \u00faltima generaci\u00f3n&#8221;, le dijo a <strong>Clar\u00edn<\/strong> el pap\u00e1 de Mati, <strong>Luciano Bottoni<\/strong>.<\/p>\n<\/div>\n<div class=\"sc-45461e9c-0 eqiBeF container-text text-embed \" id=\"element-body-1\">\n<p>Seg\u00fan su testimonio, no s\u00f3lo deben lidiar con la incertidumbre que genera el delicado cuadro que enfrenta Mat\u00edas, sino tambi\u00e9n con molestias cotidianas como <strong>ba\u00f1os inundados, comidas que consideran escasas o inapropiadas, y una odisea para conseguirle una silla de ruedas<\/strong>, que finalmente les entregaron, pero que &#8220;tiene m\u00e1s de 60 a\u00f1os de antig\u00fcedad y est\u00e1 toda rota&#8221;, de acuerdo a sus palabras.<\/p>\n<\/div>\n<div class=\"sc-45461e9c-0 eqiBeF container-text text-embed \" id=\"element-body-2\">\n<p>&#8220;Estamos atravesando otra situaci\u00f3n que la verdad me hizo revolver la panza. Pens\u00e9 que me iba a encontrar con otra cosa, totalmente distinta por el precio que te cobran. <strong>La verdad es que me desilusion\u00e9 completamente. Yo voy a pelear para que Mat\u00edas tenga lo mejor y me parece que esto no es lo mejor<\/strong>&#8220;, se quej\u00f3 su padre.<\/p>\n<\/div>\n<div class=\"sc-45461e9c-0 eqiBeF container-text text-embed \" id=\"element-body-3\">\n<p>&#8220;Por ejemplo, lo ba\u00f1an a Mat\u00ed y se inunda el ba\u00f1o. Mi se\u00f1ora se ba\u00f1\u00f3 y se inund\u00f3 tambi\u00e9n. <strong>Llamamos para secar y nadie te da pelota.<\/strong> Te responden que se inunda a veces y que el agua sale hasta el pasillo&#8221;, describi\u00f3.<\/p>\n<\/div>\n<div class=\"sc-45461e9c-0 eqiBeF container-text text-embed \" id=\"element-body-4\">\n<p>Los padres de Mat\u00edas cuentan que advirtieron algunas anomal\u00edas apenas arribaron al Fleni. Sin embargo, optaron por no apresurarse y dar un margen de tiempo para que la situaci\u00f3n se acomodara. <strong>Pero con el correr de los d\u00edas, los problemas persistieron, <\/strong>y a pesar de que presentaron sus quejas al personal m\u00e9dico y administrativo, no obtuvieron respuestas concretas ni cambios en la atenci\u00f3n.<\/p>\n<\/div>\n<div class=\"sc-98b114a2-0 bkqiHH image-embed  image-embed \" id=\"element-body-5\"><picture class=\"sc-98b114a2-1 jRUlDm\"><source media=\"(min-width: 975px)\" width=\"720\" height=\"480\" \/><img alt=\"&quot;Tienen una silla de hace 60 a\u00f1os, que est\u00e1 toda rota, los tornillos que lastiman, realmente es inaceptable&quot;, cont\u00f3 Luciano Bottoni. Foto: Familia Bottoni.\" loading=\"lazy\" width=\"720\" height=\"480\" decoding=\"async\" data-nimg=\"1\" style=\"color:transparent\" src=\"https:\/\/13.com.ar\/wp-content\/uploads\/2025\/06\/El-padre-de-Matias-Bottoni-reclama-que-el-joven-nadador.jpg\"\/><span class=\"epigraphe\">&#8220;Tienen una silla de hace 60 a\u00f1os, que est\u00e1 toda rota, los tornillos que lastiman, realmente es inaceptable&#8221;, cont\u00f3 Luciano Bottoni. Foto: Familia Bottoni.<\/span><span class=\"picture-open\"><button class=\"open-image\" aria-label=\"Open Image\"\/><\/span><\/picture><\/div>\n<div class=\"sc-45461e9c-0 eqiBeF container-text text-embed \" id=\"element-body-6\">\n<p><strong>&#8220;La silla de ruedas est\u00e1 usada, rota, el ba\u00f1o se tapa<\/strong>, se est\u00e1 pagando un mill\u00f3n y medio de pesos por d\u00eda, como que ya estoy un poco hinchado de todo esto&#8221;, se\u00f1al\u00f3 indignado el pap\u00e1 de Mat\u00edas en su charla con Clar\u00edn. Vale recordar que la familia Bottoni pudo pagar la internaci\u00f3n y el tratamiento gracias a una colecta solidaria que se arm\u00f3 para ayudarlos.<\/p>\n<\/div>\n<div class=\"sc-45461e9c-0 eqiBeF container-text text-embed \" id=\"element-body-7\">\n<p>En paralelo a estas incomodidades, una alarma. De acuerdo al relato de Luciano, Mat\u00edas estuvo varios d\u00edas con fiebre a causa de una infecci\u00f3n, de la que a\u00fan se recupera y que lo oblig\u00f3 a pausar temporalmente su rehabilitaci\u00f3n. <strong>\u201cMati se pesc\u00f3 una bacteria intrahospitalaria ac\u00e1, claramente por todo esto\u201d<\/strong>, plantea su padre, que tambi\u00e9n pone el foco en los medicamentos que est\u00e1 recibiendo.<\/p>\n<\/div>\n<div class=\"sc-98b114a2-0 bkqiHH image-embed  image-embed \" id=\"element-body-8\"><picture class=\"sc-98b114a2-1 jRUlDm\"><source media=\"(min-width: 975px)\" width=\"720\" height=\"480\" \/><img alt=\"El techo de una de las galer\u00edas del Fleni, en Escobar. Foto: Familia Bottoni.\" loading=\"lazy\" width=\"720\" height=\"480\" decoding=\"async\" data-nimg=\"1\" style=\"color:transparent\" src=\"https:\/\/13.com.ar\/wp-content\/uploads\/2025\/06\/1749045154_127_El-padre-de-Matias-Bottoni-reclama-que-el-joven-nadador.jpg\"\/><span class=\"epigraphe\">El techo de una de las galer\u00edas del Fleni, en Escobar. Foto: Familia Bottoni.<\/span><span class=\"picture-open\"><button class=\"open-image\" aria-label=\"Open Image\"\/><\/span><\/picture><\/div>\n<div class=\"sc-45461e9c-0 eqiBeF container-text text-embed \" id=\"element-body-9\">\n<p>&#8220;Los medicamentos que le dan ac\u00e1 son gen\u00e9ricos y no hacen efecto. Por ejemplo, le dieron dipirona y no le baj\u00f3 la fiebre. La dipirona se usa cuando ten\u00e9s 39 o 40 de fiebre y la desploma a la fiebre, pero ten\u00e9s que comprar una de marca&#8221;, expres\u00f3 Luciano, quien junto a su esposa son odont\u00f3logos en Rosario. Y agreg\u00f3: &#8220;Yo me traje cremas <em>Platsul<\/em>, porque ac\u00e1 dan la marca gen\u00e9rica. En mi consultorio, lo veo todo el tiempo con los antibi\u00f3ticos y no es lo mismo&#8221;.<\/p>\n<\/div>\n<div class=\"sc-45461e9c-0 eqiBeF container-text text-embed \" id=\"element-body-10\">\n<p>Frenta a esta situaci\u00f3n, la familia de Mat\u00edas est\u00e1 buscando alternativas y eval\u00faa trasladarlo a otro lugar: &#8220;No es lo que nos dijeron, <strong>voy a averiguar en otros centros de rehabilitaci\u00f3n<\/strong>&#8220;, dice Luciano.<\/p>\n<\/div>\n<div class=\"sc-98b114a2-0 bkqiHH image-embed  image-embed \" id=\"element-body-11\"><picture class=\"sc-98b114a2-1 jRUlDm\"><source media=\"(min-width: 975px)\" width=\"720\" height=\"480\" \/><img alt=\"&quot;Lo ba\u00f1an a Mat\u00ed y se inunda el ba\u00f1o&quot;, describi\u00f3 el pap\u00e1 de Mat\u00edas. Foto: Familia Bottoni.\" loading=\"lazy\" width=\"720\" height=\"480\" decoding=\"async\" data-nimg=\"1\" style=\"color:transparent\" src=\"https:\/\/13.com.ar\/wp-content\/uploads\/2025\/06\/1749045154_97_El-padre-de-Matias-Bottoni-reclama-que-el-joven-nadador.jpg\"\/><span class=\"epigraphe\">&#8220;Lo ba\u00f1an a Mat\u00ed y se inunda el ba\u00f1o&#8221;, describi\u00f3 el pap\u00e1 de Mat\u00edas. Foto: Familia Bottoni.<\/span><span class=\"picture-open\"><button class=\"open-image\" aria-label=\"Open Image\"\/><\/span><\/picture><\/div>\n<div class=\"sc-45461e9c-0 eqiBeF container-text text-embed \" id=\"element-body-12\">\n<p>&#8220;Los recursos que est\u00e1 usando Mati, como siempre lo dije, los voy a cuidar, esto no est\u00e1 a la altura de lo que est\u00e1n cobrando&#8221;, remarc\u00f3 Luciano, en relaci\u00f3n a los fondos que lograron juntar gracias a la ayuda de la gente que se conmovi\u00f3 con el accidente que sufri\u00f3 el joven nadador.<strong> &#8220;Es una l\u00e1stima, le qued\u00f3 solo el nombre de la instituci\u00f3n, parece un hospital p\u00fablico.<\/strong> M\u00e1s all\u00e1 de lo hermoso que es el predio, si en un centro de rehabilitaci\u00f3n de primer\u00edsima generaci\u00f3n ten\u00e9s una silla de hace 60 a\u00f1os, que est\u00e1 toda rota, los tornillos que lastiman, realmente es inaceptable&#8221;, concluy\u00f3.<\/p>\n<\/div>\n<p><h2>La respuesta del Fleni<\/h2>\n<\/p>\n<div class=\"sc-45461e9c-0 eqiBeF container-text text-embed \" id=\"element-body-14\">\n<p>Ante el reclamo de la familia Bottoni, <strong>Clar\u00edn <\/strong>se comunic\u00f3 con el Fleni para darle su derecho a r\u00e9plica. Desde la instituci\u00f3n, fundada en 1959 y de prestigio internacional, se mostraron abiertos al di\u00e1logo para lograr la mejor resoluci\u00f3n posible del caso, ya sea manteni\u00e9ndolo en la instituci\u00f3n o deriv\u00e1ndolo a otro centro de rehabilitaci\u00f3n.<\/p>\n<\/div>\n<div class=\"sc-45461e9c-0 eqiBeF container-text text-embed \" id=\"element-body-15\">\n<p>En un escrito firmado por su director m\u00e9dico, el doctor <strong>Claudio Pensa<\/strong>, el Fleni destac\u00f3 las instalaciones de su sede en Escobar, con m\u00e1s de 23.000 metros cuadrados cubiertos, dedicados exclusivamente al tratamiento integral de pacientes neurol\u00f3gicos, con 95 camas, 4 gimnasios especializados y dos laboratorios de tecnolog\u00eda aplicada, y el trabajo de 480 profesionales y t\u00e9cnicos que conforman un equipo interdisciplinario.<\/p>\n<\/div>\n<div class=\"sc-45461e9c-0 eqiBeF container-text text-embed \" id=\"element-body-16\">\n<p>En relaci\u00f3n a los planteos de la familia Bottoni, el Fleni hizo un punteo de cada uno de ellos, dejando en claro sobre el final su compromiso por &#8220;la calidad, la seguridad y el bienestar&#8221; de sus pacientes.<\/p>\n<\/div>\n<div class=\"sc-45461e9c-0 eqiBeF container-text text-embed \" id=\"element-body-17\">\n<ul>\n<li><em>El equipamiento para movilidad, como las sillas de ruedas, se revisa peri\u00f3dicamente para asegurar su correcto estado y funcionamiento. En caso de detectarse alg\u00fan desperfecto, se realiza la reparaci\u00f3n o el reemplazo correspondiente en el menor tiempo posible.<\/em><\/li>\n<\/ul>\n<\/div>\n<div class=\"sc-45461e9c-0 eqiBeF container-text text-embed \" id=\"element-body-18\">\n<ul>\n<li><em>En muchos casos, y de acuerdo con las condiciones particulares del paciente, la progresi\u00f3n en el uso de sillas de ruedas va desde un modelo b\u00e1sico hasta uno motorizado, en funci\u00f3n de los objetivos alcanzados y de la evoluci\u00f3n cl\u00ednica del paciente.<\/em><\/li>\n<\/ul>\n<\/div>\n<div class=\"sc-45461e9c-0 eqiBeF container-text text-embed \" id=\"element-body-19\">\n<ul>\n<li><em>La alimentaci\u00f3n de los pacientes es planificada y supervisada por un equipo interdisciplinario de nutricionistas y m\u00e9dicos, adapt\u00e1ndose a las necesidades cl\u00ednicas espec\u00edficas. La instituci\u00f3n garantiza dietas balanceadas que contribuyen a la recuperaci\u00f3n y el bienestar de cada paciente.<\/em><\/li>\n<\/ul>\n<\/div>\n<div class=\"sc-45461e9c-0 eqiBeF container-text text-embed \" id=\"element-body-20\">\n<ul>\n<li><em>Los medicamentos suministrados, incluyendo las presentaciones gen\u00e9ricas, cumplen con los est\u00e1ndares de calidad y eficacia establecidos por las autoridades regulatorias nacionales.<\/em><\/li>\n<\/ul>\n<\/div>\n<div class=\"sc-45461e9c-0 eqiBeF container-text text-embed \" id=\"element-body-21\">\n<ul>\n<li><em>El equipo de mantenimiento interviene de forma inmediata ante reportes de filtraciones o inundaciones en ba\u00f1os, garantizando la seguridad y comodidad de los pacientes. Se recuerda que estos incidentes, aunque muy poco frecuentes, son atendidos con prioridad.<\/em><\/li>\n<\/ul>\n<\/div>\n<div class=\"sc-45461e9c-0 eqiBeF container-text text-embed \" id=\"element-body-22\">\n<ul>\n<li><em>La instituci\u00f3n se encuentra en un proceso continuo de mantenimiento y mejora edilicia, incluyendo intervenciones para la reparaci\u00f3n y prevenci\u00f3n de filtraciones en techos y otras \u00e1reas cr\u00edticas. Estas tareas se realizan conforme a un plan elaborado por el \u00e1rea de infraestructura y mantenimiento.<\/em><\/li>\n<\/ul>\n<\/div>\n<div class=\"sc-45461e9c-0 eqiBeF container-text text-embed \" id=\"element-body-23\">\n<ul>\n<li><em>Todos los reportes recibidos tanto sean sugerencias, quejas o reclamos, y se implementan acciones correctivas cuando corresponde, en el marco de un compromiso permanente con la mejora continua y la atenci\u00f3n personalizada.<\/em><\/li>\n<\/ul>\n<\/div>\n<div class=\"sc-45461e9c-0 eqiBeF container-text text-embed \" id=\"element-body-24\">\n<ul>\n<li><em>Frente a la disconformidad del entorno del paciente, Fleni ofrece todos los canales de di\u00e1logo para la mejor resoluci\u00f3n del caso ya sea la permanencia en la instituci\u00f3n para completar su tratamiento como la derivaci\u00f3n a otro centro de rehabilitaci\u00f3n.<\/em><\/li>\n<\/ul>\n<\/div>\n<div class=\"sc-45461e9c-0 eqiBeF container-text text-embed \" id=\"element-body-25\">\n<ul>\n<li><em>Reafirmamos nuestro compromiso con la calidad, la seguridad y el bienestar de quienes conf\u00edan en Fleni para su atenci\u00f3n m\u00e9dica y rehabilitaci\u00f3n.<\/em><\/li>\n<\/ul>\n<\/div>\n<p><h2>La familia de Mat\u00edas, entre Buenos Aires y Rosario<\/h2>\n<\/p>\n<div class=\"sc-45461e9c-0 eqiBeF container-text text-embed \" id=\"element-body-27\">\n<p>&#8220;Nunca perd\u00ed la fe&#8221;, dijo Mat\u00edas en su primera entrevista desde que el accidente en el Parque Roca le cambi\u00f3 la vida tanto a \u00e9l como a su familia. Mientras sus padres definen qu\u00e9 har\u00e1n con la internaci\u00f3n en el Fleni, el chico de 17 a\u00f1os pudo superar el cuadro febril que los tuvo preocupados durante algunos d\u00edas. Fue aislado y los medicamentos lograron mejorar su estado de salud. En definitiva, lo m\u00e1s importante de este caso.<\/p>\n<\/div>\n<div class=\"sc-45461e9c-0 eqiBeF container-text text-embed \" id=\"element-body-28\">\n<p>Conscientes de que la rehabilitaci\u00f3n &#8220;es muy lenta y avanza de a poquito\u201d, seg\u00fan describi\u00f3 el propio joven, los Bottoni tienen pensado quedarse a vivir en Buenos Aires todo el tiempo que sea necesario antes de emprender el regreso a Rosario. Luciano viaja los fines de semana para estar con el hermano menor de Mat\u00edas, que se qued\u00f3 para seguir estudiando.<\/p>\n<\/div>\n<div class=\"sc-45461e9c-0 eqiBeF container-text text-embed \" id=\"element-body-29\">\n<p>&#8220;Es un proceso largo, lento, hay que tener mucha paciencia. Todo lo que sea positivo ayuda. Les pido que sigan rezando, que sigan haciendo lo que hacen, porque aunque parezca peque\u00f1o, todo suma&#8221;, pidi\u00f3 Mat\u00edas.<\/p>\n<\/div>\n<\/div>\n<p><br \/>\n<br \/><a href=\"https:\/\/www.clarin.com\/deportes\/padre-matias-bottoni-reclama-joven-nadador-accidentado-recibe-cuidado-necesario-piensa-trasladarlo-inaceptable_0_FxqUpOTujV.html\">Fuente Clarin.com <\/a><\/p>\n","protected":false},"excerpt":{"rendered":"<p>A casi un mes del accidente que sufri\u00f3 Mat\u00edas Bottoni en el Parque Roca, donde se fractur\u00f3 la sexta v\u00e9rtebra cervical, que le dej\u00f3 secuelas motrices, el joven nadador de 17 a\u00f1os se recupera en la sede Escobar del centro de rehabilitaci\u00f3n Fleni, donde fue trasladado el 22 de mayo. Sin embargo, su familia reclama [&hellip;]<\/p>\n","protected":false},"author":1,"featured_media":30837,"comment_status":"open","ping_status":"open","sticky":false,"template":"","format":"standard","meta":{"footnotes":""},"categories":[2],"tags":[11954,18012,7740,3336,2842,2444,18013,2178,2157,6100,3514,75,20202],"class_list":["post-30836","post","type-post","status-publish","format-standard","has-post-thumbnail","hentry","category-ultimas-noticias","tag-accidentado","tag-bottoni","tag-cuidado","tag-inaceptable","tag-joven","tag-matias","tag-nadador","tag-necesario","tag-padre","tag-piensa","tag-recibe","tag-reclama","tag-trasladarlo"],"_links":{"self":[{"href":"https:\/\/13.com.ar\/index.php\/wp-json\/wp\/v2\/posts\/30836","targetHints":{"allow":["GET"]}}],"collection":[{"href":"https:\/\/13.com.ar\/index.php\/wp-json\/wp\/v2\/posts"}],"about":[{"href":"https:\/\/13.com.ar\/index.php\/wp-json\/wp\/v2\/types\/post"}],"author":[{"embeddable":true,"href":"https:\/\/13.com.ar\/index.php\/wp-json\/wp\/v2\/users\/1"}],"replies":[{"embeddable":true,"href":"https:\/\/13.com.ar\/index.php\/wp-json\/wp\/v2\/comments?post=30836"}],"version-history":[{"count":0,"href":"https:\/\/13.com.ar\/index.php\/wp-json\/wp\/v2\/posts\/30836\/revisions"}],"wp:featuredmedia":[{"embeddable":true,"href":"https:\/\/13.com.ar\/index.php\/wp-json\/wp\/v2\/media\/30837"}],"wp:attachment":[{"href":"https:\/\/13.com.ar\/index.php\/wp-json\/wp\/v2\/media?parent=30836"}],"wp:term":[{"taxonomy":"category","embeddable":true,"href":"https:\/\/13.com.ar\/index.php\/wp-json\/wp\/v2\/categories?post=30836"},{"taxonomy":"post_tag","embeddable":true,"href":"https:\/\/13.com.ar\/index.php\/wp-json\/wp\/v2\/tags?post=30836"}],"curies":[{"name":"wp","href":"https:\/\/api.w.org\/{rel}","templated":true}]}}