{"id":30811,"date":"2025-06-04T10:07:30","date_gmt":"2025-06-04T13:07:30","guid":{"rendered":"https:\/\/13.com.ar\/index.php\/maria-fernanda-callejon-se-separo-de-fernando-gamboa-los-motivos\/"},"modified":"2025-06-04T10:07:30","modified_gmt":"2025-06-04T13:07:30","slug":"maria-fernanda-callejon-se-separo-de-fernando-gamboa-los-motivos","status":"publish","type":"post","link":"https:\/\/13.com.ar\/index.php\/maria-fernanda-callejon-se-separo-de-fernando-gamboa-los-motivos\/","title":{"rendered":"Mar\u00eda Fernanda Callej\u00f3n se separ\u00f3 de Fernando Gamboa: los motivos"},"content":{"rendered":"<p> <br \/>\n<\/p>\n<div id=\"cuerpo\">\n<div class=\"sc-45461e9c-0 eqiBeF container-text text-embed \" id=\"element-body-0\">\n<p>En plena disputa legal con su expareja, Ricky Diotto, <strong>Mar\u00eda Fernanda Callej\u00f3n habr\u00eda decidido ponerle punto final a su romance con Fernando Gamboa.<\/strong><\/p>\n<\/div>\n<div class=\"sc-45461e9c-0 eqiBeF container-text text-embed \" id=\"element-body-1\">\n<p>Tras el nacimiento de su hija Giovanna en 2015, fruto de su relaci\u00f3n con el odont\u00f3logo, comenzaron a circular rumores de crisis conyugal, infidelidades y desgaste. Finalmente, en 2022,<strong> la actriz decidi\u00f3 terminar su matrimonio y en diciembre de ese a\u00f1o, blanque\u00f3 su v\u00ednculo sentimental con el exfutbolista<\/strong>, con quien retom\u00f3 una historia de amor que mantuvieron en la d\u00e9cada de los 90.<\/p>\n<\/div>\n<div class=\"sc-45461e9c-0 eqiBeF container-text text-embed \" id=\"element-body-2\">\n<p>As\u00ed, durante una gala celebrada en el Teatro Col\u00f3n en junio de 2024, la pareja hizo una aparici\u00f3n p\u00fablica que reflej\u00f3 la solidez de su relaci\u00f3n, mostr\u00e1ndose afectuosos y enamorados ante las c\u00e1maras.<\/p>\n<\/div>\n<div class=\"sc-45461e9c-0 eqiBeF container-text text-embed \" id=\"element-body-3\">\n<p>Sin embargo, a casi un a\u00f1o de haberse mostrado juntos, el exfutbolista y la actriz habr\u00edan resuelto seguir sus caminos por separado.<\/p>\n<\/div>\n<div class=\"sc-45461e9c-0 eqiBeF container-text text-embed \" id=\"element-body-4\">\n<p>\u201c<strong>\u00c9l se hart\u00f3. <\/strong>Se hinch\u00f3 las pel&#8230;. \u00c9l le dijo \u2018basta, me hart\u00e9, no quiero m\u00e1s\u2019. Ella es conflictiva, pero <strong>\u00e9l se encarg\u00f3 de anunciarlo<\/strong> de una manera que nadie lo descubri\u00f3, pero yo s\u00ed\u201d, inform\u00f3 Pepe Ochoa en <em>LAM<\/em> (Am\u00e9rica TV).<\/p>\n<\/div>\n<div class=\"sc-98b114a2-0 bkqiHH image-embed  image-embed \" id=\"element-body-5\"><picture class=\"sc-98b114a2-1 jRUlDm\"><source media=\"(min-width: 975px)\" width=\"720\" height=\"480\" \/><img alt=\"Mar\u00eda Fernanda Callej\u00f3n junto a Fernando Gamboa.\" loading=\"lazy\" width=\"720\" height=\"480\" decoding=\"async\" data-nimg=\"1\" style=\"color:transparent\" src=\"https:\/\/13.com.ar\/wp-content\/uploads\/2025\/06\/Maria-Fernanda-Callejon-se-separo-de-Fernando-Gamboa-los-motivos.jpg\"\/><span class=\"epigraphe\">Mar\u00eda Fernanda Callej\u00f3n junto a Fernando Gamboa.<\/span><span class=\"picture-open\"><button class=\"open-image\" aria-label=\"Open Image\"\/><\/span><\/picture><\/div>\n<div class=\"sc-45461e9c-0 eqiBeF container-text text-embed \" id=\"element-body-6\">\n<p>Segundos m\u00e1s tarde, el panelista manifest\u00f3: \u201c<strong>\u00c9l la deja por intensa. Ella est\u00e1 muy aferrada a \u00e9l, \u00e9l est\u00e1 en otro lugar, entonces dijo \u2018ac\u00e1 se acab\u00f3\u2019\u201d.<\/strong><\/p>\n<\/div>\n<div class=\"sc-45461e9c-0 eqiBeF container-text text-embed \" id=\"element-body-7\">\n<p>Fue entonces que, durante la transmisi\u00f3n del ciclo televisivo, mostraron un comentario realizado por Fernando Gamboa en redes sociales, en el que le respond\u00eda a un internauta sugiri\u00e9ndole terminar su relaci\u00f3n con Mar\u00eda Fernanda Callej\u00f3n.<\/p>\n<\/div>\n<div class=\"sc-45461e9c-0 eqiBeF container-text text-embed \" id=\"element-body-8\">\n<p>\u201c<strong>No est\u00e1 bueno faltar el respeto, hermano. Igual tranqui que estoy solo. Bendiciones\u201d<\/strong>, escribi\u00f3 el director t\u00e9cnico en su perfil de Instagram <em>(@fernandonegrogamboa)<\/em> donde acumula casi 50 mil seguidores.<\/p>\n<\/div>\n<div class=\"sc-98b114a2-0 bkqiHH image-embed  image-embed \" id=\"element-body-9\"><picture class=\"sc-98b114a2-1 jRUlDm\"><source media=\"(min-width: 975px)\" width=\"720\" height=\"480\" \/><img alt=\"Fernando Gamboa confirm\u00f3 la separaci\u00f3n de Mar\u00eda Fernanda Callej\u00f3n a trav\u00e9s de redes sociales.\" loading=\"lazy\" width=\"720\" height=\"480\" decoding=\"async\" data-nimg=\"1\" style=\"color:transparent\" src=\"https:\/\/13.com.ar\/wp-content\/uploads\/2025\/06\/1749042450_486_Maria-Fernanda-Callejon-se-separo-de-Fernando-Gamboa-los-motivos.jpg\"\/><span class=\"epigraphe\">Fernando Gamboa confirm\u00f3 la separaci\u00f3n de Mar\u00eda Fernanda Callej\u00f3n a trav\u00e9s de redes sociales.<\/span><span class=\"picture-open\"><button class=\"open-image\" aria-label=\"Open Image\"\/><\/span><\/picture><\/div>\n<div class=\"sc-45461e9c-0 eqiBeF container-text text-embed \" id=\"element-body-10\">\n<p>Cabe destacar que, en las semanas previas a que se confirmara la ruptura, comenzaron a circular versiones que apuntaban a una posible crisis en la pareja. <\/p>\n<\/div>\n<div class=\"sc-45461e9c-0 eqiBeF container-text text-embed \" id=\"element-body-11\">\n<p>En <em>Puro Show<\/em> (El Trece), el conductor Mat\u00edas V\u00e1zquez cont\u00f3 que contact\u00f3 a la actriz para consultarle el motivo por el cual <strong>hab\u00eda dejado de seguir a Gamboa en redes sociales<\/strong>, y Callej\u00f3n respondi\u00f3: &#8220;\u00bfPor qu\u00e9 se meten en mi vida privada? \u00bfSe cansaron de hablar de Wanda?&#8221;.<\/p>\n<\/div>\n<div class=\"sc-45461e9c-0 eqiBeF container-text text-embed \" id=\"element-body-12\">\n<p>Adem\u00e1s, en el programa, la panelista Fernanda Iglesias se\u00f1al\u00f3 que, durante sus visitas a la Ciudad de Buenos Aires, Mar\u00eda Fernanda \u2014quien reside en Pilar\u2014 prefer\u00eda hospedarse en hoteles en lugar de quedarse en la casa de su pareja, como era habitual.<\/p>\n<\/div>\n<p><h2>Enojo e insultos, Mar\u00eda Fernanda Callej\u00f3n explot\u00f3 contra un notero: \u201c\u00a1Me faltaste el respeto!\u201d<\/h2>\n<\/p>\n<div class=\"sc-45461e9c-0 eqiBeF container-text text-embed \" id=\"element-body-14\">\n<p>Por otro lado, a mediados de mayo, la actriz se acerc\u00f3 al Shopping DOT Baires para ver el remake de <em>Lilo &amp; Stitch<\/em> con su hija Giovanna. Sin embargo,<strong> la salida familiar termin\u00f3 en un mal momento para la actriz, quien se molest\u00f3 al ser interceptada por un notero<\/strong> en la sede del exclusivo evento.<\/p>\n<\/div>\n<div class=\"sc-45461e9c-0 eqiBeF container-text text-embed \" id=\"element-body-15\">\n<p>Todo se desencaden\u00f3 cuando un cronista le consult\u00f3 c\u00f3mo se sent\u00eda frente a los conflictos con Ricky Diotto por la divisi\u00f3n de bienes, entre ellos una propiedad, una camioneta que ella utiliza actualmente y temas vinculados a la manutenci\u00f3n de su hija..<\/p>\n<\/div>\n<div class=\"sc-45461e9c-0 eqiBeF container-text text-embed \" id=\"element-body-16\">\n<p>Por su parte, Callej\u00f3n se mostr\u00f3 reacia a interactuar. <strong>&#8220;\u00a1Estoy con mi hija, no quiero hablar de nada!&#8221;<\/strong>, manifest\u00f3 mientras aceleraba el paso para evitar m\u00e1s preguntas sobre su situaci\u00f3n.<\/p>\n<\/div>\n<div class=\"sc-98b114a2-0 bkqiHH image-embed  image-embed \" id=\"element-body-17\"><picture class=\"sc-98b114a2-1 jRUlDm\"><source media=\"(min-width: 975px)\" width=\"720\" height=\"480\" \/><img alt=\"Mar\u00eda Fernanda Callej\u00f3n junto a su hija, Giovanna en la premiere de Lilo &amp; Stitch.\" loading=\"lazy\" width=\"720\" height=\"480\" decoding=\"async\" data-nimg=\"1\" style=\"color:transparent\" src=\"https:\/\/13.com.ar\/wp-content\/uploads\/2025\/06\/1749042450_493_Maria-Fernanda-Callejon-se-separo-de-Fernando-Gamboa-los-motivos.jpg\"\/><span class=\"epigraphe\">Mar\u00eda Fernanda Callej\u00f3n junto a su hija, Giovanna en la premiere de Lilo &amp; Stitch.<\/span><span class=\"picture-open\"><button class=\"open-image\" aria-label=\"Open Image\"\/><\/span><\/picture><\/div>\n<div class=\"sc-45461e9c-0 eqiBeF container-text text-embed \" id=\"element-body-18\">\n<p>Aunque dej\u00f3 en claro que no quer\u00eda dialogar con la prensa, los cronistas la siguieron por uno de los pasillos del shopping. Entonces, Mar\u00eda Fernanda sentenci\u00f3:<strong> &#8220;\u00a1Les pido un poco de respeto que estoy con mi hija, no me falten el respeto!&#8221;.<\/strong><\/p>\n<\/div>\n<div class=\"sc-45461e9c-0 eqiBeF container-text text-embed \" id=\"element-body-19\">\n<p>Si bien, la artista insisti\u00f3 para que no la siguieran, el periodista de <em>Puro Show<\/em> (El Trece) la acompa\u00f1\u00f3 hasta los ascensores del shopping y Callej\u00f3n lo encar\u00f3, posicion\u00e1ndose delante de Giovanna, intentando protegerla de la exposici\u00f3n ante las c\u00e1maras: &#8220;<strong>Te pido por favor que respetes que est\u00e1 mi hija ac\u00e1.<\/strong> Yo se todo lo que se dice pero ella no puede escuchar eso&#8221;.<\/p>\n<\/div>\n<div class=\"sc-45461e9c-0 eqiBeF container-text text-embed \" id=\"element-body-20\">\n<p>&#8220;As\u00ed como yo los respeto cuando est\u00e1n trabajando,<strong> resp\u00e9tenme que estoy con mi hija que es una menor&#8221;<\/strong>, insisti\u00f3. <\/p>\n<\/div>\n<div class=\"sc-45461e9c-0 eqiBeF container-text text-embed \" id=\"element-body-21\">\n<p>No obstante, el notero fue por m\u00e1s y quiso saber si la actriz est\u00e1 actualmente en pareja, haciendo menci\u00f3n a su relaci\u00f3n con el exfutbolista Fernando Gamboa pero ella no dio el brazo a torcer y le hizo saber:<strong> &#8220;No quiero hablar de nada, no tengo ganas. \u00bfTe molesta?&#8221;.<\/strong><\/p>\n<\/div>\n<div class=\"sc-c2c2a3c6-0 ecgiEX border-video video-embed horizontal border-video video-embed horizontal\" id=\"element-body-22\">\n<div class=\"sc-c2c2a3c6-1 kQhBlc videoText videoText\">\n<h2>Video<\/h2>\n<p>El enojo de Mar\u00eda Fernanda Callej\u00f3n al ser interceptada por la prensa en la premiere de una pel\u00edcula animada<\/p>\n<\/div>\n<\/div>\n<div class=\"sc-45461e9c-0 eqiBeF container-text text-embed \" id=\"element-body-23\">\n<p>&#8220;No, para nada pero cuando suceden estos esc\u00e1ndalos, queremos hablar con los protagonistas&#8221;, le retruc\u00f3 el periodista. Ante su planteo, Callej\u00f3n contest\u00f3: <strong>&#8220;Los esc\u00e1ndalos los hacen ustedes, no yo&#8221;.<\/strong><\/p>\n<\/div>\n<div class=\"sc-45461e9c-0 eqiBeF container-text text-embed \" id=\"element-body-24\">\n<p>Redoblando la apuesta, el cronista le contest\u00f3, a modo de consulta: &#8220;\u00bfNo te parece que est\u00e1s involucrada muchas veces en esc\u00e1ndalos que tienen que ver con tu separaci\u00f3n?&#8221;.<\/p>\n<\/div>\n<div class=\"sc-45461e9c-0 eqiBeF container-text text-embed \" id=\"element-body-25\">\n<p>Al escuchar sus palabras, la actriz evidenci\u00f3 su molestia: &#8220;<strong>Vos sos un irrespetuoso de mierd&#8230; porque est\u00e1 mi hija. \u00bfTe podes ir? <\/strong>\u00bfO quer\u00e9s que llame a la seguridad? \u00a1Ac\u00e1 hay una ni\u00f1a menor, tarado!&#8221;, mientras lo invitaba a alejarse de ella.<\/p>\n<\/div>\n<div class=\"sc-45461e9c-0 eqiBeF container-text text-embed \" id=\"element-body-26\">\n<p>&#8220;<strong>\u00a1Me faltaste el respeto cuando te dije que no quer\u00eda hablar porque est\u00e1 mi hija!<\/strong> <strong><span class=\"ql-cursor\">\ufeff<\/span><\/strong>\u00a1Ahora s\u00ed pueden poner \u2018La furia de Mar\u00eda Fernanda Callej\u00f3n\u2019, imb\u00e9ciles! \u00a1Vayan a laburar, manga de sor&#8230;\u201d&#8221;, lanz\u00f3 Mar\u00eda Fernanda, lo que llev\u00f3 al cronista a dar por terminada la entrevista.<\/p>\n<\/div>\n<\/div>\n<p><br \/>\n<br \/><a href=\"https:\/\/www.clarin.com\/fama\/maria-fernanda-callejon-separo-fernando-gamboa-motivos_0_2jLTRrEobT.html\">Fuente Clarin.com <\/a><\/p>\n","protected":false},"excerpt":{"rendered":"<p>En plena disputa legal con su expareja, Ricky Diotto, Mar\u00eda Fernanda Callej\u00f3n habr\u00eda decidido ponerle punto final a su romance con Fernando Gamboa. Tras el nacimiento de su hija Giovanna en 2015, fruto de su relaci\u00f3n con el odont\u00f3logo, comenzaron a circular rumores de crisis conyugal, infidelidades y desgaste. Finalmente, en 2022, la actriz decidi\u00f3 [&hellip;]<\/p>\n","protected":false},"author":1,"featured_media":30812,"comment_status":"open","ping_status":"open","sticky":false,"template":"","format":"standard","meta":{"footnotes":""},"categories":[2],"tags":[15984,18895,886,10560,28,2807,1352,10463],"class_list":["post-30811","post","type-post","status-publish","format-standard","has-post-thumbnail","hentry","category-ultimas-noticias","tag-callejon","tag-fernanda","tag-fernando","tag-gamboa","tag-los","tag-maria","tag-motivos","tag-separo"],"_links":{"self":[{"href":"https:\/\/13.com.ar\/index.php\/wp-json\/wp\/v2\/posts\/30811","targetHints":{"allow":["GET"]}}],"collection":[{"href":"https:\/\/13.com.ar\/index.php\/wp-json\/wp\/v2\/posts"}],"about":[{"href":"https:\/\/13.com.ar\/index.php\/wp-json\/wp\/v2\/types\/post"}],"author":[{"embeddable":true,"href":"https:\/\/13.com.ar\/index.php\/wp-json\/wp\/v2\/users\/1"}],"replies":[{"embeddable":true,"href":"https:\/\/13.com.ar\/index.php\/wp-json\/wp\/v2\/comments?post=30811"}],"version-history":[{"count":0,"href":"https:\/\/13.com.ar\/index.php\/wp-json\/wp\/v2\/posts\/30811\/revisions"}],"wp:featuredmedia":[{"embeddable":true,"href":"https:\/\/13.com.ar\/index.php\/wp-json\/wp\/v2\/media\/30812"}],"wp:attachment":[{"href":"https:\/\/13.com.ar\/index.php\/wp-json\/wp\/v2\/media?parent=30811"}],"wp:term":[{"taxonomy":"category","embeddable":true,"href":"https:\/\/13.com.ar\/index.php\/wp-json\/wp\/v2\/categories?post=30811"},{"taxonomy":"post_tag","embeddable":true,"href":"https:\/\/13.com.ar\/index.php\/wp-json\/wp\/v2\/tags?post=30811"}],"curies":[{"name":"wp","href":"https:\/\/api.w.org\/{rel}","templated":true}]}}