{"id":30795,"date":"2025-06-04T09:37:30","date_gmt":"2025-06-04T12:37:30","guid":{"rendered":"https:\/\/13.com.ar\/index.php\/cuanto-gana-el-personal-de-las-fuerzas-armadas-argentinas-en-junio-de-2025\/"},"modified":"2025-06-04T09:37:30","modified_gmt":"2025-06-04T12:37:30","slug":"cuanto-gana-el-personal-de-las-fuerzas-armadas-argentinas-en-junio-de-2025","status":"publish","type":"post","link":"https:\/\/13.com.ar\/index.php\/cuanto-gana-el-personal-de-las-fuerzas-armadas-argentinas-en-junio-de-2025\/","title":{"rendered":"Cu\u00e1nto gana el personal de las Fuerzas Armadas Argentinas en junio de 2025"},"content":{"rendered":"<p> <br \/>\n<br \/><img decoding=\"async\" src=\"https:\/\/13.com.ar\/wp-content\/uploads\/2025\/06\/Cuanto-gana-el-personal-de-las-Fuerzas-Armadas-Argentinas-en.jpg\" \/><\/p>\n<div id=\"element-body-0\">\n<p>La <strong>Resoluci\u00f3n Conjunta 24\/2025<\/strong> del Ministerio de Econom\u00eda y el Ministerio de Defensa, firmada a finales de abril por los respectivos ministros, <strong>Luis Caputo y Luis Petr<\/strong>i, estableci\u00f3 un aumento salarial para el personal de las <strong>Fuerzas Armadas Argentinas<\/strong> y la Polic\u00eda de Establecimientos Navales por abril y mayo, por lo que en junio entrar\u00e1 a los trabajadores el porcentaje de aumento del \u00faltimo mes. \u00bfCu\u00e1nto ganar\u00e1n en junio?<\/p>\n<\/div>\n<div id=\"element-body-1\">\n<p>El \u00faltimo aumento que se hab\u00eda anunciado antes de dicha resoluci\u00f3n hab\u00eda sido del 5%, establecido a inicios de marzo, que luego se le sumaron los nuevos valores para los haberes de los meses de abril y mayo, cuyo \u00faltimo porcentaje se percibir\u00e1<\/p>\n<\/div>\n<div id=\"element-body-2\">\n<p>En su habitual conferencia de prensa, el jueves 29 de mayo el vocero presidencial <strong>Manuel Adorni <\/strong>anunci\u00f3 que el Ministerio de Defensa en conjunto con la cartera de Capital Humano, implementar\u00e1 el <strong>servicio militar voluntario<\/strong> para &#8220;j\u00f3venes de entre 18 y 28 a\u00f1os que deseen servir a la Naci\u00f3n&#8221;.<\/p>\n<\/div>\n<div id=\"element-body-4\">\n<p>&#8220;El servicio militar voluntario formar\u00e1 y certificar\u00e1 a los voluntarios en oficios concretos como cocinas, talleres mec\u00e1nicos o tareas de vigilancia, que los podr\u00e1n ayudar a desenvolverse en el futuro&#8221;, enfatiz\u00f3 el funcionario.<\/p>\n<\/div>\n<div id=\"element-body-5\">\n<p>En el marco del <strong>D\u00eda Nacional del Ej\u00e9rcito Argentino<\/strong>, Adorni precis\u00f3 que &#8220;el objetivo es inculcar en los j\u00f3venes argentinos los altos valores que siempre caracterizaron a las Fuerzas Armadas: esfuerzo, valor, disciplina y amor por nuestra Naci\u00f3n&#8221;.<\/p>\n<\/div>\n<div id=\"element-body-7\">\n<p>El texto que detalla los aumentos fue publicada en el Bolet\u00edn Oficial y asegura: &#8220;En virtud de la evaluaci\u00f3n escalonada correspondiente al personal militar de las Fuerzas Armadas y de la Polic\u00eda de Establecimientos Navales resulta necesario fijar una nueva escala de haberes en el marco de los criterios adoptados para la Administraci\u00f3n P\u00fablica Nacional para los meses de marzo, abril y mayo de 2025&#8221;.<\/p>\n<\/div>\n<div id=\"element-body-8\">\n<p>El art\u00edculo 2 indica que se dije el Haber Mensual &#8220;para el mes de<strong> abril y mayo de 2025<\/strong>, conforme los importes que para las distintas jerarqu\u00edas se detallan en el anexo II&#8221;. &#8220;El gasto que demande el cumplimiento de lo dispuesto por la presente resoluci\u00f3n ser\u00e1 atendido con los cr\u00e9ditos correspondientes a las subjurisdicciones respectivas del Presupuesto General de la Administraci\u00f3n P\u00fablica Nacional del Ministerio de Defensa&#8221;, asegura el art\u00edculo 3.<\/p>\n<\/div>\n<div id=\"element-body-10\">\n<p>Los montos se definen seg\u00fan la categor\u00eda y el cargo que desempe\u00f1a cada personal. Cabe recordar que a final de mes se cobrar\u00e1 el primer <strong>Sueldo Anual Complementario (SAC<\/strong>), lo que es m\u00e1s conocido como aguinaldo, y se debe abonar antes del 30 de junio. Este corresponde a la mitad de un sueldo del mejor salario que se cobr\u00f3 en 2025.<\/p>\n<\/div>\n<p><br \/>\n<br \/><a href=\"https:\/\/www.clarin.com\/informacion-general\/gana-personal-fuerzas-armadas-argentinas-junio-2025_0_LnPuSmGhOv.html\">Fuente Clarin.com <\/a><\/p>\n","protected":false},"excerpt":{"rendered":"<p>La Resoluci\u00f3n Conjunta 24\/2025 del Ministerio de Econom\u00eda y el Ministerio de Defensa, firmada a finales de abril por los respectivos ministros, Luis Caputo y Luis Petri, estableci\u00f3 un aumento salarial para el personal de las Fuerzas Armadas Argentinas y la Polic\u00eda de Establecimientos Navales por abril y mayo, por lo que en junio entrar\u00e1 [&hellip;]<\/p>\n","protected":false},"author":1,"featured_media":30796,"comment_status":"open","ping_status":"open","sticky":false,"template":"","format":"standard","meta":{"footnotes":""},"categories":[2],"tags":[63,6820,448,468,3655,16525,48,2167],"class_list":["post-30795","post","type-post","status-publish","format-standard","has-post-thumbnail","hentry","category-ultimas-noticias","tag-argentinas","tag-armadas","tag-cuanto","tag-fuerzas","tag-gana","tag-junio","tag-las","tag-personal"],"_links":{"self":[{"href":"https:\/\/13.com.ar\/index.php\/wp-json\/wp\/v2\/posts\/30795","targetHints":{"allow":["GET"]}}],"collection":[{"href":"https:\/\/13.com.ar\/index.php\/wp-json\/wp\/v2\/posts"}],"about":[{"href":"https:\/\/13.com.ar\/index.php\/wp-json\/wp\/v2\/types\/post"}],"author":[{"embeddable":true,"href":"https:\/\/13.com.ar\/index.php\/wp-json\/wp\/v2\/users\/1"}],"replies":[{"embeddable":true,"href":"https:\/\/13.com.ar\/index.php\/wp-json\/wp\/v2\/comments?post=30795"}],"version-history":[{"count":0,"href":"https:\/\/13.com.ar\/index.php\/wp-json\/wp\/v2\/posts\/30795\/revisions"}],"wp:featuredmedia":[{"embeddable":true,"href":"https:\/\/13.com.ar\/index.php\/wp-json\/wp\/v2\/media\/30796"}],"wp:attachment":[{"href":"https:\/\/13.com.ar\/index.php\/wp-json\/wp\/v2\/media?parent=30795"}],"wp:term":[{"taxonomy":"category","embeddable":true,"href":"https:\/\/13.com.ar\/index.php\/wp-json\/wp\/v2\/categories?post=30795"},{"taxonomy":"post_tag","embeddable":true,"href":"https:\/\/13.com.ar\/index.php\/wp-json\/wp\/v2\/tags?post=30795"}],"curies":[{"name":"wp","href":"https:\/\/api.w.org\/{rel}","templated":true}]}}