{"id":30793,"date":"2025-06-04T09:34:32","date_gmt":"2025-06-04T12:34:32","guid":{"rendered":"https:\/\/13.com.ar\/index.php\/quienes-no-podran-cobrar-auh-en-junio-2025\/"},"modified":"2025-06-04T09:34:32","modified_gmt":"2025-06-04T12:34:32","slug":"quienes-no-podran-cobrar-auh-en-junio-2025","status":"publish","type":"post","link":"https:\/\/13.com.ar\/index.php\/quienes-no-podran-cobrar-auh-en-junio-2025\/","title":{"rendered":"qui\u00e9nes no podr\u00e1n cobrar AUH en junio 2025"},"content":{"rendered":"<p> <br \/>\n<br \/><img decoding=\"async\" src=\"https:\/\/13.com.ar\/wp-content\/uploads\/2025\/06\/quienes-no-podran-cobrar-AUH-en-junio-2025.jpg\" \/><\/p>\n<div id=\"element-body-0\">\n<p>La <strong>Asignaci\u00f3n Universal por Hijo (AUH)<\/strong> es la prestaci\u00f3n social m\u00e1s extendida del pa\u00eds y, para muchos hogares, la llave que garantiza un ingreso b\u00e1sico mensual. Durante <strong>junio de 2025 <\/strong>el programa llega con novedades relevantes: un aumento por movilidad, bonos complementarios y una exhaustiva actualizaci\u00f3n de requisitos que, de no cumplirse, dejar\u00e1n a varios titulares sin pago, tal como anticip\u00f3 la propia <strong>Administraci\u00f3n Nacional de la Seguridad Social (ANSeS)<\/strong>.<\/p>\n<\/div>\n<div id=\"element-body-1\">\n<p>De acuerdo con la resoluci\u00f3n del organismo previsional, la <strong>AUH sube 2,78%, <\/strong>una alza que replica la variaci\u00f3n salarial del primer trimestre y que impacta tambi\u00e9n en la jubilaci\u00f3n m\u00ednima y otras asignaciones familiares.<\/p>\n<\/div>\n<div id=\"element-body-2\">\n<p>El incremento llega acompa\u00f1ado de est\u00edmulos: por un lado, el <strong>complemento leche del Plan 1000 D\u00edas<\/strong>, que otorga <strong>hasta $40.178 <\/strong>a familias con ni\u00f1os de hasta 3 a\u00f1os; por otro, la posibilidad de sumar la <strong>Tarjeta Alimentar <\/strong>(hasta $81.936 en hogares con dos hijos), incentivo clave para reforzar la canasta b\u00e1sica.<\/p>\n<\/div>\n<div id=\"element-body-4\">\n<p>Por otro lado, ANSeS<strong> <\/strong>advirti\u00f3 que perder\u00e1n el cobro quienes no presenten la <strong>Libreta AUH<\/strong>, superen los topes de ingresos o registren empleo formal. El mensaje es claro: respetar <strong>la documentaci\u00f3n y los controles de salud y educaci\u00f3n de los chicos es condici\u00f3n imprescindible para percibir el beneficio<\/strong>.<\/p>\n<\/div>\n<p><h2>ANSeS: Asignaci\u00f3n Universal por Hijo y Asignaci\u00f3n Familiar por Hijo en junio de 2025<\/h2>\n<\/p>\n<div id=\"element-body-12\">\n<p>Junio trae montos actualizados de <strong>AUH a $109.498<\/strong>, el refuerzo alimentario de $40.000 y la Tarjeta Alimentar de hasta $108.062, mientras que la SUAF escala a $54.752 para el primer tramo salarial.<\/p>\n<\/div>\n<div id=\"element-body-13\">\n<p>Con el <strong>bono de $70.000<\/strong> y el medio aguinaldo para jubilados, el paquete de bonos y aumentos consolida un alivio clave que se deposita entre el 10 y el 24 de junio, seg\u00fan DNI. <\/p>\n<\/div>\n<p><br \/>\n<br \/><a href=\"https:\/\/www.clarin.com\/informacion-general\/anses-podran-cobrar-auh-junio-2025_0_G61ZgWtdDD.html\">Fuente Clarin.com <\/a><\/p>\n","protected":false},"excerpt":{"rendered":"<p>La Asignaci\u00f3n Universal por Hijo (AUH) es la prestaci\u00f3n social m\u00e1s extendida del pa\u00eds y, para muchos hogares, la llave que garantiza un ingreso b\u00e1sico mensual. Durante junio de 2025 el programa llega con novedades relevantes: un aumento por movilidad, bonos complementarios y una exhaustiva actualizaci\u00f3n de requisitos que, de no cumplirse, dejar\u00e1n a varios [&hellip;]<\/p>\n","protected":false},"author":1,"featured_media":30794,"comment_status":"open","ping_status":"open","sticky":false,"template":"","format":"standard","meta":{"footnotes":""},"categories":[2],"tags":[4322,3550,16525,4966,1784],"class_list":["post-30793","post","type-post","status-publish","format-standard","has-post-thumbnail","hentry","category-ultimas-noticias","tag-auh","tag-cobrar","tag-junio","tag-podran","tag-quienes"],"_links":{"self":[{"href":"https:\/\/13.com.ar\/index.php\/wp-json\/wp\/v2\/posts\/30793","targetHints":{"allow":["GET"]}}],"collection":[{"href":"https:\/\/13.com.ar\/index.php\/wp-json\/wp\/v2\/posts"}],"about":[{"href":"https:\/\/13.com.ar\/index.php\/wp-json\/wp\/v2\/types\/post"}],"author":[{"embeddable":true,"href":"https:\/\/13.com.ar\/index.php\/wp-json\/wp\/v2\/users\/1"}],"replies":[{"embeddable":true,"href":"https:\/\/13.com.ar\/index.php\/wp-json\/wp\/v2\/comments?post=30793"}],"version-history":[{"count":0,"href":"https:\/\/13.com.ar\/index.php\/wp-json\/wp\/v2\/posts\/30793\/revisions"}],"wp:featuredmedia":[{"embeddable":true,"href":"https:\/\/13.com.ar\/index.php\/wp-json\/wp\/v2\/media\/30794"}],"wp:attachment":[{"href":"https:\/\/13.com.ar\/index.php\/wp-json\/wp\/v2\/media?parent=30793"}],"wp:term":[{"taxonomy":"category","embeddable":true,"href":"https:\/\/13.com.ar\/index.php\/wp-json\/wp\/v2\/categories?post=30793"},{"taxonomy":"post_tag","embeddable":true,"href":"https:\/\/13.com.ar\/index.php\/wp-json\/wp\/v2\/tags?post=30793"}],"curies":[{"name":"wp","href":"https:\/\/api.w.org\/{rel}","templated":true}]}}