{"id":30790,"date":"2025-06-04T09:28:41","date_gmt":"2025-06-04T12:28:41","guid":{"rendered":"https:\/\/13.com.ar\/index.php\/tuvo-un-brote-psicotico-tomo-de-rehen-a-su-madre-en-un-departamento-de-almagro-y-lo-redujeron-con-una-taser\/"},"modified":"2025-06-04T09:28:41","modified_gmt":"2025-06-04T12:28:41","slug":"tuvo-un-brote-psicotico-tomo-de-rehen-a-su-madre-en-un-departamento-de-almagro-y-lo-redujeron-con-una-taser","status":"publish","type":"post","link":"https:\/\/13.com.ar\/index.php\/tuvo-un-brote-psicotico-tomo-de-rehen-a-su-madre-en-un-departamento-de-almagro-y-lo-redujeron-con-una-taser\/","title":{"rendered":"Tuvo un brote psic\u00f3tico, tom\u00f3 de reh\u00e9n a su madre en un departamento de Almagro y lo redujeron con una Taser"},"content":{"rendered":"<p> <br \/>\n<br \/><img decoding=\"async\" src=\"https:\/\/13.com.ar\/wp-content\/uploads\/2025\/06\/Tuvo-un-brote-psicotico-tomo-de-rehen-a-su-madre.jpg\" \/><\/p>\n<div id=\"element-body-0\">\n<p>Un hombre de 45 a\u00f1os con antecedentes psiqui\u00e1tricos <strong>agredi\u00f3 a su madre y la tom\u00f3 de reh\u00e9n en un edificio de Almagro<\/strong>, en una tensa situaci\u00f3n que se resolvi\u00f3 por una intervenci\u00f3n rel\u00e1mpago de la Polic\u00eda de la Ciudad, que pudo detenerlo <strong>utilizando una pistola Taser para inmovilizarlo.<\/strong><\/p>\n<\/div>\n<div id=\"element-body-1\">\n<p>El hecho ocurri\u00f3 en un edificio ubicado sobre la calle Acu\u00f1a de Figueroa al 900, cuando un hombre se comunic\u00f3 al 911 alertando que su hijo, de 45 a\u00f1os, <strong>atravesaba un brote psic\u00f3tico y se encontraba encerrado con su madre,<\/strong> a quien habr\u00eda agredido f\u00edsicamente. <\/p>\n<\/div>\n<div id=\"element-body-2\">\n<p>El padre agreg\u00f3 que su hijo tiene antecedentes psiqui\u00e1tricos, delirios de persecuci\u00f3n y <strong>sol\u00eda portar un cuchillo<\/strong>. El psiquiatra del agresor le confirm\u00f3 a las autoridades que se trataba de un paciente con antecedentes de brotes psic\u00f3ticos.<\/p>\n<\/div>\n<div id=\"element-body-3\">\n<p>A llegar, los oficiales se encontraron con que el hombre presentaba un alto grado de excitaci\u00f3n psicomotriz, reiteraba amenazas de muerte hacia su madre y dec\u00eda incoherencias<\/p>\n<\/div>\n<div id=\"element-body-4\">\n<p>All\u00ed idearon un plan para tratar de controlarlo. Un equipo de negociadores ide\u00f3 una distracci\u00f3n sobre la puerta del departamento para facilitar el descenso de un Grupo Especial de la fuerza desde la terraza del edificio a un balc\u00f3n. Luego ingresaron al departamento por un ventanal.<\/p>\n<\/div>\n<div id=\"element-body-5\">\n<p>Una vez dentro, el hombre \u2014que ten\u00eda un cuchillo de cocina en la cintura\u2014 fue inmovilizado <strong>mediante el uso de la pistola \u201cTaser\u201d<\/strong> y puesto a disposici\u00f3n del SAME para que lo controle. La v\u00edctima fue atendida en el lugar por hipertensi\u00f3n y heridas cortantes menores, y el agresor fue trasladado al Hospital Alvear, donde fue diagnosticado con excitaci\u00f3n psicomotriz.<\/p>\n<\/div>\n<div id=\"element-body-6\">\n<p>En el caso interviene la Fiscal\u00eda Criminal y Correccional N.\u00ba 24 y el Juzgado N.\u00ba 43, que ordenaron actuaciones por privaci\u00f3n ileg\u00edtima de la libertad y el secuestro del cuchillo utilizado.<\/p>\n<\/div>\n<p><br \/>\n<br \/><a href=\"https:\/\/www.clarin.com\/policiales\/brote-psicotico-tomo-rehen-madre-departamento-almagro-redujeron-taser_0_gUHj9H9DJq.html\">Fuente Clarin.com <\/a><\/p>\n","protected":false},"excerpt":{"rendered":"<p>Un hombre de 45 a\u00f1os con antecedentes psiqui\u00e1tricos agredi\u00f3 a su madre y la tom\u00f3 de reh\u00e9n en un edificio de Almagro, en una tensa situaci\u00f3n que se resolvi\u00f3 por una intervenci\u00f3n rel\u00e1mpago de la Polic\u00eda de la Ciudad, que pudo detenerlo utilizando una pistola Taser para inmovilizarlo. El hecho ocurri\u00f3 en un edificio ubicado [&hellip;]<\/p>\n","protected":false},"author":1,"featured_media":30791,"comment_status":"open","ping_status":"open","sticky":false,"template":"","format":"standard","meta":{"footnotes":""},"categories":[2],"tags":[2295,9794,18,2361,1163,20190,9125,1463,20191,2074,507,73],"class_list":["post-30790","post","type-post","status-publish","format-standard","has-post-thumbnail","hentry","category-ultimas-noticias","tag-almagro","tag-brote","tag-con","tag-departamento","tag-madre","tag-psicotico","tag-redujeron","tag-rehen","tag-taser","tag-tomo","tag-tuvo","tag-una"],"_links":{"self":[{"href":"https:\/\/13.com.ar\/index.php\/wp-json\/wp\/v2\/posts\/30790","targetHints":{"allow":["GET"]}}],"collection":[{"href":"https:\/\/13.com.ar\/index.php\/wp-json\/wp\/v2\/posts"}],"about":[{"href":"https:\/\/13.com.ar\/index.php\/wp-json\/wp\/v2\/types\/post"}],"author":[{"embeddable":true,"href":"https:\/\/13.com.ar\/index.php\/wp-json\/wp\/v2\/users\/1"}],"replies":[{"embeddable":true,"href":"https:\/\/13.com.ar\/index.php\/wp-json\/wp\/v2\/comments?post=30790"}],"version-history":[{"count":0,"href":"https:\/\/13.com.ar\/index.php\/wp-json\/wp\/v2\/posts\/30790\/revisions"}],"wp:featuredmedia":[{"embeddable":true,"href":"https:\/\/13.com.ar\/index.php\/wp-json\/wp\/v2\/media\/30791"}],"wp:attachment":[{"href":"https:\/\/13.com.ar\/index.php\/wp-json\/wp\/v2\/media?parent=30790"}],"wp:term":[{"taxonomy":"category","embeddable":true,"href":"https:\/\/13.com.ar\/index.php\/wp-json\/wp\/v2\/categories?post=30790"},{"taxonomy":"post_tag","embeddable":true,"href":"https:\/\/13.com.ar\/index.php\/wp-json\/wp\/v2\/tags?post=30790"}],"curies":[{"name":"wp","href":"https:\/\/api.w.org\/{rel}","templated":true}]}}