{"id":30784,"date":"2025-06-04T09:19:31","date_gmt":"2025-06-04T12:19:31","guid":{"rendered":"https:\/\/13.com.ar\/index.php\/donde-llovera-mas-y-donde-menos-este-invierno-2025-en-argentina\/"},"modified":"2025-06-04T09:19:31","modified_gmt":"2025-06-04T12:19:31","slug":"donde-llovera-mas-y-donde-menos-este-invierno-2025-en-argentina","status":"publish","type":"post","link":"https:\/\/13.com.ar\/index.php\/donde-llovera-mas-y-donde-menos-este-invierno-2025-en-argentina\/","title":{"rendered":"\u00bfD\u00f3nde llover\u00e1 m\u00e1s y d\u00f3nde menos este invierno 2025 en Argentina?"},"content":{"rendered":"<p> <br \/>\n<br \/><img decoding=\"async\" src=\"https:\/\/13.com.ar\/wp-content\/uploads\/2025\/06\/\u00bfDonde-llovera-mas-y-donde-menos-este-invierno-2025-en.jpg\" \/><\/p>\n<div id=\"element-body-0\">\n<p>Con el arranque de junio comienza el<strong> trimestre m\u00e1s fr\u00edo del a\u00f1o<\/strong>,<strong> <\/strong>que va hasta agosto. Mientras la Patagonia se prepara para las cl\u00e1sicas heladas intensas y temperaturas bajo cero, en el<strong> norte del pa\u00eds el fr\u00edo se siente menos, con promedios mucho m\u00e1s templados<\/strong>. Sin embargo, los pron\u00f3sticos apuntan a que el <strong>invierno <\/strong>ser\u00e1 m\u00e1s suave de lo habitual en buena parte del territorio nacional.<\/p>\n<\/div>\n<div id=\"element-body-1\">\n<p>Seg\u00fan el Servicio Meteorol\u00f3gico Nacional (<strong>SMN<\/strong>), el comportamiento de las <strong>lluvias ser\u00e1 m\u00e1s desigual que el de las temperaturas<\/strong>.<strong> <\/strong>Algunas regiones del pa\u00eds podr\u00edan recibir m\u00e1s agua de la normal, mientras que otras enfrentan un panorama m\u00e1s seco.<\/p>\n<\/div>\n<div id=\"element-body-3\">\n<p>Aunque el <strong>invierno <\/strong>suele ser una estaci\u00f3n m\u00e1s seca, hay <strong>zonas del pa\u00eds que este a\u00f1o podr\u00edan ver aumentadas sus lluvias<\/strong> respecto al promedio. <\/p>\n<\/div>\n<div id=\"element-body-4\">\n<p>El <strong>pron\u00f3stico trimestral del SMN <\/strong>indica que regiones como el <strong>norte de Buenos Aires, el sur del Litoral<\/strong> (principalmente Entre R\u00edos y el centro-sur de Santa Fe), C\u00f3rdoba y parte del norte argentino (Formosa, Chaco) tendr\u00e1n precipitaciones por encima de lo habitual.<\/p>\n<\/div>\n<div id=\"element-body-8\">\n<p>Estas lluvias m\u00e1s frecuentes estar\u00edan vinculadas a la vuelta de condiciones neutrales del fen\u00f3meno ENSO (El Ni\u00f1o-Oscilaci\u00f3n del Sur), tras el fin de La Ni\u00f1a, lo cual favorece el ingreso de humedad en estas regiones.<\/p>\n<\/div>\n<div id=\"element-body-10\">\n<p>El panorama es muy diferente en la regi\u00f3n de Cuyo y en gran parte de la Patagonia. Seg\u00fan el <strong>SMN<\/strong>, estas <strong>zonas podr\u00edan tener un invierno con precipitaciones inferiores al promedio hist\u00f3rico<\/strong>.<strong> <\/strong><\/p>\n<\/div>\n<div id=\"element-body-11\">\n<p>Esto incluye tanto lluvias como nieve, lo que preocupa especialmente en las <strong>\u00e1reas cordilleranas del sur de Mendoza y el noroeste de la Patagonia<\/strong>, donde la acumulaci\u00f3n n\u00edvea es clave para el turismo y las reservas de agua.<\/p>\n<\/div>\n<div id=\"element-body-12\">\n<p>La falta de nieve, combinada con temperaturas por encima de lo normal, podr\u00eda afectar negativamente la temporada en destinos tradicionales como Bariloche, Villa La Angostura, San Mart\u00edn de los Andes o Las Le\u00f1as.<\/p>\n<\/div>\n<div id=\"element-body-15\">\n<p>El<strong> informe del SMN <\/strong>se\u00f1ala que no se esperan temperaturas por debajo de lo normal en ninguna regi\u00f3n del pa\u00eds. Por el contrario, casi todo el territorio nacional tendr\u00eda un invierno m\u00e1s templado, con registros promedio m\u00e1s altos que en a\u00f1os anteriores. Esta tendencia se notar\u00eda con m\u00e1s fuerza en la Patagonia, el oeste del pa\u00eds, el Noroeste argentino, el NEA y tambi\u00e9n en la regi\u00f3n pampeana.<\/p>\n<\/div>\n<div id=\"element-body-16\">\n<p>A pesar de este escenario general m\u00e1s c\u00e1lido, <strong>no se descartan irrupciones de aire polar<\/strong> con eventos de fr\u00edo intenso, aunque ser\u00edan menos frecuentes y de menor duraci\u00f3n.<\/p>\n<\/div>\n<p><br \/>\n<br \/><a href=\"https:\/\/www.clarin.com\/informacion-general\/llovera-invierno-2025-argentina_0_aqgubQmCIy.html\">Fuente Clarin.com <\/a><\/p>\n","protected":false},"excerpt":{"rendered":"<p>Con el arranque de junio comienza el trimestre m\u00e1s fr\u00edo del a\u00f1o, que va hasta agosto. Mientras la Patagonia se prepara para las cl\u00e1sicas heladas intensas y temperaturas bajo cero, en el norte del pa\u00eds el fr\u00edo se siente menos, con promedios mucho m\u00e1s templados. Sin embargo, los pron\u00f3sticos apuntan a que el invierno ser\u00e1 [&hellip;]<\/p>\n","protected":false},"author":1,"featured_media":30785,"comment_status":"open","ping_status":"open","sticky":false,"template":"","format":"standard","meta":{"footnotes":""},"categories":[2],"tags":[288,743,139,4496,20189,155,263],"class_list":["post-30784","post","type-post","status-publish","format-standard","has-post-thumbnail","hentry","category-ultimas-noticias","tag-argentina","tag-donde","tag-este","tag-invierno","tag-llovera","tag-mas","tag-menos"],"_links":{"self":[{"href":"https:\/\/13.com.ar\/index.php\/wp-json\/wp\/v2\/posts\/30784","targetHints":{"allow":["GET"]}}],"collection":[{"href":"https:\/\/13.com.ar\/index.php\/wp-json\/wp\/v2\/posts"}],"about":[{"href":"https:\/\/13.com.ar\/index.php\/wp-json\/wp\/v2\/types\/post"}],"author":[{"embeddable":true,"href":"https:\/\/13.com.ar\/index.php\/wp-json\/wp\/v2\/users\/1"}],"replies":[{"embeddable":true,"href":"https:\/\/13.com.ar\/index.php\/wp-json\/wp\/v2\/comments?post=30784"}],"version-history":[{"count":0,"href":"https:\/\/13.com.ar\/index.php\/wp-json\/wp\/v2\/posts\/30784\/revisions"}],"wp:featuredmedia":[{"embeddable":true,"href":"https:\/\/13.com.ar\/index.php\/wp-json\/wp\/v2\/media\/30785"}],"wp:attachment":[{"href":"https:\/\/13.com.ar\/index.php\/wp-json\/wp\/v2\/media?parent=30784"}],"wp:term":[{"taxonomy":"category","embeddable":true,"href":"https:\/\/13.com.ar\/index.php\/wp-json\/wp\/v2\/categories?post=30784"},{"taxonomy":"post_tag","embeddable":true,"href":"https:\/\/13.com.ar\/index.php\/wp-json\/wp\/v2\/tags?post=30784"}],"curies":[{"name":"wp","href":"https:\/\/api.w.org\/{rel}","templated":true}]}}