{"id":30780,"date":"2025-06-04T09:01:41","date_gmt":"2025-06-04T12:01:41","guid":{"rendered":"https:\/\/13.com.ar\/index.php\/la-hija-de-harry-y-meghan-cumple-cuatro-anos-y-su-mama-lo-celebra-con-dos-bellas-imagenes-en-las-redes\/"},"modified":"2025-06-04T09:01:41","modified_gmt":"2025-06-04T12:01:41","slug":"la-hija-de-harry-y-meghan-cumple-cuatro-anos-y-su-mama-lo-celebra-con-dos-bellas-imagenes-en-las-redes","status":"publish","type":"post","link":"https:\/\/13.com.ar\/index.php\/la-hija-de-harry-y-meghan-cumple-cuatro-anos-y-su-mama-lo-celebra-con-dos-bellas-imagenes-en-las-redes\/","title":{"rendered":"La hija de Harry y Meghan cumple cuatro a\u00f1os y su mam\u00e1 lo celebra con dos bellas im\u00e1genes en las redes"},"content":{"rendered":"<p> <br \/>\n<br \/><img decoding=\"async\" src=\"https:\/\/13.com.ar\/wp-content\/uploads\/2025\/06\/La-hija-de-Harry-y-Meghan-cumple-cuatro-anos-y.jpg\" \/><\/p>\n<div id=\"element-body-0\">\n<p>Meghan Markle, duquesa de Sussex, comparti\u00f3 este mi\u00e9rcoles <strong>varias fotos de su hija, Lilibet,<\/strong> en su perfil de Instagram para celebrar el cuarto cumplea\u00f1os de la peque\u00f1a.<\/p>\n<\/div>\n<div id=\"element-body-1\">\n<p>La actriz y esposa del pr\u00edncipe Enrique de Inglaterra ha publicado dos fotograf\u00edas en blanco y negro en las que se la puede ver abrazando a su hija.<\/p>\n<\/div>\n<div id=\"element-body-3\">\n<p>&#8220;\u00a1Feliz cumplea\u00f1os a nuestra hermosa ni\u00f1a! Hoy hace cuatro a\u00f1os que lleg\u00f3 a nuestras vidas y cada d\u00eda es m\u00e1s brillante y mejor gracias a ello. Gracias a todos los que le enviaron cari\u00f1o y celebraron su d\u00eda especial&#8221;, escribi\u00f3 Meghan en la red.<\/p>\n<\/div>\n<div id=\"element-body-4\">\n<p>En ambas fotograf\u00edas se ve a la madre<strong> abrazar a la ni\u00f1a que aparece con la cara parcialmente tapada<\/strong>. <\/p>\n<\/div>\n<div id=\"element-body-5\">\n<p>En una de ellas, Lilibet tiene su aspecto actual y la otra es una imagen tomada poco despu\u00e9s de su nacimiento.<\/p>\n<\/div>\n<div id=\"element-body-7\">\n<p>La hija de los duques de Sussex naci\u00f3 un a\u00f1o despu\u00e9s de que sus padres<strong> renunciaran a sus cargos como miembros de la realeza brit\u00e1nica.<\/strong><\/p>\n<\/div>\n<div id=\"element-body-8\">\n<p>Markle y el pr\u00edncipe Harry -que tienen otro hijo, Archie, que ha cumplido seis a\u00f1os-<strong> se casaron en 2018 y viven en California <\/strong>desde 2020 tras su decisi\u00f3n de abandonar la familia real. <\/p>\n<\/div>\n<p><br \/>\n<br \/><a href=\"https:\/\/www.clarin.com\/mundo\/hija-harry-meghan-cumple-anos-mama-celebra-bellas-imagenes-redes_0_swUOFrQSsd.html\">Fuente Clarin.com <\/a><\/p>\n","protected":false},"excerpt":{"rendered":"<p>Meghan Markle, duquesa de Sussex, comparti\u00f3 este mi\u00e9rcoles varias fotos de su hija, Lilibet, en su perfil de Instagram para celebrar el cuarto cumplea\u00f1os de la peque\u00f1a. La actriz y esposa del pr\u00edncipe Enrique de Inglaterra ha publicado dos fotograf\u00edas en blanco y negro en las que se la puede ver abrazando a su hija. [&hellip;]<\/p>\n","protected":false},"author":1,"featured_media":30781,"comment_status":"open","ping_status":"open","sticky":false,"template":"","format":"standard","meta":{"footnotes":""},"categories":[2],"tags":[636,7330,5144,18,1932,2673,59,1354,192,996,48,2403,10672,505],"class_list":["post-30780","post","type-post","status-publish","format-standard","has-post-thumbnail","hentry","category-ultimas-noticias","tag-anos","tag-bellas","tag-celebra","tag-con","tag-cuatro","tag-cumple","tag-dos","tag-harry","tag-hija","tag-imagenes","tag-las","tag-mama","tag-meghan","tag-redes"],"_links":{"self":[{"href":"https:\/\/13.com.ar\/index.php\/wp-json\/wp\/v2\/posts\/30780","targetHints":{"allow":["GET"]}}],"collection":[{"href":"https:\/\/13.com.ar\/index.php\/wp-json\/wp\/v2\/posts"}],"about":[{"href":"https:\/\/13.com.ar\/index.php\/wp-json\/wp\/v2\/types\/post"}],"author":[{"embeddable":true,"href":"https:\/\/13.com.ar\/index.php\/wp-json\/wp\/v2\/users\/1"}],"replies":[{"embeddable":true,"href":"https:\/\/13.com.ar\/index.php\/wp-json\/wp\/v2\/comments?post=30780"}],"version-history":[{"count":0,"href":"https:\/\/13.com.ar\/index.php\/wp-json\/wp\/v2\/posts\/30780\/revisions"}],"wp:featuredmedia":[{"embeddable":true,"href":"https:\/\/13.com.ar\/index.php\/wp-json\/wp\/v2\/media\/30781"}],"wp:attachment":[{"href":"https:\/\/13.com.ar\/index.php\/wp-json\/wp\/v2\/media?parent=30780"}],"wp:term":[{"taxonomy":"category","embeddable":true,"href":"https:\/\/13.com.ar\/index.php\/wp-json\/wp\/v2\/categories?post=30780"},{"taxonomy":"post_tag","embeddable":true,"href":"https:\/\/13.com.ar\/index.php\/wp-json\/wp\/v2\/tags?post=30780"}],"curies":[{"name":"wp","href":"https:\/\/api.w.org\/{rel}","templated":true}]}}