{"id":30770,"date":"2025-06-04T07:22:34","date_gmt":"2025-06-04T10:22:34","guid":{"rendered":"https:\/\/13.com.ar\/index.php\/wind-breaker-temporada-2-capitulo-10-cuando-se-estrena-el-decimo-episodio-y-a-que-hora-sale-en-crunchyroll\/"},"modified":"2025-06-04T07:22:34","modified_gmt":"2025-06-04T10:22:34","slug":"wind-breaker-temporada-2-capitulo-10-cuando-se-estrena-el-decimo-episodio-y-a-que-hora-sale-en-crunchyroll","status":"publish","type":"post","link":"https:\/\/13.com.ar\/index.php\/wind-breaker-temporada-2-capitulo-10-cuando-se-estrena-el-decimo-episodio-y-a-que-hora-sale-en-crunchyroll\/","title":{"rendered":"Wind Breaker, temporada 2 &#8211; cap\u00edtulo 10: cu\u00e1ndo se estrena el d\u00e9cimo episodio y a qu\u00e9 hora sale en Crunchyroll"},"content":{"rendered":"<p> <br \/>\n<br \/><img decoding=\"async\" src=\"https:\/\/13.com.ar\/wp-content\/uploads\/2025\/06\/Wind-Breaker-temporada-2-capitulo-10-cuando-se-estrena.jpg\" \/><\/p>\n<div id=\"element-body-0\">\n<p>La serie <strong>Wind Breaker<\/strong> est\u00e1 basada en el <strong>manga de Satoru Nii<\/strong>, que lleva el mismo nombre. Es dirigido por Toshifumi Akai en el estudio de animaci\u00f3n japon\u00e9s <strong>CloverWorks<\/strong>. Y el dise\u00f1o de personajes estuvo a cargo de Taishi Kawakami y la m\u00fasica de Ryo Takahashi.<\/p>\n<\/div>\n<div id=\"element-body-1\">\n<p>La <strong>temporada uno<\/strong> del anime se estren\u00f3 en<strong> abril del a\u00f1o pasado<\/strong> y la segunda temporada ya est\u00e1 en la pantalla chica con estrenos semanales.<\/p>\n<\/div>\n<div id=\"element-body-2\">\n<p>La serie se publica desde 2021 en la <strong>web manga Magazine Pocket <\/strong>de la editorial Kodansha, permaneciendo abierta con 21 tomos recopilatorios en el mercado japon\u00e9s.<\/p>\n<\/div>\n<div id=\"element-body-4\">\n<p>El<strong> d\u00e9cimo cap\u00edtulo de temporada 2 de Wind Breaker<\/strong> tiene fecha de estreno para el <strong>jueves 5 de junio.<\/strong><\/p>\n<\/div>\n<div id=\"element-body-6\">\n<p>La <strong>segunda temporada del anime <\/strong>arrancar\u00e1 en pleno <strong>arco de KEEL<\/strong>, del que quedan 14 cap\u00edtulos de manga por delante, ya que el episodio 13 de Wind Breaker, \u201cPara un amigo\u201d, termin\u00f3 en suspenso con los estudiantes de primer a\u00f1o de Bofurin, liderados por Haruka, prepar\u00e1ndose para enfrentar a los misteriosos alborotadores, KEEL.<\/p>\n<\/div>\n<div id=\"element-body-7\">\n<p><strong>La serie tendr\u00e1 12 episodios <\/strong>en esta nueva temporada, mientras que la primera parte del anime lleg\u00f3 a contar con 13 episodios, los cuales sirvieron para adaptar hasta el cap\u00edtulo 41 del manga, ubicado en el volumen cinco.<\/p>\n<\/div>\n<div id=\"element-body-8\">\n<p><strong>Se adaptar\u00e1n hasta los cap\u00edtulos 80 u 82 del manga<\/strong>, lo que nuevamente supondr\u00eda quedarse a medias de un arco de historia. En este caso, el arco en cuesti\u00f3n ser\u00eda el de &#8216;Roppo-Ichiza\/Gravel&#8217;, que abarc\u00f3 de los cap\u00edtulos 67 a 87.<\/p>\n<\/div>\n<div id=\"element-body-10\">\n<p>Hasta este momento, el<strong> manga public\u00f3 21 vol\u00famenes f\u00edsicos<\/strong>, adem\u00e1s de que se han superado los 160 cap\u00edtulos de historia, por lo que la primera temporada adapt\u00f3 el equivalente de una<strong> cuarta parte del relato actual<\/strong>.<\/p>\n<\/div>\n<div id=\"element-body-12\">\n<p>Fuera de Jap\u00f3n, son<strong> distintas las plataformas con licencias para emitir las series<\/strong>. En el caso de Wind Breaker, la segunda temporada <strong>estar\u00e1 disponible en Crunchyroll<\/strong>, servicio de streaming que tiene los derechos exclusivos para su transmisi\u00f3n fuera de Asia, como es el caso de su primera temporada. <\/p>\n<\/div>\n<div id=\"element-body-13\">\n<blockquote class=\"twitter-tweet\">\n<p lang=\"qme\" dir=\"ltr\"><a rel=\"nofollow\" target=\"_blank\" href=\"https:\/\/twitter.com\/hashtag\/WINDBREAKER?src=hash&amp;ref_src=twsrc%5Etfw\">#WINDBREAKER<\/a> <a rel=\"nofollow\" target=\"_blank\" href=\"https:\/\/twitter.com\/hashtag\/%E3%82%A6%E3%82%A3%E3%83%B3%E3%83%96%E3%83%AC?src=hash&amp;ref_src=twsrc%5Etfw\">#\u30a6\u30a3\u30f3\u30d6\u30ec<\/a> <a rel=\"nofollow\" target=\"_blank\" href=\"https:\/\/t.co\/FDgwSBqfGn\">pic.twitter.com\/FDgwSBqfGn<\/a><\/p>\n<p>\u2014 WIND BREAKER(\u30a6\u30a3\u30f3\u30c9\u30d6\u30ec\u30a4\u30ab\u30fc) \u30b0\u30c3\u30ba \u60c5\u5831 (@winbre_fan) <a rel=\"nofollow\" target=\"_blank\" href=\"https:\/\/twitter.com\/winbre_fan\/status\/1923513793818263921?ref_src=twsrc%5Etfw\">May 16, 2025<\/a><\/p><\/blockquote>\n<\/div>\n<div id=\"element-body-14\">\n<p>Como sucede en la mayor\u00eda de los lanzamientos, el <strong>horario var\u00eda seg\u00fan el pa\u00eds o regi\u00f3n:<\/strong><\/p>\n<\/div>\n<div id=\"element-body-17\">\n<p>La primera temporada de<strong> Wind Breaker<\/strong> presenta un elenco diverso de personajes pertenecientes a diferentes escuelas que controlan sus territorios. Los estudiantes m\u00e1s fuertes de cada escuela gobiernan sus respectivas \u00e1reas. En esta historia conocemos a<strong> Haruka Sakura<\/strong>, un nuevo estudiante de la <strong>escuela secundaria Furin<\/strong> ansioso por hacerse un nombre.<\/p>\n<\/div>\n<div id=\"element-body-18\">\n<p>A medida que conoce a sus compa\u00f1eros de clase, en particular a <strong>Hajime Umemiya<\/strong>, l\u00edder de Bofurin, y a los <strong>Cuatro Reyes Celestiales, Haruka <\/strong>comprende por qu\u00e9 luchan por mantener la paz. Esta experiencia lo transforma de un adolescente ego\u00edsta y desconectado a uno de los l\u00edderes m\u00e1s prometedores de Bofurin. Los fans de Tokyo Revengers y otras historias sobre delincuentes de instituto disfrutar\u00e1n con esta serie llena de acci\u00f3n y emoci\u00f3n.<\/p>\n<\/div>\n<p><script async src=\"\/\/platform.twitter.com\/widgets.js\" charset=\"utf-8\"><\/script><br \/>\n<br \/><br \/>\n<br \/><a href=\"https:\/\/www.clarin.com\/internacional\/wind-breaker-temporada-2-capitulo-10-estrena-decimo-episodio-hora-sale-crunchyroll_0_zGyibaVHet.html\">Fuente Clarin.com <\/a><\/p>\n","protected":false},"excerpt":{"rendered":"<p>La serie Wind Breaker est\u00e1 basada en el manga de Satoru Nii, que lleva el mismo nombre. Es dirigido por Toshifumi Akai en el estudio de animaci\u00f3n japon\u00e9s CloverWorks. Y el dise\u00f1o de personajes estuvo a cargo de Taishi Kawakami y la m\u00fasica de Ryo Takahashi. La temporada uno del anime se estren\u00f3 en abril [&hellip;]<\/p>\n","protected":false},"author":1,"featured_media":30771,"comment_status":"open","ping_status":"open","sticky":false,"template":"","format":"standard","meta":{"footnotes":""},"categories":[2],"tags":[15663,2497,2499,677,15230,2498,2455,713,286,449,2204,7177],"class_list":["post-30770","post","type-post","status-publish","format-standard","has-post-thumbnail","hentry","category-ultimas-noticias","tag-breaker","tag-capitulo","tag-crunchyroll","tag-cuando","tag-decimo","tag-episodio","tag-estrena","tag-hora","tag-que","tag-sale","tag-temporada","tag-wind"],"_links":{"self":[{"href":"https:\/\/13.com.ar\/index.php\/wp-json\/wp\/v2\/posts\/30770","targetHints":{"allow":["GET"]}}],"collection":[{"href":"https:\/\/13.com.ar\/index.php\/wp-json\/wp\/v2\/posts"}],"about":[{"href":"https:\/\/13.com.ar\/index.php\/wp-json\/wp\/v2\/types\/post"}],"author":[{"embeddable":true,"href":"https:\/\/13.com.ar\/index.php\/wp-json\/wp\/v2\/users\/1"}],"replies":[{"embeddable":true,"href":"https:\/\/13.com.ar\/index.php\/wp-json\/wp\/v2\/comments?post=30770"}],"version-history":[{"count":0,"href":"https:\/\/13.com.ar\/index.php\/wp-json\/wp\/v2\/posts\/30770\/revisions"}],"wp:featuredmedia":[{"embeddable":true,"href":"https:\/\/13.com.ar\/index.php\/wp-json\/wp\/v2\/media\/30771"}],"wp:attachment":[{"href":"https:\/\/13.com.ar\/index.php\/wp-json\/wp\/v2\/media?parent=30770"}],"wp:term":[{"taxonomy":"category","embeddable":true,"href":"https:\/\/13.com.ar\/index.php\/wp-json\/wp\/v2\/categories?post=30770"},{"taxonomy":"post_tag","embeddable":true,"href":"https:\/\/13.com.ar\/index.php\/wp-json\/wp\/v2\/tags?post=30770"}],"curies":[{"name":"wp","href":"https:\/\/api.w.org\/{rel}","templated":true}]}}