{"id":30763,"date":"2025-06-04T06:52:34","date_gmt":"2025-06-04T09:52:34","guid":{"rendered":"https:\/\/13.com.ar\/index.php\/sera-un-defensor-que-deja-incierto-el-futuro-de-marcos-rojo\/"},"modified":"2025-06-04T06:52:34","modified_gmt":"2025-06-04T09:52:34","slug":"sera-un-defensor-que-deja-incierto-el-futuro-de-marcos-rojo","status":"publish","type":"post","link":"https:\/\/13.com.ar\/index.php\/sera-un-defensor-que-deja-incierto-el-futuro-de-marcos-rojo\/","title":{"rendered":"ser\u00e1 un defensor que deja incierto el futuro de Marcos Rojo"},"content":{"rendered":"<p> <br \/>\n<br \/><img decoding=\"async\" src=\"https:\/\/13.com.ar\/wp-content\/uploads\/2025\/06\/sera-un-defensor-que-deja-incierto-el-futuro-de-Marcos.jpg\" \/><\/p>\n<div id=\"element-body-0\">\n<p><strong>El primer refuerzo del ciclo de Miguel Angel Russo ser\u00e1 un marcador central y el futuro de Marcos Rojo asoma incierto<\/strong>. Lesiones, cr\u00edticas de los hinchas y un contrato por vencer forman un combo letal para el jugador platense de 35 a\u00f1os. Por m\u00e1s que se trate de un referente, y haya estado bajo la \u00f3rbita del veterano entrenador los primeros seis meses del ciclo anterior, todav\u00eda no est\u00e1 resuelta su continuidad y <strong>nadie puede asegurar que arranque como titular en el Mundial de Clubes<\/strong>.<\/p>\n<\/div>\n<div id=\"element-body-1\">\n<p>Un historial de lesiones lo persigui\u00f3 desde febrero de 2021, cuando firm\u00f3 su v\u00ednculo con Boca. En cuatro a\u00f1os y medio, jug\u00f3 118 partidos y marc\u00f3 9 goles. Sin embargo, reci\u00e9n en 2025 logr\u00f3 completar 10 fechas seguidas con la camiseta azul y oro. En total, alcanz\u00f3 una docena de encuentros en cadena. Nunca antes hab\u00eda sido posible. Fue despu\u00e9s de una inflamaci\u00f3n en el tend\u00f3n que lo dej\u00f3 afuera durante un mes. Antes, hab\u00eda sufrido desgarros y una rotura de ligamentos en la rodilla derecha que lo tuvo inactivo durante 9 meses, nada menos.<\/p>\n<\/div>\n<div id=\"element-body-2\">\n<p>No es casual que <strong>Juan Rom\u00e1n Riquelme <\/strong>haya pensando en un zaguero para este mercado. Sin ir m\u00e1s lejos, est\u00e1n avanzadas las charlas con <strong>Marco Pellegrino<\/strong>, por quien pagar\u00edan una cifra cercana a los 4 millones de d\u00f3lares. Milan aceptar\u00eda bajar sus pretensiones -ped\u00eda cinco millones- a cambio de una plusval\u00eda en una futura venta. Y hay otros dos nombres en carpeta: <strong>Ignacio V\u00e1zquez<\/strong>, capit\u00e1n de Platense, y <strong>Gast\u00f3n Hern\u00e1ndez<\/strong>, uno de los pilares de San Lorenzo.<\/p>\n<\/div>\n<div id=\"element-body-3\">\n<p>Por el reciente campe\u00f3n del f\u00fatbol argentino, el Calamar pretende 3.500.000 d\u00f3lares. Por Hern\u00e1ndez, el Cicl\u00f3n quiere 8 millones de la moneda norteamericana. Ambos tienen 27 a\u00f1os y son diestros, pero suelen desempe\u00f1arse como segundo central, el puesto que ostenta Rojo, zurdo y en la mira por algunas actitudes que pesan fuera del campo de juego.<\/p>\n<\/div>\n<div id=\"element-body-4\">\n<p>A o\u00eddos de Rom\u00e1n lleg\u00f3 la versi\u00f3n de que Rojo lo critic\u00f3 durante un asado que los jugadores celebraron en la casa de <strong>Edinson Cavani<\/strong>. El segundo capit\u00e1n -el primero es el uruguayo- se quej\u00f3 porque el presidente friz\u00f3 la renovaci\u00f3n de su contrato hasta despu\u00e9s del Mundial de Clubes. Alguien escuch\u00f3 frente a la parrilla del uruguayo y se lo cont\u00f3 al presidente. <\/p>\n<\/div>\n<div id=\"element-body-5\">\n<p>El propio zaguero hab\u00eda sido sancionado por Mariano Herr\u00f3n producto de un acto de indisciplina antes del partido de los octavos de final del Torneo Apertura. Aquella noche, <strong>Ayrton Costa -que no podr\u00e1 viajar a Estados Unidos porque le negaron la visa por una causa judicial- <\/strong>fue titular contra Independiente y Rojo, que estuvo en el banco, ni siquiera ingres\u00f3.<\/p>\n<\/div>\n<div id=\"element-body-6\">\n<p>No fue el primer desplante del jugador con pasado en la Selecci\u00f3n Argentina, mundialista en Brasil 2014 y Rusia 2018. En 2022, el ex Estudiantes y Mancheter United fue separado del plantel por Sebasti\u00e1n Battaglia producto de que lleg\u00f3 tarde a una pr\u00e1ctica. La noche previa hab\u00eda sido el cumplea\u00f1os de Dar\u00edo Benedetto. Ambos se quedaron afuera de la lista de concentrados para el partido de la Copa Argentina que Boca deb\u00eda jugar con Ferro.<\/p>\n<\/div>\n<div id=\"element-body-7\">\n<p>En este contexto, \u00bfqu\u00e9 piensa Russo? <em>\u201cA ver&#8230; A Marcos lo conozco, todo&#8230; Esto, cuando llegue el momento, saldr\u00e1 la lista. Siempre es lo mismo, todos tenemos que mostrar necesidades, todo lo normal que sea ponerse la camiseta de Boca o pelear la titularidad. Para m\u00ed es m\u00e1s importante todo eso, y lo que venga despu\u00e9s va a ser de otra forma, de otra manera\u201d<\/em>, puntualiz\u00f3 el entrenador de 69 a\u00f1os en el programa F\u00fatbol Continental.<\/p>\n<\/div>\n<div id=\"element-body-8\">\n<p>La respuesta fue ambigua ante una pregunta muy clara, si lo iba a tener en cuenta a Rojo para el Mundial de Clubes. Parece dif\u00edcil imaginarlo fuera de la n\u00f3mina de viajeros, pero no tiene coronita. Por el contrario, ser\u00e1 examinado por el cuerpo t\u00e9cnico, independientemente de lo que suceda el 31 de diciembre. <strong>Da la sensaci\u00f3n de que est\u00e1 jugando sus \u00faltimas fichas<\/strong>.<\/p>\n<\/div>\n<p><br \/>\n<br \/><a href=\"https:\/\/www.clarin.com\/deportes\/boca-acelera-primer-refuerzo-miguel-angel-russo-defensor-deja-incierto-futuro-marcos-rojo_0_FSTrNkZgup.html\">Fuente Clarin.com <\/a><\/p>\n","protected":false},"excerpt":{"rendered":"<p>El primer refuerzo del ciclo de Miguel Angel Russo ser\u00e1 un marcador central y el futuro de Marcos Rojo asoma incierto. Lesiones, cr\u00edticas de los hinchas y un contrato por vencer forman un combo letal para el jugador platense de 35 a\u00f1os. Por m\u00e1s que se trate de un referente, y haya estado bajo la [&hellip;]<\/p>\n","protected":false},"author":1,"featured_media":30764,"comment_status":"open","ping_status":"open","sticky":false,"template":"","format":"standard","meta":{"footnotes":""},"categories":[2],"tags":[14925,482,2563,14030,4252,2698,153],"class_list":["post-30763","post","type-post","status-publish","format-standard","has-post-thumbnail","hentry","category-ultimas-noticias","tag-defensor","tag-deja","tag-futuro","tag-incierto","tag-marcos","tag-rojo","tag-sera"],"_links":{"self":[{"href":"https:\/\/13.com.ar\/index.php\/wp-json\/wp\/v2\/posts\/30763","targetHints":{"allow":["GET"]}}],"collection":[{"href":"https:\/\/13.com.ar\/index.php\/wp-json\/wp\/v2\/posts"}],"about":[{"href":"https:\/\/13.com.ar\/index.php\/wp-json\/wp\/v2\/types\/post"}],"author":[{"embeddable":true,"href":"https:\/\/13.com.ar\/index.php\/wp-json\/wp\/v2\/users\/1"}],"replies":[{"embeddable":true,"href":"https:\/\/13.com.ar\/index.php\/wp-json\/wp\/v2\/comments?post=30763"}],"version-history":[{"count":0,"href":"https:\/\/13.com.ar\/index.php\/wp-json\/wp\/v2\/posts\/30763\/revisions"}],"wp:featuredmedia":[{"embeddable":true,"href":"https:\/\/13.com.ar\/index.php\/wp-json\/wp\/v2\/media\/30764"}],"wp:attachment":[{"href":"https:\/\/13.com.ar\/index.php\/wp-json\/wp\/v2\/media?parent=30763"}],"wp:term":[{"taxonomy":"category","embeddable":true,"href":"https:\/\/13.com.ar\/index.php\/wp-json\/wp\/v2\/categories?post=30763"},{"taxonomy":"post_tag","embeddable":true,"href":"https:\/\/13.com.ar\/index.php\/wp-json\/wp\/v2\/tags?post=30763"}],"curies":[{"name":"wp","href":"https:\/\/api.w.org\/{rel}","templated":true}]}}