{"id":30760,"date":"2025-06-04T06:46:37","date_gmt":"2025-06-04T09:46:37","guid":{"rendered":"https:\/\/13.com.ar\/index.php\/el-entrenamiento-funcional-es-para-todos-lo-que-advierte-un-entrenador-personal\/"},"modified":"2025-06-04T06:46:37","modified_gmt":"2025-06-04T09:46:37","slug":"el-entrenamiento-funcional-es-para-todos-lo-que-advierte-un-entrenador-personal","status":"publish","type":"post","link":"https:\/\/13.com.ar\/index.php\/el-entrenamiento-funcional-es-para-todos-lo-que-advierte-un-entrenador-personal\/","title":{"rendered":"\u00bfEl entrenamiento funcional es para todos? Lo que advierte un entrenador personal"},"content":{"rendered":"<p> <br \/>\n<\/p>\n<div id=\"cuerpo\">\n<div class=\"sc-45461e9c-0 eqiBeF container-text text-embed \" id=\"element-body-0\">\n<p>En los \u00faltimos a\u00f1os, el <strong>entrenamiento funcional <\/strong>se convirti\u00f3 en uno de los m\u00e9todos m\u00e1s populares en los gimnasios y plataformas de fitness. Promete un cuerpo m\u00e1s fuerte, \u00e1gil y preparado para los desaf\u00edos cotidianos, con rutinas din\u00e1micas que evitan el aburrimiento. Pero, seg\u00fan advierten especialistas, <strong>no siempre es la mejor opci\u00f3n para todos<\/strong>: algunos perfiles pueden estar m\u00e1s expuestos a lesiones si no se toman ciertos recaudos.<\/p>\n<\/div>\n<div class=\"sc-45461e9c-0 eqiBeF container-text text-embed \" id=\"element-body-1\">\n<p>A diferencia del trabajo en m\u00e1quinas, donde se a\u00edslan grupos musculares, <strong>el entrenamiento funcional apuesta por el movimiento integral<\/strong>. Se trata de <strong>ejercicios que imitan movimientos cotidianos<\/strong> como empujar, tirar, levantar peso del suelo, saltar o estabilizar el cuerpo. Combina <strong>fuerza, equilibrio, coordinaci\u00f3n y resistencia en un mismo ejercicio<\/strong>.<\/p>\n<\/div>\n<div class=\"sc-45461e9c-0 eqiBeF container-text text-embed \" id=\"element-body-2\">\n<p>Entre sus ventajas, esta disciplina no solo mejora el rendimiento f\u00edsico en las actividades de la rutina diaria, sino que adem\u00e1s genera un gasto cal\u00f3rico mayor. Esto lo convierte en una opci\u00f3n interesante para quienes buscan perder grasa corporal o mejorar su composici\u00f3n f\u00edsica de forma m\u00e1s din\u00e1mica. Sin embargo, aunque suene tentador, <strong>no todos deber\u00edan lanzarse de lleno sin una preparaci\u00f3n previa<\/strong>.<\/p>\n<\/div>\n<div class=\"sc-45461e9c-0 eqiBeF container-text text-embed \" id=\"element-body-3\">\n<p>El funcional suele estar compuesto por grupos heterog\u00e9neos, en el que se agrupan personas con distintos niveles de condici\u00f3n f\u00edsica, experiencia y necesidades, lo que puede representar <strong>un riesgo para quienes reci\u00e9n comienzan<\/strong>.<\/p>\n<\/div>\n<div class=\"sc-45461e9c-0 eqiBeF container-text text-embed \" id=\"element-body-4\">\n<p>Al no tratarse de un entrenamiento personalizado, aquellos sin experiencia previa podr\u00edan exponerse a movimientos o cargas para los cuales su cuerpo todav\u00eda no est\u00e1 preparado, lo que eleva las chances de sufrir lesiones si no cuentan con una adecuada adaptaci\u00f3n inicial.<\/p>\n<\/div>\n<div class=\"sc-45461e9c-0 eqiBeF container-text text-embed \" id=\"element-body-5\">\n<p>Para saber qu\u00e9 tener en cuenta antes de arrancar con una rutina funcional \u2014y evitar que el entusiasmo termine en lesi\u00f3n\u2014, <strong>el personal trainer y coach de funcional Maximiliano Latriglia<\/strong> explic\u00f3 a <strong>Clar\u00edn <\/strong>qu\u00e9 condiciones f\u00edsicas hay que tener y c\u00f3mo adaptar el entrenamiento a cada uno.<\/p>\n<\/div>\n<p><h2>\u00bfQui\u00e9nes no deber\u00edan hacer entrenamiento funcional y por qu\u00e9?<\/h2>\n<\/p>\n<div class=\"sc-45461e9c-0 eqiBeF container-text text-embed \" id=\"element-body-8\">\n<p>Si bien el funcional puede adaptarse a diferentes niveles, <strong>Latriglia <\/strong>sostiene que existen ciertos casos donde representa un riesgo si no se toman precauciones especiales. Las personas que deber\u00edan evitarlo o adaptarlo bajo supervisi\u00f3n m\u00e9dica son:<\/p>\n<\/div>\n<p><h3>Personas con lesiones agudas o recientes<\/h3>\n<\/p>\n<div class=\"sc-45461e9c-0 eqiBeF container-text text-embed \" id=\"element-body-10\">\n<p>El entrenamiento funcional exige coordinaci\u00f3n, equilibrio, control corporal y la capacidad de mover cargas de forma progresiva. Frente a una lesi\u00f3n aguda \u2014como esguinces, desgarros, fracturas, luxaciones o cirug\u00edas recientes\u2014 los tejidos a\u00fan no est\u00e1n en condiciones de tolerar esas exigencias. El entrenador funcional alerta que iniciar la actividad en estas circunstancias puede agravar la lesi\u00f3n, enlentecer la recuperaci\u00f3n o generar compensaciones perjudiciales.<\/p>\n<\/div>\n<p><h3>Personas con enfermedades cardiovasculares no controladas<\/h3>\n<\/p>\n<div class=\"sc-45461e9c-0 eqiBeF container-text text-embed \" id=\"element-body-12\">\n<p>Quienes presenten hipertensi\u00f3n no controlada, insuficiencia card\u00edaca grave o arritmias inestables deber\u00edan evitar este tipo de entrenamiento, ya que su intensidad puede provocar picos de presi\u00f3n arterial y frecuencia card\u00edaca, lo que puede elevar el riesgo de infarto o accidente cerebrovascular.<\/p>\n<\/div>\n<div class=\"sc-98b114a2-0 bkqiHH image-embed  image-embed \" id=\"element-body-13\"><picture class=\"sc-98b114a2-1 jRUlDm\"><source media=\"(min-width: 975px)\" width=\"0\" height=\"750\" \/><img alt=\"Personas de todas las edades pueden entrenar funcional si cuentan con las condiciones f\u00edsicas adecuadas. Foto:Shutterstock.\" loading=\"lazy\" width=\"0\" height=\"750\" decoding=\"async\" data-nimg=\"1\" style=\"color:transparent\" src=\"https:\/\/13.com.ar\/wp-content\/uploads\/2025\/06\/\u00bfEl-entrenamiento-funcional-es-para-todos-Lo-que-advierte-un.jpg\"\/><span class=\"epigraphe\">Personas de todas las edades pueden entrenar funcional si cuentan con las condiciones f\u00edsicas adecuadas. Foto:Shutterstock.<\/span><span class=\"picture-open\"><button class=\"open-image\" aria-label=\"Open Image\"\/><\/span><\/picture><\/div>\n<p><h3>Personas con trastornos neurol\u00f3gicos graves<\/h3>\n<\/p>\n<div class=\"sc-45461e9c-0 eqiBeF container-text text-embed \" id=\"element-body-15\">\n<p>Pacientes con Parkinson avanzado, hemiparesia post-ACV o epilepsia activa deber\u00edan abstenerse de anotarse a funcional sin supervisi\u00f3n adecuada, ya que las alteraciones en la coordinaci\u00f3n, el equilibrio y el control motor aumentan significativamente el riesgo de ca\u00eddas y accidentes.<\/p>\n<\/div>\n<p><h3>Personas con problemas articulares severos<\/h3>\n<\/p>\n<div class=\"sc-45461e9c-0 eqiBeF container-text text-embed \" id=\"element-body-17\">\n<p>El trabajo con rangos amplios de movimiento puede intensificar el dolor y la inflamaci\u00f3n en personas con problemas articulares, como artrosis avanzada de cadera o rodilla, o artritis reumatoidea activa. Latiglia sostiene que es esencial adaptar los ejercicios para evitar agravamientos. Priorizar la seguridad y el confort articular es clave.<\/p>\n<\/div>\n<p><h3>Personas con obesidad m\u00f3rbida sin adaptaci\u00f3n previa<\/h3>\n<\/p>\n<div class=\"sc-45461e9c-0 eqiBeF container-text text-embed \" id=\"element-body-19\">\n<p>El impacto y las cargas elevan el riesgo de lesiones y complicaciones. Se recomienda una preparaci\u00f3n progresiva para adaptar el cuerpo al esfuerzo, por ejemplo, en personas con un \u00edndice de masa corporal (IMC) superior a 40 y sin experiencia previa en actividad f\u00edsica.<\/p>\n<\/div>\n<p><h2>Entrenamiento funcional: qu\u00e9 debe saber un principiante antes de empezar<\/h2>\n<\/p>\n<div class=\"sc-45461e9c-0 eqiBeF container-text text-embed \" id=\"element-body-21\">\n<p>Aunque si los hay, entrenar funcional no solo implica riesgos. <strong>Maximiliano Latiglia <\/strong>asegura que si el entrenamiento &#8220;est\u00e1 bien planificado y es constante, <strong>los cambios son notables tanto en el f\u00edsico como en la calidad de vida.<\/strong> Por ejemplo, se adquiere mayor fuerza general, resistencia muscular, postura, estabilidad corporal, adem\u00e1s de incremento de la movilidad y la flexibilidad articular&#8221;. <\/p>\n<\/div>\n<div class=\"sc-98b114a2-0 bkqiHH image-embed  image-embed \" id=\"element-body-22\"><picture class=\"sc-98b114a2-1 jRUlDm\"><source media=\"(min-width: 975px)\" width=\"0\" height=\"750\" \/><img alt=\"Facilita tareas como levantar objetos, cargar compras, subir escaleras, etc. Foto: Shutterstock.\" loading=\"lazy\" width=\"0\" height=\"750\" decoding=\"async\" data-nimg=\"1\" style=\"color:transparent\" src=\"https:\/\/13.com.ar\/wp-content\/uploads\/2025\/06\/1749030397_927_\u00bfEl-entrenamiento-funcional-es-para-todos-Lo-que-advierte-un.jpg\"\/><span class=\"epigraphe\">Facilita tareas como levantar objetos, cargar compras, subir escaleras, etc. Foto: Shutterstock.<\/span><span class=\"picture-open\"><button class=\"open-image\" aria-label=\"Open Image\"\/><\/span><\/picture><\/div>\n<div class=\"sc-45461e9c-0 eqiBeF container-text text-embed \" id=\"element-body-23\">\n<p>&#8220;Tambi\u00e9n quisiera destacar que este tipo de entrenamiento impacta en la confianza y en el bienestar emocional. La persona se siente m\u00e1s capaz, m\u00e1s fuerte y m\u00e1s segura en su propio cuerpo&#8221;, destac\u00f3.<\/p>\n<\/div>\n<div class=\"sc-45461e9c-0 eqiBeF container-text text-embed \" id=\"element-body-24\">\n<p>Consiente de ello, quienes est\u00e9n interesados en comenzar a entrenar funcional, es importante que consideren lo siguiente:<\/p>\n<\/div>\n<div class=\"sc-45461e9c-0 eqiBeF container-text text-embed \" id=\"element-body-25\">\n<ul>\n<li><strong>Elegir un buen espacio y profesional<\/strong>: El lugar debe contar con profesionales capacitados que adapten los ejercicios al nivel de cada persona. <\/li>\n<\/ul>\n<\/div>\n<div class=\"sc-45461e9c-0 eqiBeF container-text text-embed \" id=\"element-body-26\">\n<ul>\n<li><strong>Evaluar la condici\u00f3n f\u00edsica inicial<\/strong>: El entrenador debe analizar previamente el estado f\u00edsico para prevenir lesiones y garantizar un progreso seguro.<\/li>\n<\/ul>\n<\/div>\n<div class=\"sc-45461e9c-0 eqiBeF container-text text-embed \" id=\"element-body-27\">\n<ul>\n<li><strong>Entender los objetivos del funcional<\/strong>: Este entrenamiento no se trata solo de \u201cquemar calor\u00edas\u201d, sino de mejorar la fuerza, la movilidad, la coordinaci\u00f3n y la estabilidad. <\/li>\n<\/ul>\n<\/div>\n<div class=\"sc-45461e9c-0 eqiBeF container-text text-embed \" id=\"element-body-28\">\n<ul>\n<li><strong>Aceptar los desaf\u00edos iniciales<\/strong>: Es normal sentirse desafiado al principio; pero con constancia y paciencia, los resultados aparecer\u00e1n a mediano y largo plazo. Adem\u00e1s, &#8220;es clave entender, desde el inicio, que cada uno avanza a su propio ritmo, por lo que hay que evitar las comparaciones. Cada entrenamiento es una oportunidad para mejorar.&#8221;, aconsej\u00f3 el entrenador.<\/li>\n<\/ul>\n<\/div>\n<\/div>\n<p><br \/>\n<br \/><a href=\"https:\/\/www.clarin.com\/informacion-general\/entrenamiento-funcional-advierte-entrenador-personal_0_6b1vdNvjX8.html\">Fuente Clarin.com <\/a><\/p>\n","protected":false},"excerpt":{"rendered":"<p>En los \u00faltimos a\u00f1os, el entrenamiento funcional se convirti\u00f3 en uno de los m\u00e9todos m\u00e1s populares en los gimnasios y plataformas de fitness. Promete un cuerpo m\u00e1s fuerte, \u00e1gil y preparado para los desaf\u00edos cotidianos, con rutinas din\u00e1micas que evitan el aburrimiento. Pero, seg\u00fan advierten especialistas, no siempre es la mejor opci\u00f3n para todos: algunos [&hellip;]<\/p>\n","protected":false},"author":1,"featured_media":30761,"comment_status":"open","ping_status":"open","sticky":false,"template":"","format":"standard","meta":{"footnotes":""},"categories":[2],"tags":[4128,8031,1843,8240,16,2167,923],"class_list":["post-30760","post","type-post","status-publish","format-standard","has-post-thumbnail","hentry","category-ultimas-noticias","tag-advierte","tag-entrenador","tag-entrenamiento","tag-funcional","tag-para","tag-personal","tag-todos"],"_links":{"self":[{"href":"https:\/\/13.com.ar\/index.php\/wp-json\/wp\/v2\/posts\/30760","targetHints":{"allow":["GET"]}}],"collection":[{"href":"https:\/\/13.com.ar\/index.php\/wp-json\/wp\/v2\/posts"}],"about":[{"href":"https:\/\/13.com.ar\/index.php\/wp-json\/wp\/v2\/types\/post"}],"author":[{"embeddable":true,"href":"https:\/\/13.com.ar\/index.php\/wp-json\/wp\/v2\/users\/1"}],"replies":[{"embeddable":true,"href":"https:\/\/13.com.ar\/index.php\/wp-json\/wp\/v2\/comments?post=30760"}],"version-history":[{"count":0,"href":"https:\/\/13.com.ar\/index.php\/wp-json\/wp\/v2\/posts\/30760\/revisions"}],"wp:featuredmedia":[{"embeddable":true,"href":"https:\/\/13.com.ar\/index.php\/wp-json\/wp\/v2\/media\/30761"}],"wp:attachment":[{"href":"https:\/\/13.com.ar\/index.php\/wp-json\/wp\/v2\/media?parent=30760"}],"wp:term":[{"taxonomy":"category","embeddable":true,"href":"https:\/\/13.com.ar\/index.php\/wp-json\/wp\/v2\/categories?post=30760"},{"taxonomy":"post_tag","embeddable":true,"href":"https:\/\/13.com.ar\/index.php\/wp-json\/wp\/v2\/tags?post=30760"}],"curies":[{"name":"wp","href":"https:\/\/api.w.org\/{rel}","templated":true}]}}