{"id":30758,"date":"2025-06-04T06:43:40","date_gmt":"2025-06-04T09:43:40","guid":{"rendered":"https:\/\/13.com.ar\/index.php\/el-pj-pone-en-juego-15-bancas-en-el-senado-y-pronostican-una-catastrofe\/"},"modified":"2025-06-04T06:43:40","modified_gmt":"2025-06-04T09:43:40","slug":"el-pj-pone-en-juego-15-bancas-en-el-senado-y-pronostican-una-catastrofe","status":"publish","type":"post","link":"https:\/\/13.com.ar\/index.php\/el-pj-pone-en-juego-15-bancas-en-el-senado-y-pronostican-una-catastrofe\/","title":{"rendered":"el PJ pone en juego 15 bancas en el Senado y pronostican una cat\u00e1strofe"},"content":{"rendered":"<p> <br \/>\n<br \/><img decoding=\"async\" src=\"https:\/\/13.com.ar\/wp-content\/uploads\/2025\/06\/el-PJ-pone-en-juego-15-bancas-en-el-Senado.jpg\" \/><\/p>\n<div id=\"element-body-1\">\n<p>Fundament\u00f3 su decisi\u00f3n en que debe buscarse la victoria en las elecciones bonaerenses por c\u00f3mo una eventual derrota en la votaci\u00f3n provincial del 7 de septiembre<strong> puede impactar en la performance del peronismo <\/strong>en las elecciones nacionales de octubre en la Provincia y en el resto del pa\u00eds.<\/p>\n<\/div>\n<div id=\"element-body-2\">\n<p>En lo que fue un<strong> palo directo <\/strong>a Axel Kicillof por su decisi\u00f3n de <strong>desdoblar la elecci\u00f3n provincial de la nacional<\/strong>, la presidenta del PJ se pregunt\u00f3: &#8220;\u00bfAlguien pens\u00f3 que si nos va mal en septiembre esto puede irradiar en las elecciones en octubre, a todo el pa\u00eds?&#8221;.<\/p>\n<\/div>\n<div id=\"element-body-3\">\n<p> Y enseguida agreg\u00f3: &#8220;Estamos yendo a elecciones en 8 provincias en las que fueron elegidos los senadores con la boleta presidencial, estamos yendo a la mejor elecci\u00f3n que hizo el peronismo desde 2015&#8221;.<\/p>\n<\/div>\n<div id=\"element-body-4\">\n<p>A<strong>h\u00ed anida justamente parte de la estrategia electoral de Cristina. <\/strong>Por un lado, busca ganar en la Tercera Secci\u00f3n Electoral. Posiblemente lo consiga, aunque el peronismo pierda en el resto de la Provincia. Podr\u00e1 decir, casi como un gesto heroico: &#8220;\u00bfVieron que ten\u00eda raz\u00f3n? Yo hice lo que hab\u00eda que hacer&#8221;. Una eventual derrota del peronismo en las otras 7 secciones electorales de la Provincia, seg\u00fan esa l\u00f3gica, <strong>deber\u00eda atribuirse entonces a Kicillof.<\/strong><\/p>\n<\/div>\n<div id=\"element-body-6\">\n<p>Pero el otro<strong> tema de fondo<\/strong> es el Senado de la Naci\u00f3n, donde el peronismo tiene 34 senadores y hoy por hoy est\u00e1 a apenas tres del qu\u00f3rum y de la mayor\u00eda (37). Cristina en la entrevista que dio el lunes al canal C5N puso el foco justamente en ese punto.<\/p>\n<\/div>\n<div id=\"element-body-7\">\n<p>En ninguno de los 8 distritos que renuevan senadores en octubre -Chaco, Ciudad de Buenos Aires, Entre R\u00edos, R\u00edo Negro, Salta, Tierra del Fuego, Santiago del Estero y Neuqu\u00e9n- <strong>el peronismo asoma con posibilidades de triunfar.<\/strong><\/p>\n<\/div>\n<div id=\"element-body-8\">\n<p>Esas 8 provincias tienen 24 senadores, de los cuales 15 son peronistas. Si se observa <strong>con lupa <\/strong>surge un detalle m\u00e1s importante para la ex presidenta: <strong>de esos 15, 11 son de La C\u00e1mpora o incondicionales de ella misma.<\/strong><\/p>\n<\/div>\n<div id=\"element-body-9\">\n<p>Es un tema del que se habla puertas adentro de la bancada peronista del Senado. Vislumbran que se les avecina una <strong>&#8220;cat\u00e1strofe&#8221; <\/strong>y que el <strong>poder de fuego del bloque se reducir\u00e1 notablemente<\/strong>, quiz\u00e1 como nunca en los \u00faltimos 40 a\u00f1os.<\/p>\n<\/div>\n<div id=\"element-body-10\">\n<p>Breve repaso distrito por distrito: <\/p>\n<ul>\n<li>-Chaco. Cristina tiene alineados dos senadores, <strong>Antonio Rodas <\/strong>e I<strong>n\u00e9s Pilatti Vergara<\/strong>, que integra el Consejo de la Magistratura por la C\u00e1mara alta. Lo m\u00e1s probable es que en esa provincia vuelva a imponerse el oficialismo provincial que encabeza el radical <strong>Leandro Zdero<\/strong>, que recientemente fue a elecciones aliado con La Libertad Avanza. As\u00ed, con suerte, el peronismo retendr\u00eda una de las dos bancas que pondr\u00e1 en juego. Suena <strong>Jorge Capitanich<\/strong> como candidato.<\/li>\n<li>Ciudad de Buenos Aires. La banca por la minor\u00eda est\u00e1 en manos del camporista <strong>Mariano Recalde. <\/strong>De repetirse el resultado de la elecci\u00f3n porte\u00f1a de mayo, el peronismo podr\u00eda elegir un senador. Se dice que habr\u00eda un acuerdo para que Recalde busque otro mandato, pero podr\u00eda anotarse en la pelea Leandro Santoro.<\/li>\n<li>Entre R\u00edos. Pone en juego la banca de la camporista <strong>Stefan\u00eda Cora<\/strong>. Se estima que el gobernador del PRO <strong>Rogelio Frigerio <\/strong>podr\u00eda volver a quedarse con dos senadores, pero hay dudas de qu\u00e9 pasar\u00e1 con la tercera banca. \u00bfPuede ir para La Libertad Avanza?<\/li>\n<li>Salta. Se les vencen los mandatos a los cristinistas <strong>Sergio Napole\u00f3n Leavy <\/strong>y<strong> Nora del Valle Gim\u00e9nez<\/strong>. Tambi\u00e9n es probable que el oficialismo del gobernador provincia<strong>l Gustavo S\u00e1enz <\/strong>logre quedarse con esas dos bancas, \u00bfY la de la minor\u00eda? \u00bfPara los libertarios o el kirchnerismo?<\/li>\n<li>Santiago del Estero. Como sucede en las \u00faltimos a\u00f1os, todo indica que el esquema del gobernador <strong>Gerardo Zamora <\/strong>se quede con las tres bancas, las dos de la mayor\u00eda y la de la minor\u00eda. Zamora juega habitualmente aliado a Cristina, pero hace su propio juego.<\/li>\n<li>R\u00edo Negro. Se les vencen los mandatos al camporista <strong>Mart\u00edn Doo\u00f1ate<\/strong> y la cristinista<strong> Silvina Garc\u00eda Larraburu.<\/strong> En el bloque peronista consideran improbable que el peronismo logre retener dos bancas por esa provincia patag\u00f3nica. Enfrente tendr\u00e1 al oficialismo provincial del gobernador<strong> Alberto Weretilneck <\/strong>y a La Libertad Avanza.<\/li>\n<li>Neuqu\u00e9n. Igual que en R\u00edo Negro. El bloque suma dos senadores cristinistas a los que se les vence el mandato, Oscar Parrilli y<strong> Silvia Sapag<\/strong>. Con suerte podr\u00e1 reelegir un solo senador por esa provincia gobernada por Rolando Figueroa.<\/li>\n<li>Tierra del Fuego. Se les vencen los mandatos a la camporista Eugenia Dur\u00e9 y a la peronista Cristina L\u00f3pez. En esa provincia patag\u00f3nica administrada por el kirchnerista Gustavo Melella el escenario electoral asoma muy abierto, sobre todo tras la decisi\u00f3n del Gobierno Nacional de baja los aranceles a la importaci\u00f3n de celulares.<\/li>\n<\/ul>\n<\/div>\n<div id=\"element-body-11\">\n<p><strong>&#8220;La C\u00e1mpora y el cristinismo van a perder unos 10 senadores&#8221;<\/strong>, se\u00f1ala a <strong>Clar\u00edn <\/strong>un senador alineado con el gobernador peronista de su provincia y al que no se le vence el mandato.<\/p>\n<\/div>\n<div id=\"element-body-13\">\n<p>Todo se encaminar\u00eda a una reconfiguraci\u00f3n del poder interno. Seg\u00fan ese legislador, el resultado electoral har\u00e1 que se rediscutan las cuotas de poder dentro de la bancada, por ejemplo los representantes en el estrat\u00e9gico Consejo de la Magistratura<strong>. &#8220;Cristina ya no podr\u00e1 quedarse con todo<\/strong>&#8220;, adelanta ese legislador.<\/p>\n<\/div>\n<div id=\"element-body-15\">\n<p>Posiblemente, Cristina busque de nuevo tener el <strong>monopolio de la lapicera<\/strong> a la hora de confeccionar las listas de senadores nacionales. Un integrante del bloque ve una se\u00f1al de esto en la intervenci\u00f3n del PJ de Salta que decidi\u00f3 la ex presidenta. &#8220;Mand\u00f3 de interventores a Sergio Berni y a Luz Alonso&#8221;. Mar\u00eda Luz &#8220;Luchi&#8221; Alonso integra La C\u00e1mpora y fue secretaria administrativa del Senado entre 2019 y 2023, es decir mientras CFK presidi\u00f3 la C\u00e1mara alta.<\/p>\n<\/div>\n<div id=\"element-body-16\">\n<p>En el peronismo bonaerense algunos interpretan la jugada de Cristina de competir en &#8220;La Tercera&#8221; como &#8220;muy previsible&#8221;. Entienden que la titular del PJ<strong> eligi\u00f3 refugiarse en el \u00fanico lugar donde tiene chances de ganar.<\/strong><\/p>\n<\/div>\n<div id=\"element-body-17\">\n<p>Su decisi\u00f3n, sin embargo, no despierta un 100 por ciento de adhesiones. <strong>Fernando Gray,<\/strong> intendente de Esteban Echeverr\u00eda -partido que integra la Tercera Secci\u00f3n Electoral-<strong> se propone pedir por carta este mi\u00e9rcoles a Cristina Kirchner, como presidenta del PJ Nacional, y a M\u00e1ximo Kirchner, titular del PJ bonaerense, una interna partidaria para definir las candidaturas del peronismo<\/strong>.<\/p>\n<\/div>\n<div id=\"element-body-19\">\n<p><strong>&#8220;Ahora no hay m\u00e1s PASO, hay que definir por internas los candidatos&#8221;<\/strong>, dijo a<strong> Clar\u00edn<\/strong> Gray.<\/p>\n<\/div>\n<div id=\"element-body-20\">\n<p>El otro punto que observan en el peronismo bonaerense es que con su anuncio de que ser\u00e1 candidata, Cristina vuelve a ponerse como mandam\u00e1s en la interna con Kicillof. &#8220;Axel no est\u00e1 en condiciones de decirle no, &#8216;vos no vas a ser candidata\u00b4&#8221;, apunta un intendente de la Primera Secci\u00f3n Electoral.<\/p>\n<\/div>\n<div id=\"element-body-21\">\n<p>Para ese intendente, pase lo que pase en las elecciones, en diciembre arrancar\u00e1 una nueva etapa en el peronismo. Entiende que el kirchnerismo entrar\u00e1 finalmente en<strong> un proceso de extinci\u00f3n. Hace rato que muchos lo pronostican, pero todos hasta ahora erraron.<\/strong><\/p>\n<\/div>\n<p><br \/>\n<br \/><a href=\"https:\/\/www.clarin.com\/politica\/cristina-eleccion-importa-pj-pone-juego-15-bancas-senado-pronostican-catastrofe_0_VczoCDLtNP.html\">Fuente Clarin.com <\/a><\/p>\n","protected":false},"excerpt":{"rendered":"<p>Fundament\u00f3 su decisi\u00f3n en que debe buscarse la victoria en las elecciones bonaerenses por c\u00f3mo una eventual derrota en la votaci\u00f3n provincial del 7 de septiembre puede impactar en la performance del peronismo en las elecciones nacionales de octubre en la Provincia y en el resto del pa\u00eds. En lo que fue un palo directo [&hellip;]<\/p>\n","protected":false},"author":1,"featured_media":30759,"comment_status":"open","ping_status":"open","sticky":false,"template":"","format":"standard","meta":{"footnotes":""},"categories":[2],"tags":[7717,3787,4994,455,16620,5153,73],"class_list":["post-30758","post","type-post","status-publish","format-standard","has-post-thumbnail","hentry","category-ultimas-noticias","tag-bancas","tag-catastrofe","tag-juego","tag-pone","tag-pronostican","tag-senado","tag-una"],"_links":{"self":[{"href":"https:\/\/13.com.ar\/index.php\/wp-json\/wp\/v2\/posts\/30758","targetHints":{"allow":["GET"]}}],"collection":[{"href":"https:\/\/13.com.ar\/index.php\/wp-json\/wp\/v2\/posts"}],"about":[{"href":"https:\/\/13.com.ar\/index.php\/wp-json\/wp\/v2\/types\/post"}],"author":[{"embeddable":true,"href":"https:\/\/13.com.ar\/index.php\/wp-json\/wp\/v2\/users\/1"}],"replies":[{"embeddable":true,"href":"https:\/\/13.com.ar\/index.php\/wp-json\/wp\/v2\/comments?post=30758"}],"version-history":[{"count":0,"href":"https:\/\/13.com.ar\/index.php\/wp-json\/wp\/v2\/posts\/30758\/revisions"}],"wp:featuredmedia":[{"embeddable":true,"href":"https:\/\/13.com.ar\/index.php\/wp-json\/wp\/v2\/media\/30759"}],"wp:attachment":[{"href":"https:\/\/13.com.ar\/index.php\/wp-json\/wp\/v2\/media?parent=30758"}],"wp:term":[{"taxonomy":"category","embeddable":true,"href":"https:\/\/13.com.ar\/index.php\/wp-json\/wp\/v2\/categories?post=30758"},{"taxonomy":"post_tag","embeddable":true,"href":"https:\/\/13.com.ar\/index.php\/wp-json\/wp\/v2\/tags?post=30758"}],"curies":[{"name":"wp","href":"https:\/\/api.w.org\/{rel}","templated":true}]}}