{"id":30747,"date":"2025-06-04T05:25:31","date_gmt":"2025-06-04T08:25:31","guid":{"rendered":"https:\/\/13.com.ar\/index.php\/un-mundo-sin-periodistas\/"},"modified":"2025-06-04T05:25:31","modified_gmt":"2025-06-04T08:25:31","slug":"un-mundo-sin-periodistas","status":"publish","type":"post","link":"https:\/\/13.com.ar\/index.php\/un-mundo-sin-periodistas\/","title":{"rendered":"Un mundo sin periodistas"},"content":{"rendered":"<p> <br \/>\n<br \/><img decoding=\"async\" src=\"https:\/\/13.com.ar\/wp-content\/uploads\/2025\/06\/Un-mundo-sin-periodistas.jpg\" \/><\/p>\n<div id=\"element-body-0\">\n<p>Muchos dicen que la frase es de <strong>George Orwell<\/strong>, autor de las novelas dist\u00f3picas <em>Rebeli\u00f3n en la granja<\/em> y <em>1984<\/em>, entre otras. Hay quien dice que la frase es un periodista de Chicago, publicada en 1918. Otros aseguran que la frase es del poderoso empresario <strong>William Randolph Hearst<\/strong>. <strong>Las redes, abrumadoramente, garantizan que es de Orwell. Y, sin embargo, no es as\u00ed.<\/strong><\/p>\n<\/div>\n<div id=\"element-body-2\">\n<p>Hace tiempo, las redes sociales se han convertido en<strong> la principal fuente de informaci\u00f3n<\/strong> de la ciudadan\u00eda. Un <strong>manojo de noticias, rumores, mentiras, chismes, citas, recortes, fotos, memes<\/strong> que vienen de alg\u00fan lugar incierto. \u00bfImporta el origen? \u00bfEs relevante saber qui\u00e9n responde por una noticia?<\/p>\n<\/div>\n<div id=\"element-body-3\">\n<p>La an\u00e9cdota es de hace un par de semanas. Uno de los periodistas que mejor conoce el territorio en el que confluyen el <strong>f\u00fatbol, barras y la justicia (o la falta de ella) <\/strong>contaba que varias personas lo llamaron <strong>para comentar una noticia<\/strong>. &#8220;Eso no es cierto&#8221;, les respondi\u00f3. &#8220;S\u00ed, lo le\u00ed en redes&#8221;, le retrucaban sus interlocutores. Pero <strong>era falso.<\/strong><\/p>\n<\/div>\n<div id=\"element-body-5\">\n<p>\u00bfImporta la verdad? \u00bfLa verdad seg\u00fan qui\u00e9n? Incluso atendiendo a la idea de que <strong>los hechos pueden ser le\u00eddos desde distintos puntos de vista<\/strong> que enriquecen y complejizan su comprensi\u00f3n, incluso teniendo presente que <strong>no existe &#8220;lo que pas\u00f3&#8221; sino las versiones<\/strong> sobre eso que pas\u00f3, pese a todo el <strong>relativismo <\/strong>(el atendible y el radical) el padecimiento ajeno existe, el robo existe, la corrupci\u00f3n existe, la mentira existe y quienes asumen la responsabilidad de desempe\u00f1arse como servidores p\u00fablicos deben mostrarse dignos de esa tarea.<\/p>\n<\/div>\n<div id=\"element-body-6\">\n<p>La frase que <strong>no es en absoluto de George Orwell<\/strong>, que aparece por primera vez mencionada en 1918 en el peri\u00f3dico <em>The Fourth State<\/em> con la firma del <strong>periodista L.E. Edwardson<\/strong>, del <em>Chicago Herald<\/em>; y que 12 a\u00f1os m\u00e1s tarde ser\u00e1 atribuida al magnate de los medios William Randolph Hearst, dice as\u00ed: <strong>&#8220;Las noticias son algo que alguien quiere suprimir; todo lo dem\u00e1s son relaciones p\u00fablicas&#8221;. <\/strong>Pero no, no fue as\u00ed.<\/p>\n<\/div>\n<div id=\"element-body-7\">\n<p>En 1930, el columnista Walter Winchell asegur\u00f3 que Hearst dijo esto: \u201cCuando un hombre quiere mantener algo fuera del papel, \u00a1es una buena noticia!\u2026 Cuando lo quiere publicar \u00a1es propaganda o publicidad!\u201d. <strong>\u00bfEs igual que lo diga un novelista que lo enuncie un empresario?<\/strong><\/p>\n<\/div>\n<div id=\"element-body-9\">\n<p><strong>Cualquiera puede contar una mentira<\/strong>. Incluso, con buenas intenciones. Ya se sabe que el camino al infierno est\u00e1 pavimentado con buenas intenciones. Y con fake-news, campa\u00f1as de manipulaci\u00f3n y elecciones direccionadas por el algoritmo que construye <strong>un mundo af\u00edn<\/strong>. Un mundo sin criptoestafas, sin amenazas, sin troles, sin asesores millonarios, sin una econom\u00eda en problemas, sin una industria nacional torpedeada&#8230; Un mundo sin periodistas.<\/p>\n<\/div>\n<p><br \/>\n<br \/><a href=\"https:\/\/www.clarin.com\/opinion\/mundo-periodistas_0_TXzeFd18xK.html\">Fuente Clarin.com <\/a><\/p>\n","protected":false},"excerpt":{"rendered":"<p>Muchos dicen que la frase es de George Orwell, autor de las novelas dist\u00f3picas Rebeli\u00f3n en la granja y 1984, entre otras. Hay quien dice que la frase es un periodista de Chicago, publicada en 1918. Otros aseguran que la frase es del poderoso empresario William Randolph Hearst. Las redes, abrumadoramente, garantizan que es de [&hellip;]<\/p>\n","protected":false},"author":1,"featured_media":30748,"comment_status":"open","ping_status":"open","sticky":false,"template":"","format":"standard","meta":{"footnotes":""},"categories":[2],"tags":[143,2443,882],"class_list":["post-30747","post","type-post","status-publish","format-standard","has-post-thumbnail","hentry","category-ultimas-noticias","tag-mundo","tag-periodistas","tag-sin"],"_links":{"self":[{"href":"https:\/\/13.com.ar\/index.php\/wp-json\/wp\/v2\/posts\/30747","targetHints":{"allow":["GET"]}}],"collection":[{"href":"https:\/\/13.com.ar\/index.php\/wp-json\/wp\/v2\/posts"}],"about":[{"href":"https:\/\/13.com.ar\/index.php\/wp-json\/wp\/v2\/types\/post"}],"author":[{"embeddable":true,"href":"https:\/\/13.com.ar\/index.php\/wp-json\/wp\/v2\/users\/1"}],"replies":[{"embeddable":true,"href":"https:\/\/13.com.ar\/index.php\/wp-json\/wp\/v2\/comments?post=30747"}],"version-history":[{"count":0,"href":"https:\/\/13.com.ar\/index.php\/wp-json\/wp\/v2\/posts\/30747\/revisions"}],"wp:featuredmedia":[{"embeddable":true,"href":"https:\/\/13.com.ar\/index.php\/wp-json\/wp\/v2\/media\/30748"}],"wp:attachment":[{"href":"https:\/\/13.com.ar\/index.php\/wp-json\/wp\/v2\/media?parent=30747"}],"wp:term":[{"taxonomy":"category","embeddable":true,"href":"https:\/\/13.com.ar\/index.php\/wp-json\/wp\/v2\/categories?post=30747"},{"taxonomy":"post_tag","embeddable":true,"href":"https:\/\/13.com.ar\/index.php\/wp-json\/wp\/v2\/tags?post=30747"}],"curies":[{"name":"wp","href":"https:\/\/api.w.org\/{rel}","templated":true}]}}