{"id":30739,"date":"2025-06-04T03:19:35","date_gmt":"2025-06-04T06:19:35","guid":{"rendered":"https:\/\/13.com.ar\/index.php\/el-gobierno-convoco-a-una-audiencia-a-los-gremios-para-buscar-soluciones-al-conflicto\/"},"modified":"2025-06-04T03:19:35","modified_gmt":"2025-06-04T06:19:35","slug":"el-gobierno-convoco-a-una-audiencia-a-los-gremios-para-buscar-soluciones-al-conflicto","status":"publish","type":"post","link":"https:\/\/13.com.ar\/index.php\/el-gobierno-convoco-a-una-audiencia-a-los-gremios-para-buscar-soluciones-al-conflicto\/","title":{"rendered":"el Gobierno convoc\u00f3 a una audiencia a los gremios para buscar &#8220;soluciones al conflicto&#8221;"},"content":{"rendered":"<p> <br \/>\n<br \/><img decoding=\"async\" src=\"https:\/\/13.com.ar\/wp-content\/uploads\/2025\/06\/el-Gobierno-convoco-a-una-audiencia-a-los-gremios-para.jpg\" \/><\/p>\n<div id=\"element-body-0\">\n<p>Mientras contin\u00faan las medidas de fuerza por parte de los residentes, en las \u00faltimas horas el <strong>Gobierno convoc\u00f3 a una audiencia <\/strong>para este mi\u00e9rcoles a los gremios vinculados al Hospital de Pediatr\u00eda S.A.M.I.C. \u201cProf. Dr. Juan P. Garrahan\u201d, con el objetivo de &#8220;generar espacios de di\u00e1logo entre las partes y <strong>avanzar en la b\u00fasqueda de soluciones <\/strong>a los conflictos planteados&#8221;.<\/p>\n<\/div>\n<div id=\"element-body-1\">\n<p>La convocatoria promovida por la Secretar\u00eda de Trabajo, en el marco de una conciliaci\u00f3n obligatoria, est\u00e1 destinada a los representantes de ATE, UPCN y a la Asociaci\u00f3n de Profesionales y T\u00e9cnicos de la instituci\u00f3n, seg\u00fan inform\u00f3 el Ministerio de Capital Humano a trav\u00e9s de la cuenta de X.<\/p>\n<\/div>\n<div id=\"element-body-2\">\n<p>El encuentro ser\u00e1 a las 14 en la sede de la Direcci\u00f3n Nacional de Relaciones y Regulaciones del Trabajo, en Callao al 100.<\/p>\n<\/div>\n<div id=\"element-body-3\">\n<p>La ministra Sandra Pettovello, a cargo de la cartera de Capital Humano, tambi\u00e9n replic\u00f3 este martes por la noche la informaci\u00f3n sobre la convocatoria desde sus redes sociales.<\/p>\n<\/div>\n<div id=\"element-body-4\">\n<blockquote class=\"twitter-tweet\">\n<p lang=\"es\" dir=\"ltr\">.<a rel=\"nofollow\" target=\"_blank\" href=\"https:\/\/twitter.com\/MinCapHum_Ar?ref_src=twsrc%5Etfw\">@MinCapHum_Ar<\/a> , a trav\u00e9s de la Secretar\u00eda de Trabajo, convoc\u00f3 a una nueva audiencia con gremios del Hospital Garrahan, en el marco de la conciliaci\u00f3n obligatoria, para avanzar en el di\u00e1logo. <a rel=\"nofollow\" target=\"_blank\" href=\"https:\/\/t.co\/0P7WPslbmt\">pic.twitter.com\/0P7WPslbmt<\/a><\/p>\n<p>\u2014 Sandra Pettovello (@SPettovelloOK) <a rel=\"nofollow\" target=\"_blank\" href=\"https:\/\/twitter.com\/SPettovelloOK\/status\/1930080664595964196?ref_src=twsrc%5Etfw\">June 4, 2025<\/a><\/p><\/blockquote>\n<\/div>\n<div id=\"element-body-5\">\n<p>En la \u00faltima asamblea, los m\u00e9dicos residentes del Hospital Garrahan decidieron mantener la medida de fuerza. Sostienen que el aumento de 300 mil, junto con un bono comunicado por las autoridades del hospital, no es suficiente: <strong>piden una recomposici\u00f3n salarial en blanco.<\/strong><\/p>\n<\/div>\n<div id=\"element-body-6\">\n<p>Los trabajadores, que sumaron el apoyo de los residentes del Hospital Posadas, leyeron un comunicado en la puerta del hospital, ubicado en Combate de los Pozos 1881. All\u00ed cuestionaron la oferta del Gobierno y anunciaron una &#8220;movilizaci\u00f3n pac\u00edfica&#8221; desde el hospital hasta el Ministerio de Salud para el pr\u00f3ximo jueves 5 de junio.<\/p>\n<\/div>\n<div id=\"element-body-7\">\n<p>&#8220;En el d\u00eda de ayer, 2 de junio de 2025, se llev\u00f3 a cabo una instancia de di\u00e1logo entre representantes del Ministerio de Salud de la Naci\u00f3n, Consejo Directivo del Hospital y m\u00e9dicos residentes. Se nos comunic\u00f3 el otorgamiento de un bono no remunerativo de $ 300.000 que proceder\u00eda del presupuesto hospitalario. Al momento, el mismo no cuenta con un decreto firmado que lo sustente. No se presentaron propuestas adicionales ni se pautaron futuras mesas de di\u00e1logo con el Ministerio de Salud, nuestro empleador&#8221;, indicaron en el inicio del documento.<\/p>\n<\/div>\n<div id=\"element-body-8\">\n<p>En ese marco, se confirm\u00f3 que continuar\u00e1n con el paro y adem\u00e1s <strong>se exigi\u00f3 una recomposici\u00f3n salarial que incluya un plan a mediano y largo plazo<\/strong>, con actualizaciones peri\u00f3dicas acordes a la inflaci\u00f3n.<\/p>\n<\/div>\n<div id=\"element-body-9\">\n<p>&#8220;Nuestro salario depende exclusivamente del Ministerio de Salud de la Naci\u00f3n. El bono no remunerativo que se instaurar\u00eda a partir del 1 de julio del corriente a\u00f1o es un arreglo provisional a la situaci\u00f3n. Nuestro recibo de sueldo sigue siendo el mismo&#8221;, sostuvieron.<\/p>\n<\/div>\n<div id=\"element-body-10\">\n<p>Y concluyeron: &#8220;Nos encontramos inmersos en este conflicto hace m\u00e1s de un a\u00f1o. Como detallamos en otras oportunidades, hemos agotado todas las instancias previas y nos hemos comunicado por las v\u00edas correspondientes (&#8230;) Reiteramos nuestra voluntad de mantener abierta la instancia de di\u00e1logo&#8221;.<\/p>\n<\/div>\n<p><script async src=\"\/\/platform.twitter.com\/widgets.js\" charset=\"utf-8\"><\/script><br \/>\n<br \/><br \/>\n<br \/><a href=\"https:\/\/www.clarin.com\/politica\/hospital-garrahan-gobierno-convoco-audiencia-gremios-buscar-soluciones-conflicto_0_1PY2Xc89Ki.html\">Fuente Clarin.com <\/a><\/p>\n","protected":false},"excerpt":{"rendered":"<p>Mientras contin\u00faan las medidas de fuerza por parte de los residentes, en las \u00faltimas horas el Gobierno convoc\u00f3 a una audiencia para este mi\u00e9rcoles a los gremios vinculados al Hospital de Pediatr\u00eda S.A.M.I.C. \u201cProf. Dr. Juan P. Garrahan\u201d, con el objetivo de &#8220;generar espacios de di\u00e1logo entre las partes y avanzar en la b\u00fasqueda de [&hellip;]<\/p>\n","protected":false},"author":1,"featured_media":30740,"comment_status":"open","ping_status":"open","sticky":false,"template":"","format":"standard","meta":{"footnotes":""},"categories":[2],"tags":[756,7280,2687,753,71,8176,28,16,11613,73],"class_list":["post-30739","post","type-post","status-publish","format-standard","has-post-thumbnail","hentry","category-ultimas-noticias","tag-audiencia","tag-buscar","tag-conflicto","tag-convoco","tag-gobierno","tag-gremios","tag-los","tag-para","tag-soluciones","tag-una"],"_links":{"self":[{"href":"https:\/\/13.com.ar\/index.php\/wp-json\/wp\/v2\/posts\/30739","targetHints":{"allow":["GET"]}}],"collection":[{"href":"https:\/\/13.com.ar\/index.php\/wp-json\/wp\/v2\/posts"}],"about":[{"href":"https:\/\/13.com.ar\/index.php\/wp-json\/wp\/v2\/types\/post"}],"author":[{"embeddable":true,"href":"https:\/\/13.com.ar\/index.php\/wp-json\/wp\/v2\/users\/1"}],"replies":[{"embeddable":true,"href":"https:\/\/13.com.ar\/index.php\/wp-json\/wp\/v2\/comments?post=30739"}],"version-history":[{"count":0,"href":"https:\/\/13.com.ar\/index.php\/wp-json\/wp\/v2\/posts\/30739\/revisions"}],"wp:featuredmedia":[{"embeddable":true,"href":"https:\/\/13.com.ar\/index.php\/wp-json\/wp\/v2\/media\/30740"}],"wp:attachment":[{"href":"https:\/\/13.com.ar\/index.php\/wp-json\/wp\/v2\/media?parent=30739"}],"wp:term":[{"taxonomy":"category","embeddable":true,"href":"https:\/\/13.com.ar\/index.php\/wp-json\/wp\/v2\/categories?post=30739"},{"taxonomy":"post_tag","embeddable":true,"href":"https:\/\/13.com.ar\/index.php\/wp-json\/wp\/v2\/tags?post=30739"}],"curies":[{"name":"wp","href":"https:\/\/api.w.org\/{rel}","templated":true}]}}