{"id":30737,"date":"2025-06-04T02:37:30","date_gmt":"2025-06-04T05:37:30","guid":{"rendered":"https:\/\/13.com.ar\/index.php\/brutal-agresion-de-un-paciente-y-su-hermana-a-medicos-y-enfermeros-en-rio-negro\/"},"modified":"2025-06-04T02:37:30","modified_gmt":"2025-06-04T05:37:30","slug":"brutal-agresion-de-un-paciente-y-su-hermana-a-medicos-y-enfermeros-en-rio-negro","status":"publish","type":"post","link":"https:\/\/13.com.ar\/index.php\/brutal-agresion-de-un-paciente-y-su-hermana-a-medicos-y-enfermeros-en-rio-negro\/","title":{"rendered":"Brutal agresi\u00f3n de un paciente y su hermana a m\u00e9dicos y enfermeros en R\u00edo Negro"},"content":{"rendered":"<p> <br \/>\n<br \/><img decoding=\"async\" src=\"https:\/\/13.com.ar\/wp-content\/uploads\/2025\/06\/Brutal-agresion-de-un-paciente-y-su-hermana-a-medicos.jpg\" \/><\/p>\n<div id=\"element-body-0\">\n<p>Cuatro profesionales de la salud (<strong>m\u00e9dicos y enfermeros) sufrieron una violenta agresi\u00f3n<\/strong> por parte de un paciente y su hermana en el hospital Pedro Moguillansky de Cipolletti, en la provincia de R\u00edo Negro.<\/p>\n<\/div>\n<div id=\"element-body-1\">\n<p>El hombre lleg\u00f3 al centro m\u00e9dico tras recibir asistencia en la v\u00eda p\u00fablica mediante el Sistema Integral de Atenci\u00f3n Rionegrina de Medicina de Emergencia (SIARME), que ofrece el servicio gratuito de emergencias m\u00e9dicas prehospitalarias, debido a un <strong>supuesto cuadro de epilepsia<\/strong>.<\/p>\n<\/div>\n<div id=\"element-body-2\">\n<p>En ese contexto, Franco Adri\u00e1n Lautaro Flores, tal como se identific\u00f3 al agresor, admiti\u00f3 haber consumido <strong>alcohol y estupefacientes en los d\u00edas previos<\/strong>. En efecto, luego de que se le realizaran ex\u00e1menes de laboratorio y se solicitara una tomograf\u00eda, se descart\u00f3 la hip\u00f3tesis del diagn\u00f3stico que parec\u00eda presentar en un principio, dado que el hombre afirmaba que sent\u00eda &#8220;convulsiones&#8221;.<\/p>\n<\/div>\n<div id=\"element-body-3\">\n<p>Acto seguido, se lo dej\u00f3 en observaci\u00f3n y se le suministr\u00f3 hidrataci\u00f3n intravenosa para estabilizarlo. Minutos despu\u00e9s, se arranc\u00f3 la v\u00eda y escap\u00f3 del hospital. Sorpresivamente, el paciente regres\u00f3 al lugar acompa\u00f1ado de su hermana, donde al principio mantuvo una fuerte discusi\u00f3n con el personal de salud. <\/p>\n<\/div>\n<div id=\"element-body-4\">\n<p>Tal como se observa en las im\u00e1genes que comenzaron a circular en las redes sociales en las \u00faltimas horas, se ve c\u00f3mo <strong>Flores alcanza a darle golpes a un m\u00e9dico mientras intentaban detenerlo<\/strong>, mientras que su familiar persegu\u00eda a otra profesional con el prop\u00f3sito de lastimarla.<\/p>\n<\/div>\n<div id=\"element-body-5\">\n<p>Con el correr de las horas, se inform\u00f3 que miembros del personal m\u00e9dico presentaban lesiones en los brazos y en la cabeza. &#8220;<strong>Quedaron seriamente golpeados y sobre todo desde lo psicol\u00f3gico<\/strong>&#8220;, se\u00f1al\u00f3 Santiago Cayupan, referente de la Asociaci\u00f3n Sindical de Profesionales Universitarios de R\u00edo Negro (ASSPUR), en di\u00e1logo con <em>Vos al Aire<\/em>.<\/p>\n<\/div>\n<div id=\"element-body-6\">\n<p>Por el violento hecho, que sucedi\u00f3 el pasado domingo, Flores fue detenido. Sin embargo, <strong>fue liberado a las pocas horas<\/strong> por orden de la jueza Amorina S\u00e1nchez Merlo, seg\u00fan consta en el documento presentado por el Poder Judicial de R\u00edo Negro.<\/p>\n<\/div>\n<div id=\"element-body-7\">\n<p>Seg\u00fan indicaron medios locales, la hermana de Flores no fue arrestada porque no hab\u00eda lugar en las dependencias policiales destinadas a mujeres.<\/p>\n<\/div>\n<div id=\"element-body-8\">\n<p>Alberto Weretilneck, gobernador de R\u00edo Negro, manifest\u00f3 su repudio por las agresiones en el hospital. &#8220;Vamos a perseguir a quienes agredan a trabajadores de nuestros hospitales&#8221;, escribi\u00f3 en su cuenta de X, donde adem\u00e1s comunic\u00f3 que el Ministerio de Salud de R\u00edo Negro ser\u00e1 querellante en la causa que se le abri\u00f3 a Flores. <\/p>\n<\/div>\n<div id=\"element-body-9\">\n<blockquote class=\"twitter-tweet\">\n<p lang=\"es\" dir=\"ltr\">VAMOS A PERSEGUIR A QUIENES AGREDAN A TRABAJADORES DE NUESTROS HOSPITALES<\/p>\n<p>No vamos a permitir que se sigan repitiendo actos de violencia dentro de nuestros hospitales.<\/p>\n<p>Este domingo, en el hospital Moguillansky de Cipolletti, Franco Adri\u00e1n Lautaro Flores junto a otras personas\u2026 <a rel=\"nofollow\" target=\"_blank\" href=\"https:\/\/t.co\/g1stW8RjCU\">pic.twitter.com\/g1stW8RjCU<\/a><\/p>\n<p>\u2014 Alberto Weretilneck (@Weretilneck) <a rel=\"nofollow\" target=\"_blank\" href=\"https:\/\/twitter.com\/Weretilneck\/status\/1929853342320062487?ref_src=twsrc%5Etfw\">June 3, 2025<\/a><\/p><\/blockquote>\n<\/div>\n<div id=\"element-body-10\">\n<p>En la misma l\u00ednea, agreg\u00f3: &#8220;Esto es inadmisible. No puede ser que quienes se atreven a agredir a nuestros enfermeros, a nuestros m\u00e9dicos, a quienes trabajan para cuidarnos, puedan atacar su integridad y retirarse como si nada hubiera pasado&#8221;.<\/p>\n<\/div>\n<p><script async src=\"\/\/platform.twitter.com\/widgets.js\" charset=\"utf-8\"><\/script><br \/>\n<br \/><br \/>\n<br \/><a href=\"https:\/\/www.clarin.com\/policiales\/brutal-agresion-paciente-hermana-medicos-enfermeros-rio-negro_0_zOVJbzO3ls.html\">Fuente Clarin.com <\/a><\/p>\n","protected":false},"excerpt":{"rendered":"<p>Cuatro profesionales de la salud (m\u00e9dicos y enfermeros) sufrieron una violenta agresi\u00f3n por parte de un paciente y su hermana en el hospital Pedro Moguillansky de Cipolletti, en la provincia de R\u00edo Negro. El hombre lleg\u00f3 al centro m\u00e9dico tras recibir asistencia en la v\u00eda p\u00fablica mediante el Sistema Integral de Atenci\u00f3n Rionegrina de Medicina [&hellip;]<\/p>\n","protected":false},"author":1,"featured_media":30738,"comment_status":"open","ping_status":"open","sticky":false,"template":"","format":"standard","meta":{"footnotes":""},"categories":[2],"tags":[3233,427,20179,1803,4821,229,11002,2344],"class_list":["post-30737","post","type-post","status-publish","format-standard","has-post-thumbnail","hentry","category-ultimas-noticias","tag-agresion","tag-brutal","tag-enfermeros","tag-hermana","tag-medicos","tag-negro","tag-paciente","tag-rio"],"_links":{"self":[{"href":"https:\/\/13.com.ar\/index.php\/wp-json\/wp\/v2\/posts\/30737","targetHints":{"allow":["GET"]}}],"collection":[{"href":"https:\/\/13.com.ar\/index.php\/wp-json\/wp\/v2\/posts"}],"about":[{"href":"https:\/\/13.com.ar\/index.php\/wp-json\/wp\/v2\/types\/post"}],"author":[{"embeddable":true,"href":"https:\/\/13.com.ar\/index.php\/wp-json\/wp\/v2\/users\/1"}],"replies":[{"embeddable":true,"href":"https:\/\/13.com.ar\/index.php\/wp-json\/wp\/v2\/comments?post=30737"}],"version-history":[{"count":0,"href":"https:\/\/13.com.ar\/index.php\/wp-json\/wp\/v2\/posts\/30737\/revisions"}],"wp:featuredmedia":[{"embeddable":true,"href":"https:\/\/13.com.ar\/index.php\/wp-json\/wp\/v2\/media\/30738"}],"wp:attachment":[{"href":"https:\/\/13.com.ar\/index.php\/wp-json\/wp\/v2\/media?parent=30737"}],"wp:term":[{"taxonomy":"category","embeddable":true,"href":"https:\/\/13.com.ar\/index.php\/wp-json\/wp\/v2\/categories?post=30737"},{"taxonomy":"post_tag","embeddable":true,"href":"https:\/\/13.com.ar\/index.php\/wp-json\/wp\/v2\/tags?post=30737"}],"curies":[{"name":"wp","href":"https:\/\/api.w.org\/{rel}","templated":true}]}}