{"id":30735,"date":"2025-06-04T02:04:30","date_gmt":"2025-06-04T05:04:30","guid":{"rendered":"https:\/\/13.com.ar\/index.php\/el-gobierno-aprobo-la-implementacion-de-un-sistema-que-agiliza-la-resolucion-de-conflictos-en-salud\/"},"modified":"2025-06-04T02:04:30","modified_gmt":"2025-06-04T05:04:30","slug":"el-gobierno-aprobo-la-implementacion-de-un-sistema-que-agiliza-la-resolucion-de-conflictos-en-salud","status":"publish","type":"post","link":"https:\/\/13.com.ar\/index.php\/el-gobierno-aprobo-la-implementacion-de-un-sistema-que-agiliza-la-resolucion-de-conflictos-en-salud\/","title":{"rendered":"El Gobierno aprob\u00f3 la implementaci\u00f3n de un sistema que agiliza la resoluci\u00f3n de conflictos en Salud"},"content":{"rendered":"<p> <br \/>\n<br \/><img decoding=\"async\" src=\"https:\/\/13.com.ar\/wp-content\/uploads\/2025\/06\/El-Gobierno-aprobo-la-implementacion-de-un-sistema-que-agiliza.jpg\" \/><\/p>\n<div id=\"element-body-0\">\n<p>El Gobierno aprob\u00f3 este mi\u00e9rcoles la implementaci\u00f3n de un procedimiento que permite la<strong> resoluci\u00f3n de reclamos de los usuarios del sistema de Salud<\/strong> de manera prejudicial, garantiz\u00e1ndoles una respuesta eficiente y optimizando el uso de los recursos disponibles.<\/p>\n<\/div>\n<div id=\"element-body-1\">\n<p>El denominado <strong>\u201cProcedimiento de Mediaci\u00f3n Prejudicial en Materia de Salud\u201d (PROMESA)<\/strong>, que estar\u00e1 bajo la \u00f3rbita del Ministerio de Justicia y ser\u00e1 de car\u00e1cter optativo para quien tenga un reclamo, ser\u00e1 <strong>una \u201cinstancia alternativa previa a la interposici\u00f3n de toda acci\u00f3n judicial<\/strong>, cualquiera sea su alcance o naturaleza\u201d, en los conflictos sanitarios \u201ccon los prestadores m\u00e9dico-asistenciales\u201d.<\/p>\n<\/div>\n<div id=\"element-body-2\">\n<p>As\u00ed lo dispuso el <strong>Poder Ejecutivo<\/strong> a trav\u00e9s de un Decreto de Necesidad y Urgencia (DNU) publicado en la \u00faltima edici\u00f3n del <strong>Bolet\u00edn Oficial<\/strong>.<\/p>\n<\/div>\n<div id=\"element-body-3\">\n<p>El documento, que lleva el n\u00famero 379\/2025 y las firmas de Javier Milei y todo su Gabinete, indic\u00f3 en sus considerandos que el procedimiento \u201cse regir\u00e1 por los principios de <strong>voluntariedad, celeridad y confidencialidad<\/strong>, ofreciendo a los ciudadanos la oportunidad de <strong>una opci\u00f3n prejudicial menos costosa<\/strong> en la resoluci\u00f3n de los conflictos de salud\u201d.<\/p>\n<\/div>\n<div id=\"element-body-4\">\n<p>Adem\u00e1s, se destac\u00f3 que \u201cteniendo en cuenta la criticidad que revisten las controversias en materia de salud, la mediaci\u00f3n previa<strong> se celebrar\u00e1 de forma expedita, con plazos breves<\/strong>, en miras de una soluci\u00f3n prejudicial eficaz\u201d.<\/p>\n<\/div>\n<div id=\"element-body-5\">\n<p>El procedimiento, que requerir\u00e1 un trabajo conjunto de los Ministerios de Salud y Justicia para asegurar una capacitaci\u00f3n permanente y espec\u00edfica en materia sanitaria, <strong>estar\u00e1 activo 60 d\u00edas despu\u00e9s de la publicaci\u00f3n en el Bolet\u00edn Oficial<\/strong> y \u201cpermitir\u00e1 producir informaci\u00f3n estad\u00edstica que fortalezca la transparencia y la toma de decisiones informadas en las pol\u00edticas p\u00fablicas de salud\u201d.<\/p>\n<\/div>\n<div id=\"element-body-7\">\n<p>En el anexo del DNU, se aclar\u00f3 que la participaci\u00f3n de las partes en las audiencias de mediaci\u00f3n en el marco del PROMESA <strong>requerir\u00e1 de patrocinio o representaci\u00f3n letrada<\/strong> y se prev\u00e9 asistencia jur\u00eddica gratuita para quienes no cuenten con recursos suficientes.<\/p>\n<\/div>\n<div id=\"element-body-8\">\n<p>\u201cLa parte requirente, al momento de solicitar la intervenci\u00f3n del mediador o de entregarle la documentaci\u00f3n, deber\u00e1 abonar al Ministerio de Justicia los costos que insuman las notificaciones a las partes requeridas\u201d, establece la normativa.<\/p>\n<\/div>\n<div id=\"element-body-9\">\n<p>El procedimiento <strong>establece plazos breves (entre 5 y 7 d\u00edas) <\/strong>para las actuaciones del mediador y para la realizaci\u00f3n de las audiencias.<\/p>\n<\/div>\n<div id=\"element-body-10\">\n<p>Tambi\u00e9n se indic\u00f3 que el Ministerio de Salud \u201cpodr\u00eda tomar participaci\u00f3n en algunos casos sometidos al procedimiento de mediaci\u00f3n en materia de salud, con la finalidad de coadyuvar a que las partes alcancen un acuerdo satisfactorio\u201d.<\/p>\n<\/div>\n<div id=\"element-body-12\">\n<p>El Ejecutivo invit\u00f3 a las Provincias y a la Ciudad de Buenos Aires  a crear en sus respectivas jurisdicciones un procedimiento similar, que contemple sus principios y objetivos.<\/p>\n<\/div>\n<div id=\"element-body-13\">\n<p>Desde el a\u00f1o 2022 se produjo un aumento persistente en el n\u00famero de amparos iniciados donde intervino el Ministerio de Salud, registr\u00e1ndose en 2023 una suba porcentual del 20,62 % respecto del a\u00f1o previo, mientras que en 2024 se registr\u00f3 un aumento del 471,79 % respecto al 2023.<\/p>\n<\/div>\n<p><br \/>\n<br \/><a href=\"https:\/\/www.clarin.com\/sociedad\/gobierno-aprobo-implementacion-sistema-agiliza-resolucion-conflictos-salud_0_Jk1AkLS5hf.html\">Fuente Clarin.com <\/a><\/p>\n","protected":false},"excerpt":{"rendered":"<p>El Gobierno aprob\u00f3 este mi\u00e9rcoles la implementaci\u00f3n de un procedimiento que permite la resoluci\u00f3n de reclamos de los usuarios del sistema de Salud de manera prejudicial, garantiz\u00e1ndoles una respuesta eficiente y optimizando el uso de los recursos disponibles. El denominado \u201cProcedimiento de Mediaci\u00f3n Prejudicial en Materia de Salud\u201d (PROMESA), que estar\u00e1 bajo la \u00f3rbita del [&hellip;]<\/p>\n","protected":false},"author":1,"featured_media":30736,"comment_status":"open","ping_status":"open","sticky":false,"template":"","format":"standard","meta":{"footnotes":""},"categories":[2],"tags":[20178,6451,12676,71,14976,8976,243,2333],"class_list":["post-30735","post","type-post","status-publish","format-standard","has-post-thumbnail","hentry","category-ultimas-noticias","tag-agiliza","tag-aprobo","tag-conflictos","tag-gobierno","tag-implementacion","tag-resolucion","tag-salud","tag-sistema"],"_links":{"self":[{"href":"https:\/\/13.com.ar\/index.php\/wp-json\/wp\/v2\/posts\/30735","targetHints":{"allow":["GET"]}}],"collection":[{"href":"https:\/\/13.com.ar\/index.php\/wp-json\/wp\/v2\/posts"}],"about":[{"href":"https:\/\/13.com.ar\/index.php\/wp-json\/wp\/v2\/types\/post"}],"author":[{"embeddable":true,"href":"https:\/\/13.com.ar\/index.php\/wp-json\/wp\/v2\/users\/1"}],"replies":[{"embeddable":true,"href":"https:\/\/13.com.ar\/index.php\/wp-json\/wp\/v2\/comments?post=30735"}],"version-history":[{"count":0,"href":"https:\/\/13.com.ar\/index.php\/wp-json\/wp\/v2\/posts\/30735\/revisions"}],"wp:featuredmedia":[{"embeddable":true,"href":"https:\/\/13.com.ar\/index.php\/wp-json\/wp\/v2\/media\/30736"}],"wp:attachment":[{"href":"https:\/\/13.com.ar\/index.php\/wp-json\/wp\/v2\/media?parent=30735"}],"wp:term":[{"taxonomy":"category","embeddable":true,"href":"https:\/\/13.com.ar\/index.php\/wp-json\/wp\/v2\/categories?post=30735"},{"taxonomy":"post_tag","embeddable":true,"href":"https:\/\/13.com.ar\/index.php\/wp-json\/wp\/v2\/tags?post=30735"}],"curies":[{"name":"wp","href":"https:\/\/api.w.org\/{rel}","templated":true}]}}