{"id":30729,"date":"2025-06-03T23:19:29","date_gmt":"2025-06-04T02:19:29","guid":{"rendered":"https:\/\/13.com.ar\/index.php\/como-recorrer-esta-area-cargada-de-historia-y-cultura\/"},"modified":"2025-06-03T23:19:29","modified_gmt":"2025-06-04T02:19:29","slug":"como-recorrer-esta-area-cargada-de-historia-y-cultura","status":"publish","type":"post","link":"https:\/\/13.com.ar\/index.php\/como-recorrer-esta-area-cargada-de-historia-y-cultura\/","title":{"rendered":"c\u00f3mo recorrer esta \u00e1rea cargada de historia y cultura"},"content":{"rendered":"<p> <br \/>\n<br \/><img decoding=\"async\" src=\"https:\/\/13.com.ar\/wp-content\/uploads\/2025\/06\/como-recorrer-esta-area-cargada-de-historia-y-cultura.jpg\" \/><\/p>\n<div id=\"element-body-0\">\n<p>Hay ciudades que parecen sacadas de un sue\u00f1o, y <strong>La Plata<\/strong> es una de ellas. Conocida como \u201c<strong>la Par\u00eds argentina<\/strong>\u201d, la capital de la provincia de <strong>Buenos Aires<\/strong> encanta por su dise\u00f1o urbano sim\u00e9trico, sus diagonales arboladas, y una arquitectura que remite directamente a los bulevares y edificios de estilo <em>Art Nouveau <\/em>que se encuentran en <strong>Francia<\/strong>.<\/p>\n<\/div>\n<div id=\"element-body-1\">\n<p>A solo<strong> 60 kil\u00f3metros <\/strong>de la <strong>Ciudad Aut\u00f3noma de Buenos Aires<\/strong>, esta joya bonaerense fue ideada desde sus cimientos por el pol\u00edtico y visionario Dardo Rocha. <strong>El 19 de noviembre de 1882 se fund\u00f3 oficialmente con un plan urban\u00edstico \u00fanico<\/strong>: una ciudad pensada desde cero, con un trazado en forma de cuadrado perfecto atravesado por diagonales que permiten moverse de forma m\u00e1s directa y visualmente armoniosa.<\/p>\n<\/div>\n<div id=\"element-body-3\">\n<p>La magia de La Plata no solo est\u00e1 en su organizaci\u00f3n urbana, sino tambi\u00e9n en sus edificios, muchos de ellos inspirados en el estilo<em> Art Nouveau<\/em>. Este movimiento arquitect\u00f3nico se caracteriza por las<strong> formas org\u00e1nicas, las l\u00edneas curvas y el uso de materiales como hierro forjado, vidrio y cer\u00e1mica<\/strong>, elementos que abundan en varias construcciones platenses.<\/p>\n<\/div>\n<div id=\"element-body-4\">\n<p>Una de las joyas m\u00e1s emblem\u00e1ticas es el <strong>Palacio Gibert<\/strong>, en Diagonal 80 al 700, sede de la Universidad del Este. Con sus detalles en hierro y su dise\u00f1o asim\u00e9trico, parece salido de un barrio parisino. <\/p>\n<\/div>\n<div id=\"element-body-5\">\n<p>Tambi\u00e9n se destacan el<strong> Palacio Achinelly<\/strong> (1911), la <strong>Casa Boo<\/strong> (1913) y el llamado<strong> Palacio de las Flores<\/strong>, con su torre imponente en Calle 12 y 58. Incluso la estaci\u00f3n del tren Roca, aunque modificada con los a\u00f1os, conserva detalles curvos que delatan su inspiraci\u00f3n original.<\/p>\n<\/div>\n<div id=\"element-body-8\">\n<p>La Plata no solo es bella: tambi\u00e9n fue pionera en muchos aspectos tecnol\u00f3gicos. Fue la <strong>primera ciudad de Sudam\u00e9rica en contar con luz el\u00e9ctrica p\u00fablica<\/strong>, y tambi\u00e9n la primera en implementar tranv\u00edas el\u00e9ctricos y sem\u00e1foros. Ya en 1892, el avance era tal que la iluminaci\u00f3n de la Plaza San Mart\u00edn pod\u00eda verse desde Colonia, en Uruguay.<\/p>\n<\/div>\n<div id=\"element-body-9\">\n<p>La innovaci\u00f3n no qued\u00f3 en el pasado. En tiempos m\u00e1s recientes, se convirti\u00f3 en la primera ciudad del pa\u00eds en coordinar el estacionamiento con mensajes de texto. Esta combinaci\u00f3n de historia, vanguardia y planificaci\u00f3n urbana la transforma en un destino ideal para quienes disfrutan de recorrer ciudades con identidad.<\/p>\n<\/div>\n<div id=\"element-body-12\">\n<p>Entre sus encantos naturales, La Plata cuenta con <strong>23 plazas y parques<\/strong>, siendo el Paseo del Bosque su pulm\u00f3n verde m\u00e1s emblem\u00e1tico. Con <strong>lagos, jardines, un jard\u00edn zool\u00f3gico y un museo de ciencias naturales<\/strong>, este espacio invita a pasar el d\u00eda entre naturaleza y conocimiento.<\/p>\n<\/div>\n<div id=\"element-body-13\">\n<p>Adem\u00e1s, la ciudad alberga una de las catedrales m\u00e1s imponentes de Am\u00e9rica, la Catedral de la Inmaculada Concepci\u00f3n, cuya silueta g\u00f3tica se alza junto a la Plaza Moreno, el verdadero coraz\u00f3n platense. <\/p>\n<\/div>\n<div id=\"element-body-14\">\n<p>La mejor manera de conocer La Plata es<strong> caminando o en bicicleta<\/strong>, disfrutando del trazado pensado al detalle, admirando las c\u00fapulas, las vidrieras de colores y los detalles arquitect\u00f3nicos que sorprenden en cada cuadra. Tambi\u00e9n se pueden hacer recorridos guiados, muchos de ellos gratuitos, organizados por la municipalidad y universidades locales.<\/p>\n<\/div>\n<p><br \/>\n<br \/><a href=\"https:\/\/www.clarin.com\/informacion-general\/paris-argentina-enamora-residentes-turistas-paisaje-propio-francia-recorrer-area-cargada-historia-cultura_0_V3mmWnu0nh.html\">Fuente Clarin.com <\/a><\/p>\n","protected":false},"excerpt":{"rendered":"<p>Hay ciudades que parecen sacadas de un sue\u00f1o, y La Plata es una de ellas. Conocida como \u201cla Par\u00eds argentina\u201d, la capital de la provincia de Buenos Aires encanta por su dise\u00f1o urbano sim\u00e9trico, sus diagonales arboladas, y una arquitectura que remite directamente a los bulevares y edificios de estilo Art Nouveau que se encuentran [&hellip;]<\/p>\n","protected":false},"author":1,"featured_media":30730,"comment_status":"open","ping_status":"open","sticky":false,"template":"","format":"standard","meta":{"footnotes":""},"categories":[2],"tags":[4646,18625,66,4149,300,1329,7871],"class_list":["post-30729","post","type-post","status-publish","format-standard","has-post-thumbnail","hentry","category-ultimas-noticias","tag-area","tag-cargada","tag-como","tag-cultura","tag-esta","tag-historia","tag-recorrer"],"_links":{"self":[{"href":"https:\/\/13.com.ar\/index.php\/wp-json\/wp\/v2\/posts\/30729","targetHints":{"allow":["GET"]}}],"collection":[{"href":"https:\/\/13.com.ar\/index.php\/wp-json\/wp\/v2\/posts"}],"about":[{"href":"https:\/\/13.com.ar\/index.php\/wp-json\/wp\/v2\/types\/post"}],"author":[{"embeddable":true,"href":"https:\/\/13.com.ar\/index.php\/wp-json\/wp\/v2\/users\/1"}],"replies":[{"embeddable":true,"href":"https:\/\/13.com.ar\/index.php\/wp-json\/wp\/v2\/comments?post=30729"}],"version-history":[{"count":0,"href":"https:\/\/13.com.ar\/index.php\/wp-json\/wp\/v2\/posts\/30729\/revisions"}],"wp:featuredmedia":[{"embeddable":true,"href":"https:\/\/13.com.ar\/index.php\/wp-json\/wp\/v2\/media\/30730"}],"wp:attachment":[{"href":"https:\/\/13.com.ar\/index.php\/wp-json\/wp\/v2\/media?parent=30729"}],"wp:term":[{"taxonomy":"category","embeddable":true,"href":"https:\/\/13.com.ar\/index.php\/wp-json\/wp\/v2\/categories?post=30729"},{"taxonomy":"post_tag","embeddable":true,"href":"https:\/\/13.com.ar\/index.php\/wp-json\/wp\/v2\/tags?post=30729"}],"curies":[{"name":"wp","href":"https:\/\/api.w.org\/{rel}","templated":true}]}}