{"id":30727,"date":"2025-06-03T23:04:34","date_gmt":"2025-06-04T02:04:34","guid":{"rendered":"https:\/\/13.com.ar\/index.php\/fuertes-cruces-y-chicanas-entre-el-ministro-luis-petri-y-diputados-k\/"},"modified":"2025-06-03T23:04:34","modified_gmt":"2025-06-04T02:04:34","slug":"fuertes-cruces-y-chicanas-entre-el-ministro-luis-petri-y-diputados-k","status":"publish","type":"post","link":"https:\/\/13.com.ar\/index.php\/fuertes-cruces-y-chicanas-entre-el-ministro-luis-petri-y-diputados-k\/","title":{"rendered":"fuertes cruces y chicanas entre el ministro Luis Petri y diputados K"},"content":{"rendered":"<p> <br \/>\n<\/p>\n<div id=\"cuerpo\">\n<div class=\"sc-45461e9c-0 eqiBeF container-text text-embed \" id=\"element-body-0\">\n<p>El ministro de Defensa, Luis Petri, tuvo este martes un<strong> picante paso <\/strong>por la Comisi\u00f3n de Defensa de la C\u00e1mara de Diputados. Fue una<strong> larga exposici\u00f3n informativa<\/strong> -arranc\u00f3 a las cuatro de la tarde y se extendi\u00f3 hasta m\u00e1s pasadas las ocho y media de la noche- donde desfilaron pr\u00e1cticamente todos los temas castrenses, que hoy por hoy,<strong> asoman todos pol\u00e9micos, como la situaci\u00f3n salarial y la cr\u00edtica situaci\u00f3n del IOSFA, la obra social militar que, reconoci\u00f3, tiene una deuda de 120 mil millones de pesos.<\/strong><\/p>\n<\/div>\n<div class=\"sc-45461e9c-0 eqiBeF container-text text-embed \" id=\"element-body-1\">\n<p>La cuesti\u00f3n de los<strong> bajos salarios militares<\/strong> -hoy un oficial medio con veinte a\u00f1os de antig\u00fcedad en una fuerza, gana menos que los choferes de colectivo que han hecho huelgas por su situaci\u00f3n- fue uno de los platos fuertes de la reuni\u00f3n. <strong>Junto a Petri se sent\u00f3 y condujo el presidente de la comisi\u00f3n, el ex ministro de Defensa Ricardo L\u00f3pez Murphy.<\/strong><\/p>\n<\/div>\n<div class=\"sc-45461e9c-0 eqiBeF container-text text-embed \" id=\"element-body-2\">\n<p>Petri concurri\u00f3 preparado para las cr\u00edticas, y dispuesto a polarizar con los K, agit\u00f3 de entrada el cat\u00e1logo de esc\u00e1ndalos conocido del \u00faltimo tiempo del gobierno de Alberto Fern\u00e1ndez. Exhibi\u00f3 la foto de la actriz Florencia Pe\u00f1a contratada por entonces por la Fabrica Militar de Aviones (Fadea) para una charla de g\u00e9nero,<strong> refresc\u00f3 la compra de whiskies caros y de salm\u00f3n para eventos<\/strong> en aquel tiempo. <strong>\u201c\u00a1Verg\u00fcenza les tiene que dar! \u00a1Compraban salm\u00f3n y ten\u00edan hambreados a los miembros de las Fuerzas Armadas!\u201d<\/strong>, acus\u00f3 hacia el grupo de diputados de Uni\u00f3n por la Patria. <\/p>\n<\/div>\n<div class=\"sc-45461e9c-0 eqiBeF container-text text-embed \" id=\"element-body-3\">\n<p>A su favor, defendi\u00f3 los cambios al Servicio Militar Obligatorio, y la compra de los caza F-16 a Estados Unidos, el a\u00f1o pasado. Y critic\u00f3 las gestiones kirchneristas tras asegurar que no hab\u00edan avanzado en adquisiciones, pese a contar con los recursos autorizados por el Congreso.<\/p>\n<\/div>\n<div class=\"sc-45461e9c-0 eqiBeF container-text text-embed \" id=\"element-body-4\">\n<p>En cuanto a salarios, cuando lleg\u00f3 Javier Milei a la Casa Rosada, tambi\u00e9n le aplic\u00f3 la <strong>motosierra <\/strong>a los ingresos de los militares. El actual gobierno <strong>suspendi\u00f3 el pago de los dos \u00faltimos tramos de un plan de cinco cuotas de equiparaci\u00f3n de los militares con los sueldos de las fuerzas de seguridad, <\/strong>iniciados en la gesti\u00f3n anterior.<\/p>\n<\/div>\n<div class=\"sc-45461e9c-0 eqiBeF container-text text-embed \" id=\"element-body-5\">\n<p>Pero Petri fue con explicaci\u00f3n propia: dijo que es \u201cfalsa\u201d la equiparaci\u00f3n. <strong>\u201cUstedes no equipararon a las fuerzas armadas, ustedes saben lo que hicieron? Un plan platita para buscar votos&#8221;<\/strong>, del que acus\u00f3 a Sergio Massa y su antecesor el ex ministro de Defensa Jorge Taiana.<\/p>\n<\/div>\n<p><h2>Los n\u00fameros del ministro<\/h2>\n<\/p>\n<div class=\"sc-98b114a2-0 bkqiHH image-embed  image-embed \" id=\"element-body-7\"><picture class=\"sc-98b114a2-1 jRUlDm\"><source media=\"(min-width: 975px)\" width=\"720\" height=\"480\" \/><img alt=\"Luis Petri exhibe un gr\u00e1fico con la &quot;brecha&quot; en los ingresos militares respecto de las fuerzas de seguridad.\" loading=\"lazy\" width=\"720\" height=\"480\" decoding=\"async\" data-nimg=\"1\" style=\"color:transparent\" src=\"https:\/\/13.com.ar\/wp-content\/uploads\/2025\/06\/fuertes-cruces-y-chicanas-entre-el-ministro-Luis-Petri-y.jpg\"\/><span class=\"epigraphe\">Luis Petri exhibe un gr\u00e1fico con la &#8220;brecha&#8221; en los ingresos militares respecto de las fuerzas de seguridad.<\/span><span class=\"picture-open\"><button class=\"open-image\" aria-label=\"Open Image\"\/><\/span><\/picture><\/div>\n<div class=\"sc-45461e9c-0 eqiBeF container-text text-embed \" id=\"element-body-8\">\n<p>Para esto se apoy\u00f3 en un gr\u00e1fico seg\u00fan el cual la brecha con las fuerzas de seguridad, de 25% en diciembre de 2023 cuando asumi\u00f3 Milei, baj\u00f3 a mayo de 2025 a 19%. \u201cDato mata relato&#8221;, se jact\u00f3 Petri.<\/p>\n<\/div>\n<div class=\"sc-45461e9c-0 eqiBeF container-text text-embed \" id=\"element-body-9\">\n<p><strong>Ya hab\u00eda habido griter\u00edo y rispideces con Germ\u00e1n Mart\u00ednez, jefe de bloque de UxP.<\/strong><\/p>\n<\/div>\n<div class=\"sc-45461e9c-0 eqiBeF container-text text-embed \" id=\"element-body-10\">\n<p>Pero tambi\u00e9n intervino L\u00f3pez Murphy, con la incomodidad de que lo ten\u00eda al lado.<\/p>\n<\/div>\n<div class=\"sc-45461e9c-0 eqiBeF container-text text-embed \" id=\"element-body-11\">\n<p><strong>-\u00bfCu\u00e1ndo se produce la equiparaci\u00f3n?,<\/strong> lo acicate\u00f3 con mucha calma el \u201cBulldog\u201d.<\/p>\n<\/div>\n<div class=\"sc-45461e9c-0 eqiBeF container-text text-embed \" id=\"element-body-12\">\n<p><strong>-Nuestro objetivo es terminar el mandato del presidente con las fuerzas de seguridad equiparadas-, <\/strong>dijo Petri.<\/p>\n<\/div>\n<div class=\"sc-45461e9c-0 eqiBeF container-text text-embed \" id=\"element-body-13\">\n<p>Pareci\u00f3 pasarse por alto que si las dos cuotas restantes hubieran sido saldadas, ya estar\u00edan supuestamente \u201cequiparadas\u201d, y no habr\u00eda que esperar hasta fines de 2027.<\/p>\n<\/div>\n<div class=\"sc-45461e9c-0 eqiBeF container-text text-embed \" id=\"element-body-15\">\n<p>-El punto ministro es por qu\u00e9 existe esa diferencia, <strong>es inaceptable<\/strong>, sentenci\u00f3.<\/p>\n<\/div>\n<div class=\"sc-45461e9c-0 eqiBeF container-text text-embed \" id=\"element-body-16\">\n<p>-Usted fue ministro de Defensa&#8230;<\/p>\n<\/div>\n<div class=\"sc-45461e9c-0 eqiBeF container-text text-embed \" id=\"element-body-17\">\n<p>-Lo s\u00e9 perfectamente,<strong> en esa \u00e9poca no hab\u00eda esa diferencia.<\/strong><\/p>\n<\/div>\n<div class=\"sc-45461e9c-0 eqiBeF container-text text-embed \" id=\"element-body-18\">\n<p>-Nosotros estamos trabajando todos los d\u00edas para eliminar esa diferencia.<strong> Usted fue ministro de Econom\u00eda tambi\u00e9n<\/strong> -pareci\u00f3 correrlo Petri a L\u00f3pez Murphy, aunque sin cargar las tintas porque ambos provienen de la Uni\u00f3n C\u00edvica Radical, cuyo gobierno se derrumb\u00f3 en 2001 con el estallido de la convertibilidad menemista de los 90.<\/p>\n<\/div>\n<div class=\"sc-45461e9c-0 eqiBeF container-text text-embed \" id=\"element-body-19\">\n<p>-Nos dejaron un pa\u00eds con una inflaci\u00f3n que corr\u00eda al 17 mil por ciento -busc\u00f3 salir del paso Petri con uno de los caballitos de batalla de Milei. Por si hiciera falta, Murphy aclar\u00f3 pese a su cr\u00edtica, que \u00e9l no ten\u00eda nada que ver con la gesti\u00f3n K.<\/p>\n<\/div>\n<p><h2>La crisis del IOSFA<\/h2>\n<\/p>\n<div class=\"sc-45461e9c-0 eqiBeF container-text text-embed \" id=\"element-body-21\">\n<p>Hasta este martes, Defensa no negaba las cifras que trascend\u00edan. Petri blanque\u00f3 a una pregunta de la ex libertaria <strong>Lourdes Arrieta<\/strong>, que la deuda del IOSFA alcanza los 120 mil millones de pesos.<\/p>\n<\/div>\n<div class=\"sc-98b114a2-0 bkqiHH image-embed  image-embed \" id=\"element-body-22\"><picture class=\"sc-98b114a2-1 jRUlDm\"><source media=\"(min-width: 975px)\" width=\"720\" height=\"480\" \/><img alt=\"Ricardo L\u00f3pez Murphy. al presidir este martes la Comisi\u00f3n de Defensa, donde expuso el ministro Luis Petri.\" loading=\"lazy\" width=\"720\" height=\"480\" decoding=\"async\" data-nimg=\"1\" style=\"color:transparent\" src=\"https:\/\/13.com.ar\/wp-content\/uploads\/2025\/06\/1749002674_266_fuertes-cruces-y-chicanas-entre-el-ministro-Luis-Petri-y.jpg\"\/><span class=\"epigraphe\">Ricardo L\u00f3pez Murphy. al presidir este martes la Comisi\u00f3n de Defensa, donde expuso el ministro Luis Petri.<\/span><span class=\"picture-open\"><button class=\"open-image\" aria-label=\"Open Image\"\/><\/span><\/picture><\/div>\n<div class=\"sc-45461e9c-0 eqiBeF container-text text-embed \" id=\"element-body-23\">\n<p>Frente a varios rumores, Petri ratific\u00f3 a<strong> Roberto Fiochi<\/strong> al frente de la obra social, y enumer\u00f3 una serie de causales que llevaron a la situaci\u00f3n actual, entre ellos los 2.700 empleados, el pago de amparos judiciales y la disparada de costos de los medicamentos luego de la megadevaluaci\u00f3n (no us\u00f3 este t\u00e9rmino) que hizo Milei con el ministro Luis Caputo luego de asumir en diciembre de 2023. Petri pidi\u00f3 adem\u00e1s <strong>normalizar las contribuciones patronales a la obra social, que en este caso, son las propias fuerzas armadas.<\/strong><\/p>\n<\/div>\n<div class=\"sc-45461e9c-0 eqiBeF container-text text-embed \" id=\"element-body-24\">\n<p>Cuando tuvo micr\u00f3fono, <strong>Germ\u00e1n Mart\u00ednez<\/strong> replic\u00f3 duramente las iron\u00edas que Petri le hab\u00eda dedicado en el tramo que defendi\u00f3 el despliegue militar en el llamado Operativo Roca en la frontera norte, cuestionado por involucrar a las FF.AA. en tareas policiales propias de la seguridad interior.<\/p>\n<\/div>\n<div class=\"sc-45461e9c-0 eqiBeF container-text text-embed \" id=\"element-body-25\">\n<p><strong>\u201c\u00a1Mentiste, macaneaste!\u201d<\/strong>, le espet\u00f3 el diputado de UxP, y acus\u00f3 a Petri de usar una versi\u00f3n actualizada, no la original, de un decreto de Cristina Kirchner, como modo de justificar ciertas \u00f3rdenes que hab\u00edan dado a las FF.AA. en el operativo Escudo Norte en 2011. Hubo otro cruce subido de tono: \u201cEnse\u00f1en al ministro a usar Infoleg\u201d, dijo Mart\u00ednez, y Petri le devolvi\u00f3: \u201cTe doy gratis una charla de derecho\u201d. Habr\u00eda otros cruces m\u00e1s tarde, con Murphy llamando a la &#8220;normalidad&#8221; de la reuni\u00f3n.<\/p>\n<\/div>\n<div class=\"sc-45461e9c-0 eqiBeF container-text text-embed \" id=\"element-body-26\">\n<p>A su turno, el cordob\u00e9s Oscar Agost Carre\u00f1o, sin aparente iron\u00eda, le pregunt\u00f3 a Petri si hab\u00edan hecho denuncias por \u201cla pesada herencia que dicen que recibieron&#8221;. Petri dio a entender que no, pero volvi\u00f3 a cuestionar t\u00e1citamente la contrataci\u00f3n de Florencia Pe\u00f1a.<\/p>\n<\/div>\n<div class=\"sc-45461e9c-0 eqiBeF container-text text-embed \" id=\"element-body-27\">\n<p>Agustina Propato, de UxP, tambi\u00e9n puso el acento en el tema salarial, y le mostr\u00f3 la \u201cpiramide de Oliveto\u201d (que realiza el economista Guillermo Oliveto) seg\u00fan la cual<strong> casi todos los miembros de las Fuerzas Armadas est\u00e1n en la clase media baja, o peor aun, en la pobreza.<\/strong><\/p>\n<\/div>\n<div class=\"sc-45461e9c-0 eqiBeF container-text text-embed \" id=\"element-body-28\">\n<p><strong>&#8220;No podemos pretender tener un sistema de defensa a la altura de los desaf\u00edos del mundo con miembros de las fuerzas desprestigiados con salarios de hambre&#8221;,<\/strong> afirm\u00f3 la diputada.<\/p>\n<\/div>\n<div class=\"sc-45461e9c-0 eqiBeF container-text text-embed \" id=\"element-body-29\">\n<p>La concurrencia de Petri a Diputados fue <strong>reconocida <\/strong>por los opositores, y marc\u00f3 contraste con otros miembros del Gabinete que, acaso por temor, inseguridad u otros motivos, han esquivado al Parlamento. Casos extremos: Luis Caputo y Mariano C\u00faneo Libarona (Justicia), que no concurrieron siquiera a una interpelaci\u00f3n votada por un poder del Estado, hecho in\u00e9dito que no ha tra\u00eddo consecuencia alguna hasta ahora. Petri, en cambio, pol\u00edtico de carrera, dos mandatos de diputado nacional, <strong>se enfrent\u00f3 a sus antiguos pares -y los contrast\u00f3- sin ning\u00fan tipo de limitaciones.<\/strong><\/p>\n<\/div>\n<div class=\"sc-45461e9c-0 eqiBeF container-text text-embed \" id=\"element-body-30\">\n<p>Fueron con el ministro y expusieron ante la comisi\u00f3n tambi\u00e9n: Betina Surballe, presidenta del IAF; Juan Vaquer, presidente de Fabricaciones Militares; Julio Manco, presidente de Fadea, y Tom\u00e1s Etcheverry, presidente de Tandanor.<\/p>\n<\/div>\n<\/div>\n<p><br \/>\n<br \/><a href=\"https:\/\/www.clarin.com\/politica\/salarios-militares-fuertes-cruces-chicanas-ministro-luis-petri-diputados-opositores_0_O7z6JwZ9yl.html\">Fuente Clarin.com <\/a><\/p>\n","protected":false},"excerpt":{"rendered":"<p>El ministro de Defensa, Luis Petri, tuvo este martes un picante paso por la Comisi\u00f3n de Defensa de la C\u00e1mara de Diputados. Fue una larga exposici\u00f3n informativa -arranc\u00f3 a las cuatro de la tarde y se extendi\u00f3 hasta m\u00e1s pasadas las ocho y media de la noche- donde desfilaron pr\u00e1cticamente todos los temas castrenses, que [&hellip;]<\/p>\n","protected":false},"author":1,"featured_media":30728,"comment_status":"open","ping_status":"open","sticky":false,"template":"","format":"standard","meta":{"footnotes":""},"categories":[2],"tags":[3926,1397,350,351,3107,1251,2640,8662],"class_list":["post-30727","post","type-post","status-publish","format-standard","has-post-thumbnail","hentry","category-ultimas-noticias","tag-chicanas","tag-cruces","tag-diputados","tag-entre","tag-fuertes","tag-luis","tag-ministro","tag-petri"],"_links":{"self":[{"href":"https:\/\/13.com.ar\/index.php\/wp-json\/wp\/v2\/posts\/30727","targetHints":{"allow":["GET"]}}],"collection":[{"href":"https:\/\/13.com.ar\/index.php\/wp-json\/wp\/v2\/posts"}],"about":[{"href":"https:\/\/13.com.ar\/index.php\/wp-json\/wp\/v2\/types\/post"}],"author":[{"embeddable":true,"href":"https:\/\/13.com.ar\/index.php\/wp-json\/wp\/v2\/users\/1"}],"replies":[{"embeddable":true,"href":"https:\/\/13.com.ar\/index.php\/wp-json\/wp\/v2\/comments?post=30727"}],"version-history":[{"count":0,"href":"https:\/\/13.com.ar\/index.php\/wp-json\/wp\/v2\/posts\/30727\/revisions"}],"wp:featuredmedia":[{"embeddable":true,"href":"https:\/\/13.com.ar\/index.php\/wp-json\/wp\/v2\/media\/30728"}],"wp:attachment":[{"href":"https:\/\/13.com.ar\/index.php\/wp-json\/wp\/v2\/media?parent=30727"}],"wp:term":[{"taxonomy":"category","embeddable":true,"href":"https:\/\/13.com.ar\/index.php\/wp-json\/wp\/v2\/categories?post=30727"},{"taxonomy":"post_tag","embeddable":true,"href":"https:\/\/13.com.ar\/index.php\/wp-json\/wp\/v2\/tags?post=30727"}],"curies":[{"name":"wp","href":"https:\/\/api.w.org\/{rel}","templated":true}]}}