{"id":30726,"date":"2025-06-03T23:01:31","date_gmt":"2025-06-04T02:01:31","guid":{"rendered":"https:\/\/13.com.ar\/index.php\/jugara-en-el-newells-de-fabbiani-y-enfrentara-a-boca-en-la-bombonera\/"},"modified":"2025-06-03T23:01:31","modified_gmt":"2025-06-04T02:01:31","slug":"jugara-en-el-newells-de-fabbiani-y-enfrentara-a-boca-en-la-bombonera","status":"publish","type":"post","link":"https:\/\/13.com.ar\/index.php\/jugara-en-el-newells-de-fabbiani-y-enfrentara-a-boca-en-la-bombonera\/","title":{"rendered":"jugar\u00e1 en el Newell&#8217;s de Fabbiani y enfrentar\u00e1 a Boca en La Bombonera"},"content":{"rendered":"<p> <br \/>\n<br \/><img decoding=\"async\" src=\"https:\/\/13.com.ar\/wp-content\/uploads\/2025\/04\/Dario-Benedetto-fue-internado-en-Paraguay-por-un-cuadro-de.jpg\" \/><\/p>\n<div id=\"element-body-0\">\n<p><em>&#8220;En el \u00fanico club de Argentina en el que voy a jugar es en Boca, y si tengo que hacerlo en otro equipo, me retiro\u201d<\/em>. La frase, tajante, fue pronunciada por <strong>Dar\u00edo Benedetto <\/strong>el 15 de agosto de 2023, en un programa de televisi\u00f3n. Este martes, despu\u00e9s de una negociaci\u00f3n expr\u00e9s, el delantero dejar\u00e1 a un costado esa sentencia <strong>para darle el s\u00ed a Newell&#8217;s<\/strong>, convencido por el entrenador <strong>Cristian Fabbiani<\/strong>, y con el que incluso <strong>deber\u00e1 visitar el estadio La Bombonera<\/strong>, en la fecha 11 del Torneo Clausura.<\/p>\n<\/div>\n<div id=\"element-body-1\">\n<p>En medio del esc\u00e1ndalo por la foto que seis chicos de la escuela formativa de la &#8216;Lepra&#8217; se sacaron con Ignacio Malcorra, referente de Rosario Central, se confirm\u00f3 que el &#8216;Pipa&#8217; ser\u00e1 refuerzo para el equipo que repunt\u00f3 desde la llegada del &#8216;Ogro&#8217; como DT y que estuvo hasta la \u00faltima fecha con chances de ingresar a los Playoffs por el t\u00edtulo.<\/p>\n<\/div>\n<div id=\"element-body-2\">\n<p>Benedetto llega con una mochila pesada para un delantero. Despu\u00e9s de haber pasado por tres clubes y al menos cinco torneos distintos arrastra una alarmante sequ\u00eda goleadora. Hace un par de semanas, rescindi\u00f3 contrato con <strong>Olimpia de Paraguay<\/strong>, el club al que lleg\u00f3 como la principal apuesta ofensiva pero en el que no pudo convertir ni siquiera un gol en trece partidos que disput\u00f3. <\/p>\n<\/div>\n<div id=\"element-body-3\">\n<p>Ten\u00eda contrato hasta diciembre pr\u00f3ximo, pero lo rompi\u00f3 para buscar un nuevo destino, despu\u00e9s de una <strong>estad\u00eda traum\u00e1tica que incluy\u00f3 lesiones, decepciones deportivas y hasta una internaci\u00f3n por dengue<\/strong>.<\/p>\n<\/div>\n<div id=\"element-body-4\">\n<p>Fue presentado con elogios por el &#8216;Franjeado&#8217;, uno de los grandes del f\u00fatbol guaran\u00ed y tambi\u00e9n del continente. <em>&#8220;Jerarqu\u00eda total&#8221;<\/em>, hab\u00eda escrito el club al anunciar su contrataci\u00f3n. Pero desde el primer partido estuvo en el ojo de la tormenta: <em>&#8220;El peor Benedetto&#8221;<\/em>, <em>&#8220;vino a caminar&#8221;<\/em>, <em>&#8220;in\u00fatil&#8221; <\/em>y <em>&#8220;no anda&#8221;<\/em> fueron algunos de los comentarios que surgieron tras la derrota 2-1 con Libertad en la Supercopa de Paraguay.<\/p>\n<\/div>\n<div id=\"element-body-5\">\n<blockquote class=\"twitter-tweet\">\n<p lang=\"es\" dir=\"ltr\">Los paraguayos de olimpia ya empezaron a putear Benedetto <a rel=\"nofollow\" target=\"_blank\" href=\"https:\/\/t.co\/rFP5XcIhWG\">pic.twitter.com\/rFP5XcIhWG<\/a><\/p>\n<p>\u2014 El tio bostero\ud83c\uddf8\ud83c\uddea (@ElTioBostero) <a rel=\"nofollow\" target=\"_blank\" href=\"https:\/\/twitter.com\/ElTioBostero\/status\/1882579880489189793?ref_src=twsrc%5Etfw\">January 24, 2025<\/a><\/p><\/blockquote>\n<\/div>\n<div id=\"element-body-6\">\n<p>Todav\u00eda era dirigido por Mart\u00edn Palermo, quien hab\u00eda aprobado su llegada. Su momento m\u00e1s importante fue cuando tuvo su &#8216;noche alegre&#8217; en un cl\u00e1sico ante <strong>Cerro Porte\u00f1o <\/strong>y contra <strong>Diego Mart\u00ednez<\/strong>, el DT con el que se hab\u00eda enfrentado en su \u00faltimo tiempo en Boca. <\/p>\n<\/div>\n<div id=\"element-body-7\">\n<p>Benedetto, desde afuera del \u00e1rea, asisti\u00f3 en el segundo tanto con una pelota por elevaci\u00f3n para sellar la victoria del &#8216;Franjeado&#8217;. Ante este contexto, la cuenta oficial de Olimpia record\u00f3 el enfrentamiento entre Benedetto y Mart\u00ednez cuando ambos estaban en Boca Juniors, citando una de las frases m\u00e1s pol\u00e9micas del delantero: <em>&#8216;Noches alegres, ma\u00f1anas tristes&#8217;<\/em>, que desat\u00f3 la furia del DT y provoc\u00f3 su salida del club.<\/p>\n<\/div>\n<div id=\"element-body-8\">\n<blockquote class=\"twitter-tweet\">\n<p lang=\"es\" dir=\"ltr\">\ud83d\ude0e \ud835\udc0d\ud835\udc28\ud835\udc1c\ud835\udc21\ud835\udc1e\ud835\udc2c \ud835\udc1a\ud835\udc25\ud835\udc1e\ud835\udc20\ud835\udc2b\ud835\udc1e\ud835\udc2c&#8230;<\/p>\n<p>Fenomenal asistencia de Dar\u00edo Benedetto y gran definici\u00f3n de Rodney Redes para la victoria (una m\u00e1s) sobre Cerro Porte\u00f1o en El Defensores. \ud83d\udd25<a rel=\"nofollow\" target=\"_blank\" href=\"https:\/\/twitter.com\/hashtag\/SoyDelOlimpia?src=hash&amp;ref_src=twsrc%5Etfw\">#SoyDelOlimpia<\/a> \u26aa\ufe0f\u26ab\ufe0f\u26aa\ufe0f<a rel=\"nofollow\" target=\"_blank\" href=\"https:\/\/t.co\/Pe72RxO21o\">pic.twitter.com\/Pe72RxO21o<\/a><\/p>\n<p>\u2014 Olimpia Media (@OlimpiaMedia) <a rel=\"nofollow\" target=\"_blank\" href=\"https:\/\/twitter.com\/OlimpiaMedia\/status\/1893823524986294278?ref_src=twsrc%5Etfw\">February 24, 2025<\/a><\/p><\/blockquote>\n<\/div>\n<div id=\"element-body-9\">\n<p>Hubo un cruce con los hinchas, tambi\u00e9n. El &#8216;Pipa&#8217; ya era cuestionado por su rendimiento y en un duelo contra Guaran\u00ed lo expulsaron por un fuerte planchazo. Cuando el &#8216;Tit\u00e1n&#8217; Palermo decidi\u00f3 reemplazarlo en el segundo tiempo de la goleada en contra ante V\u00e9lez como local <strong>se fue silbado por los hinchas<\/strong>. Caliente por su desempe\u00f1o, Benedetto mir\u00f3 a la tribuna que est\u00e1 detr\u00e1s del banco de suplentes y <strong>realiz\u00f3 el gesto de silencio en primer lugar<\/strong>. Luego, sigui\u00f3 con otra se\u00f1a con su mano, <strong>tild\u00e1ndolos de que hablan mucho<\/strong>.<\/p>\n<\/div>\n<div id=\"element-body-10\">\n<p>&#8220;El gesto se lo hice a uno solo que dijo algo que no ten\u00eda que decir. Es momento de agachar la cabeza y seguir trabajando&#8221;, aclar\u00f3 despu\u00e9s. La relaci\u00f3n ya estaba quebrada.<\/p>\n<\/div>\n<div id=\"element-body-12\">\n<p>Luego empezaron las lesiones y hasta una internaci\u00f3n, en abril por dengue. La \u00faltima molestia que lo dej\u00f3 afuera fue la gota que rebals\u00f3 el vaso. <\/p>\n<\/div>\n<div id=\"element-body-13\">\n<p>Fueron <strong>13 partidos <\/strong>los que disput\u00f3 con Olimpia: nueve del Torneo Apertura, la Supercopa de Paraguay y tres de la Copa Libertadores, donde qued\u00f3 \u00faltimo en el grupo que comparti\u00f3 con V\u00e9lez, Pe\u00f1arol de Uruguay y San Antonio Bulo Bulo de Bolivia. Apenas brind\u00f3 <strong>dos asistencias<\/strong>.<\/p>\n<\/div>\n<div id=\"element-body-14\">\n<p>La sequ\u00eda es m\u00e1s amplia porque el \u00faltimo gol de Benedetto fue con la camiseta de Boca, frente a Tigre, en el triunfo por 2-0 como visitante en la Copa de la Liga Profesional 2024. <\/p>\n<\/div>\n<div id=\"element-body-15\">\n<p>Despu\u00e9s pasaron ocho encuentros en el <strong>Quer\u00e9taro de M\u00e9xico <\/strong>y esta experiencia en Olimpia de Paraguay&#8230; <strong>otra vez sin gol<\/strong>. \u00bfPodr\u00e1 romper el maleficio en Newell&#8217;s?<\/p>\n<\/div>\n<p><script async src=\"\/\/platform.twitter.com\/widgets.js\" charset=\"utf-8\"><\/script><br \/>\n<br \/><br \/>\n<br \/><a href=\"https:\/\/www.clarin.com\/deportes\/dario-benedetto-vuelve-futbol-argentino-jugara-newells-fabbiani-enfrentara-boca-bombonera_0_pNtnpCSI6A.html\">Fuente Clarin.com <\/a><\/p>\n","protected":false},"excerpt":{"rendered":"<p>&#8220;En el \u00fanico club de Argentina en el que voy a jugar es en Boca, y si tengo que hacerlo en otro equipo, me retiro\u201d. La frase, tajante, fue pronunciada por Dar\u00edo Benedetto el 15 de agosto de 2023, en un programa de televisi\u00f3n. Este martes, despu\u00e9s de una negociaci\u00f3n expr\u00e9s, el delantero dejar\u00e1 a [&hellip;]<\/p>\n","protected":false},"author":1,"featured_media":20482,"comment_status":"open","ping_status":"open","sticky":false,"template":"","format":"standard","meta":{"footnotes":""},"categories":[2],"tags":[707,3132,5388,7094,1070,7304],"class_list":["post-30726","post","type-post","status-publish","format-standard","has-post-thumbnail","hentry","category-ultimas-noticias","tag-boca","tag-bombonera","tag-enfrentara","tag-fabbiani","tag-jugara","tag-newells"],"_links":{"self":[{"href":"https:\/\/13.com.ar\/index.php\/wp-json\/wp\/v2\/posts\/30726","targetHints":{"allow":["GET"]}}],"collection":[{"href":"https:\/\/13.com.ar\/index.php\/wp-json\/wp\/v2\/posts"}],"about":[{"href":"https:\/\/13.com.ar\/index.php\/wp-json\/wp\/v2\/types\/post"}],"author":[{"embeddable":true,"href":"https:\/\/13.com.ar\/index.php\/wp-json\/wp\/v2\/users\/1"}],"replies":[{"embeddable":true,"href":"https:\/\/13.com.ar\/index.php\/wp-json\/wp\/v2\/comments?post=30726"}],"version-history":[{"count":0,"href":"https:\/\/13.com.ar\/index.php\/wp-json\/wp\/v2\/posts\/30726\/revisions"}],"wp:featuredmedia":[{"embeddable":true,"href":"https:\/\/13.com.ar\/index.php\/wp-json\/wp\/v2\/media\/20482"}],"wp:attachment":[{"href":"https:\/\/13.com.ar\/index.php\/wp-json\/wp\/v2\/media?parent=30726"}],"wp:term":[{"taxonomy":"category","embeddable":true,"href":"https:\/\/13.com.ar\/index.php\/wp-json\/wp\/v2\/categories?post=30726"},{"taxonomy":"post_tag","embeddable":true,"href":"https:\/\/13.com.ar\/index.php\/wp-json\/wp\/v2\/tags?post=30726"}],"curies":[{"name":"wp","href":"https:\/\/api.w.org\/{rel}","templated":true}]}}