{"id":30722,"date":"2025-06-03T22:13:30","date_gmt":"2025-06-04T01:13:30","guid":{"rendered":"https:\/\/13.com.ar\/index.php\/un-veterinario-revelo-donde-deben-dormir-los-perros-en-invierno-y-como-protegerlos-del-frio\/"},"modified":"2025-06-03T22:13:30","modified_gmt":"2025-06-04T01:13:30","slug":"un-veterinario-revelo-donde-deben-dormir-los-perros-en-invierno-y-como-protegerlos-del-frio","status":"publish","type":"post","link":"https:\/\/13.com.ar\/index.php\/un-veterinario-revelo-donde-deben-dormir-los-perros-en-invierno-y-como-protegerlos-del-frio\/","title":{"rendered":"Un veterinario revel\u00f3 d\u00f3nde deben dormir los perros en invierno y c\u00f3mo protegerlos del fr\u00edo"},"content":{"rendered":"<p> <br \/>\n<br \/><img decoding=\"async\" src=\"https:\/\/13.com.ar\/wp-content\/uploads\/2025\/06\/Un-veterinario-revelo-donde-deben-dormir-los-perros-en-invierno.jpg\" \/><\/p>\n<div id=\"element-body-0\">\n<p>Cuando llega el invierno y bajan las temperaturas,<strong> muchos due\u00f1os de mascotas se preguntan si est\u00e1 bien que los perros duerman afuera<\/strong>.<strong> <\/strong>Aunque algunos creen que por tener pelaje pueden resistir cualquier clima, l<strong>os veterinarios advierten que no es tan simple<\/strong>. El fr\u00edo puede afectar gravemente su salud, sobre todo en horas de la noche.<\/p>\n<\/div>\n<div id=\"element-body-1\">\n<p>Nuestras mascotas, los perros, <strong>necesitan estar cerca de su grupo<\/strong>,<strong> <\/strong>y en un hogar eso significa cerca de su familia humana. Dormir adentro <strong>los resguarda de las bajas temperaturas<\/strong> y les proporciona contenci\u00f3n emocional, algo esencial para su bienestar general.<\/p>\n<\/div>\n<div id=\"element-body-3\">\n<p>Para los <strong>perros es peligroso dormir afuera durante las temperaturas bajas<\/strong>.<strong> <\/strong>Los especialistas se\u00f1alan que los <strong>perros que duermen al aire libre est\u00e1n m\u00e1s expuestos a sufrir hipotermia, problemas respiratorios y dolores articulares<\/strong>, especialmente si son de tama\u00f1o peque\u00f1o, tienen pelaje corto o son adultos mayores.<\/p>\n<\/div>\n<div id=\"element-body-4\">\n<p>\u201cMuchos piensan que su perro est\u00e1 bien solo porque no tiembla, pero el fr\u00edo act\u00faa de forma silenciosa y puede desencadenar cuadros graves si no se lo protege correctamente\u201d, se\u00f1al\u00f3 Rob Proietto, un veterinario con m\u00e1s de 20 a\u00f1os de experiencia.<\/p>\n<\/div>\n<div id=\"element-body-5\">\n<p>Por eso, <strong>la recomendaci\u00f3n m\u00e1s segura es que duerman adentro <\/strong>o, al menos, en <strong>un lugar bien aislado del viento y la humedad<\/strong>. Si tienen acceso a espacios exteriores durante el d\u00eda, mucho mejor, pero por la noche necesitan abrigo y resguardo.<\/p>\n<\/div>\n<div id=\"element-body-8\">\n<p>El <strong>invierno<\/strong> nos obliga a salir m\u00e1s abrigados a la calle, pero las <strong>bajas temperaturas tambi\u00e9n afectan a nuestras mascotas<\/strong>, es por eso que debemos adaptar <strong>ciertos cuidados<\/strong>.<\/p>\n<\/div>\n<div id=\"element-body-14\">\n<p>Escuchar las<strong> recomendaciones veterinarias <\/strong>y observar el comportamiento de cada <strong>mascota <\/strong>es fundamental para que <strong>pasen el invierno protegidos y acompa\u00f1ados<\/strong>.<\/p>\n<\/div>\n<p><br \/>\n<br \/><a href=\"https:\/\/www.clarin.com\/informacion-general\/veterinario-revelo-deben-dormir-perros-invierno-protegerlos-frio_0_SyM2G0U8aw.html\">Fuente Clarin.com <\/a><\/p>\n","protected":false},"excerpt":{"rendered":"<p>Cuando llega el invierno y bajan las temperaturas, muchos due\u00f1os de mascotas se preguntan si est\u00e1 bien que los perros duerman afuera. Aunque algunos creen que por tener pelaje pueden resistir cualquier clima, los veterinarios advierten que no es tan simple. El fr\u00edo puede afectar gravemente su salud, sobre todo en horas de la noche. [&hellip;]<\/p>\n","protected":false},"author":1,"featured_media":30723,"comment_status":"open","ping_status":"open","sticky":false,"template":"","format":"standard","meta":{"footnotes":""},"categories":[2],"tags":[66,1212,100,743,1799,1438,4496,28,119,18372,241,17952],"class_list":["post-30722","post","type-post","status-publish","format-standard","has-post-thumbnail","hentry","category-ultimas-noticias","tag-como","tag-deben","tag-del","tag-donde","tag-dormir","tag-frio","tag-invierno","tag-los","tag-perros","tag-protegerlos","tag-revelo","tag-veterinario"],"_links":{"self":[{"href":"https:\/\/13.com.ar\/index.php\/wp-json\/wp\/v2\/posts\/30722","targetHints":{"allow":["GET"]}}],"collection":[{"href":"https:\/\/13.com.ar\/index.php\/wp-json\/wp\/v2\/posts"}],"about":[{"href":"https:\/\/13.com.ar\/index.php\/wp-json\/wp\/v2\/types\/post"}],"author":[{"embeddable":true,"href":"https:\/\/13.com.ar\/index.php\/wp-json\/wp\/v2\/users\/1"}],"replies":[{"embeddable":true,"href":"https:\/\/13.com.ar\/index.php\/wp-json\/wp\/v2\/comments?post=30722"}],"version-history":[{"count":0,"href":"https:\/\/13.com.ar\/index.php\/wp-json\/wp\/v2\/posts\/30722\/revisions"}],"wp:featuredmedia":[{"embeddable":true,"href":"https:\/\/13.com.ar\/index.php\/wp-json\/wp\/v2\/media\/30723"}],"wp:attachment":[{"href":"https:\/\/13.com.ar\/index.php\/wp-json\/wp\/v2\/media?parent=30722"}],"wp:term":[{"taxonomy":"category","embeddable":true,"href":"https:\/\/13.com.ar\/index.php\/wp-json\/wp\/v2\/categories?post=30722"},{"taxonomy":"post_tag","embeddable":true,"href":"https:\/\/13.com.ar\/index.php\/wp-json\/wp\/v2\/tags?post=30722"}],"curies":[{"name":"wp","href":"https:\/\/api.w.org\/{rel}","templated":true}]}}