{"id":3068,"date":"2025-02-08T09:32:44","date_gmt":"2025-02-08T12:32:44","guid":{"rendered":"https:\/\/13.com.ar\/index.php\/cuando-cobro-la-jubilacion-de-febrero-si-mi-dni-termina-en-1\/"},"modified":"2025-02-08T09:32:44","modified_gmt":"2025-02-08T12:32:44","slug":"cuando-cobro-la-jubilacion-de-febrero-si-mi-dni-termina-en-1","status":"publish","type":"post","link":"https:\/\/13.com.ar\/index.php\/cuando-cobro-la-jubilacion-de-febrero-si-mi-dni-termina-en-1\/","title":{"rendered":"cu\u00e1ndo cobro la jubilaci\u00f3n de febrero si mi DNI termina en 1"},"content":{"rendered":"<p> <br \/>\n<br \/><img decoding=\"async\" src=\"https:\/\/13.com.ar\/wp-content\/uploads\/2025\/02\/cuando-cobro-la-jubilacion-de-febrero-si-mi-DNI-termina.jpg\" \/><\/p>\n<div>\n<p>La <strong>Administraci\u00f3n Nacional de la Seguridad Social (ANSeS)<\/strong> confirm\u00f3 el calendario de pagos correspondiente al segundo mes de 2025, con un nuevo aumento en los haberes de jubilados, pensionados y beneficiarios de asignaciones sociales, que se aplicar\u00e1 en base al ajuste correspondiente al \u00cdndice de Precios al Consumidor (IPC) de diciembre. <strong>\u00bfCu\u00e1ndo cobro si mi DNI termina en 1?<\/strong><\/p>\n<\/div>\n<div>\n<p>Lo primero que hay que destacar es que continuar\u00e1 pag\u00e1ndose el <strong>bono de hasta $70.000 <\/strong>que el Gobierno Nacional concede como refuerzo desde marzo del a\u00f1o pasado. Sin perjuicio que la suma continuar\u00e1 otorg\u00e1ndose sin incremento alguno, significa un refuerzo para los jubilados que perciben los ingresos m\u00ednimos.<\/p>\n<\/div>\n<div>\n<p>Por otro lado, a trav\u00e9s de Bolet\u00edn Oficial, se estableci\u00f3 que <strong>el nuevo haber m\u00ednimo de los jubilados ser\u00e1 de $273.086,49<\/strong>. Por otro lado, tambi\u00e9n se fij\u00f3 que <strong>el haber m\u00e1ximo ascender\u00e1 a $1.837.613,60<\/strong>. Esto significa un incremento del 2,7%.<\/p>\n<\/div>\n<div>\n<p>Asimismo, el organismo previsional a cargo de Mariano de los Heros confirm\u00f3 que tambi\u00e9n se ajustar\u00e1n en un 2,7% tanto las <strong>Pensiones no Contributivas (PnC)<\/strong>, la AUH, como el resto de las asignaciones familiares. En el caso de la AUH, se cobra mensualmente el 80% de esta prestaci\u00f3n (el resto se retiene y se paga a fin de a\u00f1o en una cuota \u00fanica si se presenta la libreta de escolaridad y vacunaci\u00f3n del ni\u00f1o).<\/p>\n<\/div>\n<div>\n<p>Los beneficiarios de ANSeS pueden conocer su fecha y lugar de cobro a trav\u00e9s de su sitio web oficial, www.anses.gob.ar. Los usuarios deben ingresar a la secci\u00f3n \u201cMi ANSeS\u201d utilizando su n\u00famero de CUIL y su Clave de la Seguridad Social. En caso de no tener la clave, es posible generarla en el momento siguiendo las indicaciones proporcionadas en la plataforma.<\/p>\n<\/div>\n<div>\n<p>De acuerdo al \u00faltimo calendario de pagos publicado por el organismo, los jubilados que ganan la m\u00ednima y cuyo DNI culmine con el n\u00famero 1, cobrar\u00e1n los haberes el martes 11 de febrero. En cambio, los jubilados y pensionados que cobren m\u00e1s de la m\u00ednima contar\u00e1n con sus haberes el martes 25 de febrero de 2025. Este es el calendario completo de pagos.<\/p>\n<\/div>\n<p><br \/>\n<br \/><a href=\"https:\/\/www.clarin.com\/informacion-general\/anses-cobro-jubilacion-febrero-dni-termina-1_0_kWRKjcqQqr.html\">Fuente Clarin.com <\/a><\/p>\n","protected":false},"excerpt":{"rendered":"<p>La Administraci\u00f3n Nacional de la Seguridad Social (ANSeS) confirm\u00f3 el calendario de pagos correspondiente al segundo mes de 2025, con un nuevo aumento en los haberes de jubilados, pensionados y beneficiarios de asignaciones sociales, que se aplicar\u00e1 en base al ajuste correspondiente al \u00cdndice de Precios al Consumidor (IPC) de diciembre. \u00bfCu\u00e1ndo cobro si mi [&hellip;]<\/p>\n","protected":false},"author":1,"featured_media":3069,"comment_status":"open","ping_status":"open","sticky":false,"template":"","format":"standard","meta":{"footnotes":""},"categories":[2],"tags":[1554,677,3956,1823,1515,3957],"class_list":["post-3068","post","type-post","status-publish","format-standard","has-post-thumbnail","hentry","category-ultimas-noticias","tag-cobro","tag-cuando","tag-dni","tag-febrero","tag-jubilacion","tag-termina"],"_links":{"self":[{"href":"https:\/\/13.com.ar\/index.php\/wp-json\/wp\/v2\/posts\/3068","targetHints":{"allow":["GET"]}}],"collection":[{"href":"https:\/\/13.com.ar\/index.php\/wp-json\/wp\/v2\/posts"}],"about":[{"href":"https:\/\/13.com.ar\/index.php\/wp-json\/wp\/v2\/types\/post"}],"author":[{"embeddable":true,"href":"https:\/\/13.com.ar\/index.php\/wp-json\/wp\/v2\/users\/1"}],"replies":[{"embeddable":true,"href":"https:\/\/13.com.ar\/index.php\/wp-json\/wp\/v2\/comments?post=3068"}],"version-history":[{"count":0,"href":"https:\/\/13.com.ar\/index.php\/wp-json\/wp\/v2\/posts\/3068\/revisions"}],"wp:featuredmedia":[{"embeddable":true,"href":"https:\/\/13.com.ar\/index.php\/wp-json\/wp\/v2\/media\/3069"}],"wp:attachment":[{"href":"https:\/\/13.com.ar\/index.php\/wp-json\/wp\/v2\/media?parent=3068"}],"wp:term":[{"taxonomy":"category","embeddable":true,"href":"https:\/\/13.com.ar\/index.php\/wp-json\/wp\/v2\/categories?post=3068"},{"taxonomy":"post_tag","embeddable":true,"href":"https:\/\/13.com.ar\/index.php\/wp-json\/wp\/v2\/tags?post=3068"}],"curies":[{"name":"wp","href":"https:\/\/api.w.org\/{rel}","templated":true}]}}