{"id":30668,"date":"2025-06-03T19:04:50","date_gmt":"2025-06-03T22:04:50","guid":{"rendered":"https:\/\/13.com.ar\/index.php\/inteligencia-artificial-materiales-y-salud-los-temas-clave-de-una-jornada-tecnologica\/"},"modified":"2025-06-03T19:04:50","modified_gmt":"2025-06-03T22:04:50","slug":"inteligencia-artificial-materiales-y-salud-los-temas-clave-de-una-jornada-tecnologica","status":"publish","type":"post","link":"https:\/\/13.com.ar\/index.php\/inteligencia-artificial-materiales-y-salud-los-temas-clave-de-una-jornada-tecnologica\/","title":{"rendered":"Inteligencia artificial, materiales y salud, los temas clave de una jornada tecnol\u00f3gica"},"content":{"rendered":"<p> <br \/>\n<br \/><img decoding=\"async\" src=\"https:\/\/13.com.ar\/wp-content\/uploads\/2025\/06\/Inteligencia-artificial-materiales-y-salud-los-temas-clave-de-una.jpg\" \/><\/p>\n<div id=\"element-body-0\">\n<p>Durante todo el mi\u00e9rcoles 4, la<strong> Universidad Nacional de Avellaneda<\/strong> (UNDAV) ser\u00e1 sede de la<strong> IV Jornada Federal por el D\u00eda de la Vinculaci\u00f3n Tecnol\u00f3gica<\/strong>, un espacio clave donde m\u00e1s de <strong>50<\/strong> entidades de todo el pa\u00eds, integrantes de la red VinTecAr 4.0 (Vinculaci\u00f3n Tecnol\u00f3gica Argentina), se reunir\u00e1n para pensar, debatir y proyectar soluciones innovadoras frente a los desaf\u00edos de la nueva econom\u00eda.<\/p>\n<\/div>\n<div id=\"element-body-1\">\n<p>El encuentro comenzar\u00e1 a las <strong>9:30<\/strong> en la sede de Pi\u00f1eyro (Mario Bravo 1460)  y continuar\u00e1 con una agenda que incluir\u00e1 paneles sobre experiencias de vinculaci\u00f3n tecnol\u00f3gica, desarrollo territorial, salud y medioambiente, materiales sostenibles e inteligencia artificial. Investigadores, tecn\u00f3logos, referentes institucionales y profesionales de diversos sectores compartir\u00e1n experiencias concretas y avances que integran ciencia, tecnolog\u00eda y producci\u00f3n. Finaliza a las <strong>14:30<\/strong>.<\/p>\n<\/div>\n<div id=\"element-body-2\">\n<p>La jornada podr\u00e1 seguirse de manera <strong>gratuita<\/strong>, tanto de forma <strong>presencial como virtual<\/strong>, a trav\u00e9s de las redes de VinTecAr 4.0. <\/p>\n<\/div>\n<div id=\"element-body-3\">\n<p>El evento se enmarca en la conmemoraci\u00f3n del<strong> D\u00eda Nacional de la Vinculaci\u00f3n Tecnol\u00f3gica<\/strong>, en homenaje al pensador y tecn\u00f3logo Jorge Alberto Sabato, impulsor de una mirada latinoamericana y humanista sobre la ciencia y la tecnolog\u00eda, entendidas como herramientas para el desarrollo soberano y la justicia social.<\/p>\n<\/div>\n<div id=\"element-body-4\">\n<p>La propuesta incluye<strong> charlas, espacios de intercambio y actividades participativas<\/strong> donde se pondr\u00e1n en com\u00fan experiencias de articulaci\u00f3n entre el sistema cient\u00edfico-tecnol\u00f3gico y los distintos territorios, con foco en el impacto real de las pol\u00edticas de innovaci\u00f3n en la vida de las personas.<\/p>\n<\/div>\n<div id=\"element-body-5\">\n<p> A las <strong>10<\/strong> se realizar\u00e1 la inauguraci\u00f3n de la jornada a cargo de Conrado Gonz\u00e1lez, director general de VINTECAR, Jorge Calzoni, rector de la UNDAV y Patricia Domench, secretar\u00eda de  Investigaci\u00f3n y Vinculaci\u00f3n Tecnol\u00f3gica e Institucional. Dentro de los cinco paneles tem\u00e1ticos a abordar se encuentran:<\/p>\n<\/div>\n<div id=\"element-body-7\">\n<p>Desde las <strong>10:20<\/strong>: Experiencias de Vinculaci\u00f3n Tecnol\u00f3gica, a cargo del Mg. Ing. Silvio Colombo, la Dra. Andrea Drozd (Departamento de Tecnolog\u00eda y Administraci\u00f3n \u2013 UNDAV) y H\u00e9ctor Alcar, presidente de la Asociaci\u00f3n Civil Tecnol\u00f3gica del Sur.<\/p>\n<\/div>\n<div id=\"element-body-8\">\n<p>A las <strong>11:10<\/strong>, comenzar\u00e1 Desarrollo Territorial, con la participaci\u00f3n de la Dra. Marcela Vio y la Dra. Claudia Cabrera (Departamento de Arquitectura, Dise\u00f1o y Urbanismo \u2013 UNDAV), seguidas por Rodolfo GAMES, presidente de la Asociaci\u00f3n de Parques Industriales Argentinos (APIA).<\/p>\n<\/div>\n<div id=\"element-body-10\">\n<p><strong>11:50<\/strong> empezar\u00e1 la tem\u00e1tica de Salud y Medioambiente, a cargo del Abog. Tec. Daniel Colturi (Departamento de Salud y Actividad F\u00edsica \u2013 UNDAV), seguido por la Dra. Natalia Cappelletti y el Ing. Mario Pais (Departamento de Ambiente y Turismo \u2013 UNDAV).<\/p>\n<\/div>\n<div id=\"element-body-11\">\n<p>Al mediod\u00eda, <strong>12:30<\/strong>, se conversar\u00e1 sobre la tem\u00e1tica de Desarrollo de Materiales, con exposiciones de la Disc. Ana Mar\u00eda Moretti Salvatierra y la Arq. Mar\u00eda Elena Neumayer (Departamento de Arquitectura, Dise\u00f1o y Urbanismo \u2013 UNDAV).<\/p>\n<\/div>\n<div id=\"element-body-12\">\n<p>Para finalizar, a las <strong>13:10<\/strong>, se hablar\u00e1 de Inteligencia Artificial, a cargo de la Mg. Lidia Seratti (vicepresidenta de FUNDETEC), el Lic. Sebasti\u00e1n Di Dom\u00e9nica (Departamento de Cultura, Arte y Comunicaci\u00f3n \u2013 UNDAV) y Jos\u00e9 Olano (director de Formaci\u00f3n Profesional del Instituto Argentino de Inteligencia Artificial \u2013 INARIA).<\/p>\n<\/div>\n<p><br \/>\n<br \/><a href=\"https:\/\/www.clarin.com\/zonales\/inteligencia-artificial-materiales-salud-temas-clave-jornada-tecnologica_0_9xdBHY6eTp.html\">Fuente Clarin.com <\/a><\/p>\n","protected":false},"excerpt":{"rendered":"<p>Durante todo el mi\u00e9rcoles 4, la Universidad Nacional de Avellaneda (UNDAV) ser\u00e1 sede de la IV Jornada Federal por el D\u00eda de la Vinculaci\u00f3n Tecnol\u00f3gica, un espacio clave donde m\u00e1s de 50 entidades de todo el pa\u00eds, integrantes de la red VinTecAr 4.0 (Vinculaci\u00f3n Tecnol\u00f3gica Argentina), se reunir\u00e1n para pensar, debatir y proyectar soluciones innovadoras [&hellip;]<\/p>\n","protected":false},"author":1,"featured_media":30669,"comment_status":"open","ping_status":"open","sticky":false,"template":"","format":"standard","meta":{"footnotes":""},"categories":[2],"tags":[607,272,606,3684,28,6898,243,16162,7942,73],"class_list":["post-30668","post","type-post","status-publish","format-standard","has-post-thumbnail","hentry","category-ultimas-noticias","tag-artificial","tag-clave","tag-inteligencia","tag-jornada","tag-los","tag-materiales","tag-salud","tag-tecnologica","tag-temas","tag-una"],"_links":{"self":[{"href":"https:\/\/13.com.ar\/index.php\/wp-json\/wp\/v2\/posts\/30668","targetHints":{"allow":["GET"]}}],"collection":[{"href":"https:\/\/13.com.ar\/index.php\/wp-json\/wp\/v2\/posts"}],"about":[{"href":"https:\/\/13.com.ar\/index.php\/wp-json\/wp\/v2\/types\/post"}],"author":[{"embeddable":true,"href":"https:\/\/13.com.ar\/index.php\/wp-json\/wp\/v2\/users\/1"}],"replies":[{"embeddable":true,"href":"https:\/\/13.com.ar\/index.php\/wp-json\/wp\/v2\/comments?post=30668"}],"version-history":[{"count":0,"href":"https:\/\/13.com.ar\/index.php\/wp-json\/wp\/v2\/posts\/30668\/revisions"}],"wp:featuredmedia":[{"embeddable":true,"href":"https:\/\/13.com.ar\/index.php\/wp-json\/wp\/v2\/media\/30669"}],"wp:attachment":[{"href":"https:\/\/13.com.ar\/index.php\/wp-json\/wp\/v2\/media?parent=30668"}],"wp:term":[{"taxonomy":"category","embeddable":true,"href":"https:\/\/13.com.ar\/index.php\/wp-json\/wp\/v2\/categories?post=30668"},{"taxonomy":"post_tag","embeddable":true,"href":"https:\/\/13.com.ar\/index.php\/wp-json\/wp\/v2\/tags?post=30668"}],"curies":[{"name":"wp","href":"https:\/\/api.w.org\/{rel}","templated":true}]}}