{"id":30666,"date":"2025-06-03T18:58:31","date_gmt":"2025-06-03T21:58:31","guid":{"rendered":"https:\/\/13.com.ar\/index.php\/estoy-cansada-de-los-garcas-y-los-cagones\/"},"modified":"2025-06-03T18:58:31","modified_gmt":"2025-06-03T21:58:31","slug":"estoy-cansada-de-los-garcas-y-los-cagones","status":"publish","type":"post","link":"https:\/\/13.com.ar\/index.php\/estoy-cansada-de-los-garcas-y-los-cagones\/","title":{"rendered":"Estoy cansada de los garcas y los cagones"},"content":{"rendered":"<p> <br \/>\n<br \/><img decoding=\"async\" src=\"https:\/\/13.com.ar\/wp-content\/uploads\/2025\/06\/Estoy-cansada-de-los-garcas-y-los-cagones.jpg\" \/><\/p>\n<div id=\"element-body-0\">\n<p>En el marco de la interna del kirchnerismo en la provincia de Buenos Aires y luego de que<strong> Cristina Kirchner<\/strong> anunciase que ser\u00e1 candidata a diputada provincial por la tercera secci\u00f3n electoral del distrito, <strong>Mayra Mendoza <\/strong>sali\u00f3 a festejar la postulaci\u00f3n de la expresidenta y dispar\u00f3 contra quienes critican la jugada electoral al interior del PJ.<strong> <\/strong>&#8220;Yo tambi\u00e9n estoy harta de la hipocres\u00eda, harta de los que dicen una cosa en p\u00fablico y hacen otra en privado&#8221;, dijo la intendente de Quilmes. Adem\u00e1s, confirm\u00f3 un pr\u00f3ximo llamado de la expresidenta al gobernador bonaerense.<\/p>\n<\/div>\n<div id=\"element-body-1\">\n<p>&#8220;Yo tambi\u00e9n estoy cansada -perd\u00f3n por lo que voy a decir-, <strong>de los garcas, de los cagones<\/strong>, estoy harta de que la gente la pase mal y que en palacios de gobierno se viva se viva mejor, yo tambi\u00e9n estoy harta de todo eso. La verdad que me parece lo m\u00e1s coherente y lo m\u00e1s aut\u00e9ntico, lo que necesitamos volver a creer en que tenemos posibilidad de representar con Cristina como candidata por lo que ella representa&#8221;, sostuvo Mendoza tras ser consultada acerca de los militantes que sienten &#8220;una sensaci\u00f3n de hartazgo por la discusi\u00f3n entre Cristina y Axel&#8221;.<\/p>\n<\/div>\n<div id=\"element-body-2\">\n<p>La intendente quilme\u00f1a hizo ese fuerte descargo cuando le consultaron sobre los cuestionamientos que gener\u00f3 el anuncio que hizo Cristina Kirchner, enfrentada con Kicillof en la interna peronista, que adem\u00e1s tiene a Mendoza parada en la vereda de enfrente a la del gobernador de Buenos Aires.<\/p>\n<\/div>\n<div id=\"element-body-3\">\n<p>La intendente quilme\u00f1a tambi\u00e9n se refiri\u00f3 directamente a la interna del PJ, marcada por la discusi\u00f3n entre la expresidenta y el exministro de Econom\u00eda. La jefa comunal camporista les contest\u00f3, sin dar nombres, a &#8220;quienes intentan dividir&#8221;. <\/p>\n<\/div>\n<div id=\"element-body-4\">\n<p>&#8220;Lo que nosotros queremos es unidad. Es lo que nos pide la militancia, es lo que necesita el pueblo ,es lo que consideramos nosotros y es lo que siempre Cristina ha hecho desde que termin\u00f3 el gobierno del 2015&#8221;, afirm\u00f3. Adem\u00e1s, defini\u00f3 la postulaci\u00f3n como &#8220;una instancia m\u00e1s en la que [Cristina Kirchner] est\u00e1 construyendo unidad&#8221;.<\/p>\n<\/div>\n<div id=\"element-body-5\">\n<p>Por otro lado, Mendoza pidi\u00f3 al PJ &#8220;volver a representar&#8221; como proyecto pol\u00edtico y aprovech\u00f3 para elevar a la figura de la expresidenta, en t\u00e1cita comparaci\u00f3n con Alberto Fern\u00e1ndez. &#8220;La verdad que desde el 2015, que fue el final de su gobierno, el \u00faltimo buen gobierno en la Argentina fue el de Cristina. Venimos en decadencia. Los trabajadores vienen perdiendo calidad de vida, los salarios est\u00e1n por debajo de la l\u00ednea de la pobreza, la calidad institucional en nuestro pa\u00eds, de la democracia est\u00e1 cada vez m\u00e1s deteriorada&#8221;.<\/p>\n<\/div>\n<div id=\"element-body-6\">\n<p>Por otro lado, Mendoza defini\u00f3 el anuncio como &#8220;una confirmaci\u00f3n&#8221; y afirm\u00f3 que varios intendentes y legisladores ya lo sab\u00edan porque la expresidenta lo hab\u00eda anunciado en reuniones previas. &#8220;Era, una vez m\u00e1s, <strong>una evidencia de su compromiso militante.<\/strong> Y anoche p\u00fablicamente lo conocimos todos&#8221;, afirm\u00f3.<\/p>\n<\/div>\n<div id=\"element-body-8\">\n<p>La intendenta habl\u00f3 de una posible comunicaci\u00f3n entre Axel Kicillof y Cristina Kirchner: dijo que si todav\u00eda no se hab\u00eda dado, podr\u00eda ocurrir en las pr\u00f3ximas horas.<\/p>\n<\/div>\n<div id=\"element-body-9\">\n<p>&#8220;<strong>Ella siempre busca hablar con Axel<\/strong>; de hecho, si no lo llam\u00f3 y no hablaron seguramente se est\u00e1 dando durante el d\u00eda de hoy. Cristina no tiene ning\u00fan problema, al contrario, en llamarlo a Axel&#8221;, afirm\u00f3.<\/p>\n<\/div>\n<div id=\"element-body-10\">\n<p>Terminada la entrevista, la intendente difundi\u00f3 en sus redes un recorte de la comunicaci\u00f3n telef\u00f3nica con el stream <em>Gelatina<\/em>. Lo hizo con un sugerente mensaje, en el que se\u00f1al\u00f3 -sin mencionarlo por su nombre- al gobernador bonaerense. <\/p>\n<\/div>\n<div id=\"element-body-12\">\n<p>&#8220;El \u00fanico preocupado por que Cristina Kirchner sea candidata deber\u00eda ser Milei. Solo es una mala noticia para \u00e9l y su p\u00e9simo gobierno&#8221;, escribi\u00f3 Mendoza. <\/p>\n<\/div>\n<div id=\"element-body-13\">\n<p>Y a\u00f1adi\u00f3: &#8220;Si a alguien m\u00e1s le preocupa la candidatura de ella, es porque est\u00e1 priorizando otra cosa y no la situaci\u00f3n dram\u00e1tica que est\u00e1 viviendo el pueblo&#8221;.<\/p>\n<\/div>\n<p><br \/>\n<br \/><a href=\"https:\/\/www.clarin.com\/politica\/mayra-mendoza-celebro-postulacion-cristina-hablo-interna-peronista-cansada-garcas-cagones_0_H0BjQhIVJJ.html\">Fuente Clarin.com <\/a><\/p>\n","protected":false},"excerpt":{"rendered":"<p>En el marco de la interna del kirchnerismo en la provincia de Buenos Aires y luego de que Cristina Kirchner anunciase que ser\u00e1 candidata a diputada provincial por la tercera secci\u00f3n electoral del distrito, Mayra Mendoza sali\u00f3 a festejar la postulaci\u00f3n de la expresidenta y dispar\u00f3 contra quienes critican la jugada electoral al interior del [&hellip;]<\/p>\n","protected":false},"author":1,"featured_media":30667,"comment_status":"open","ping_status":"open","sticky":false,"template":"","format":"standard","meta":{"footnotes":""},"categories":[2],"tags":[20160,20158,4748,20159,28],"class_list":["post-30666","post","type-post","status-publish","format-standard","has-post-thumbnail","hentry","category-ultimas-noticias","tag-cagones","tag-cansada","tag-estoy","tag-garcas","tag-los"],"_links":{"self":[{"href":"https:\/\/13.com.ar\/index.php\/wp-json\/wp\/v2\/posts\/30666","targetHints":{"allow":["GET"]}}],"collection":[{"href":"https:\/\/13.com.ar\/index.php\/wp-json\/wp\/v2\/posts"}],"about":[{"href":"https:\/\/13.com.ar\/index.php\/wp-json\/wp\/v2\/types\/post"}],"author":[{"embeddable":true,"href":"https:\/\/13.com.ar\/index.php\/wp-json\/wp\/v2\/users\/1"}],"replies":[{"embeddable":true,"href":"https:\/\/13.com.ar\/index.php\/wp-json\/wp\/v2\/comments?post=30666"}],"version-history":[{"count":0,"href":"https:\/\/13.com.ar\/index.php\/wp-json\/wp\/v2\/posts\/30666\/revisions"}],"wp:featuredmedia":[{"embeddable":true,"href":"https:\/\/13.com.ar\/index.php\/wp-json\/wp\/v2\/media\/30667"}],"wp:attachment":[{"href":"https:\/\/13.com.ar\/index.php\/wp-json\/wp\/v2\/media?parent=30666"}],"wp:term":[{"taxonomy":"category","embeddable":true,"href":"https:\/\/13.com.ar\/index.php\/wp-json\/wp\/v2\/categories?post=30666"},{"taxonomy":"post_tag","embeddable":true,"href":"https:\/\/13.com.ar\/index.php\/wp-json\/wp\/v2\/tags?post=30666"}],"curies":[{"name":"wp","href":"https:\/\/api.w.org\/{rel}","templated":true}]}}