{"id":3066,"date":"2025-02-08T09:29:32","date_gmt":"2025-02-08T12:29:32","guid":{"rendered":"https:\/\/13.com.ar\/index.php\/cuando-cobro-la-asignacion-de-febrero-si-mi-dni-termina-en-1\/"},"modified":"2025-02-08T09:29:32","modified_gmt":"2025-02-08T12:29:32","slug":"cuando-cobro-la-asignacion-de-febrero-si-mi-dni-termina-en-1","status":"publish","type":"post","link":"https:\/\/13.com.ar\/index.php\/cuando-cobro-la-asignacion-de-febrero-si-mi-dni-termina-en-1\/","title":{"rendered":"cu\u00e1ndo cobro la asignaci\u00f3n de febrero si mi DNI termina en 1"},"content":{"rendered":"<p> <br \/>\n<br \/><img decoding=\"async\" src=\"https:\/\/13.com.ar\/wp-content\/uploads\/2025\/02\/1739017772_342_cuando-cobro-la-asignacion-de-febrero-si-mi-DNI-termina.jpg\" \/><\/p>\n<div>\n<p>Seg\u00fan la propia p\u00e1gina de la ANSeS, la AUH se cre\u00f3 &#8220;para igualar las oportunidades de todos los ni\u00f1os y adolescentes del pa\u00eds&#8221;. Le corresponde a la madre, padre o titular con hijos a cargo que sea<strong> Desocupado, trabajador no registrado o sin aportes, de casas particulares o monotributista social<\/strong>. Los requisitos son que sea argentino y residir en el pa\u00eds. &#8220;Si sos extranjero o naturalizado, deb\u00e9s tener como m\u00ednimo 2 a\u00f1os de residencia&#8221;, indican. Adem\u00e1s, los hijos deben ser menores de 18 a\u00f1os (no hay l\u00edmite de edad en caso de hijo con discapacidad) y ser soltero\/a.<\/p>\n<\/div>\n<div>\n<p>La documentaci\u00f3n para tramitar el beneficio es el DNI del titular a cargo y del hijo, el certificado o partida de nacimiento del hijo, certificado de matrimonio, uni\u00f3n civil o convivencia. &#8220;Si est\u00e1s a cargo de tu hijo y no est\u00e1s cobrando la Asignaci\u00f3n Universal <strong>pod\u00e9s realizar el reclamo<\/strong>&#8220;, aseguran desde la Web. E insisten: &#8220;Para recibir la Asignaci\u00f3n Universal por Hijo es importante que tus datos personales y tus v\u00ednculos familiares est\u00e9n registrados y actualizados en ANSES. Pod\u00e9s consultarlos ingresando en mi ANSES&#8221;.<\/p>\n<\/div>\n<div>\n<p>Los distintos beneficiarios de las prestaciones que otorga la ANSeS pueden consultar la fecha y lugar de cobro ingresando en <strong>Mi ANSeS <\/strong>con el CUIL y Clave de la Seguridad Social. Tambi\u00e9n se puede chequear el calendario de pagos de la ANSeS. Este \u00faltimo informa que a los titulares de la AUH cuyo DNI termina en 1, le depositar\u00e1n la prestaci\u00f3n el <strong>martes 11<\/strong>. El resto del calendario de diversas prestaciones.<\/p>\n<\/div>\n<p><br \/>\n<br \/><a href=\"https:\/\/www.clarin.com\/informacion-general\/auh-cobro-asignacion-febrero-dni-termina-1_0_IeOXpN6m0q.html\">Fuente Clarin.com <\/a><\/p>\n","protected":false},"excerpt":{"rendered":"<p>Seg\u00fan la propia p\u00e1gina de la ANSeS, la AUH se cre\u00f3 &#8220;para igualar las oportunidades de todos los ni\u00f1os y adolescentes del pa\u00eds&#8221;. Le corresponde a la madre, padre o titular con hijos a cargo que sea Desocupado, trabajador no registrado o sin aportes, de casas particulares o monotributista social. Los requisitos son que sea [&hellip;]<\/p>\n","protected":false},"author":1,"featured_media":3067,"comment_status":"open","ping_status":"open","sticky":false,"template":"","format":"standard","meta":{"footnotes":""},"categories":[2],"tags":[3955,1554,677,3956,1823,3957],"class_list":["post-3066","post","type-post","status-publish","format-standard","has-post-thumbnail","hentry","category-ultimas-noticias","tag-asignacion","tag-cobro","tag-cuando","tag-dni","tag-febrero","tag-termina"],"_links":{"self":[{"href":"https:\/\/13.com.ar\/index.php\/wp-json\/wp\/v2\/posts\/3066","targetHints":{"allow":["GET"]}}],"collection":[{"href":"https:\/\/13.com.ar\/index.php\/wp-json\/wp\/v2\/posts"}],"about":[{"href":"https:\/\/13.com.ar\/index.php\/wp-json\/wp\/v2\/types\/post"}],"author":[{"embeddable":true,"href":"https:\/\/13.com.ar\/index.php\/wp-json\/wp\/v2\/users\/1"}],"replies":[{"embeddable":true,"href":"https:\/\/13.com.ar\/index.php\/wp-json\/wp\/v2\/comments?post=3066"}],"version-history":[{"count":0,"href":"https:\/\/13.com.ar\/index.php\/wp-json\/wp\/v2\/posts\/3066\/revisions"}],"wp:featuredmedia":[{"embeddable":true,"href":"https:\/\/13.com.ar\/index.php\/wp-json\/wp\/v2\/media\/3067"}],"wp:attachment":[{"href":"https:\/\/13.com.ar\/index.php\/wp-json\/wp\/v2\/media?parent=3066"}],"wp:term":[{"taxonomy":"category","embeddable":true,"href":"https:\/\/13.com.ar\/index.php\/wp-json\/wp\/v2\/categories?post=3066"},{"taxonomy":"post_tag","embeddable":true,"href":"https:\/\/13.com.ar\/index.php\/wp-json\/wp\/v2\/tags?post=3066"}],"curies":[{"name":"wp","href":"https:\/\/api.w.org\/{rel}","templated":true}]}}