{"id":30639,"date":"2025-06-03T18:04:35","date_gmt":"2025-06-03T21:04:35","guid":{"rendered":"https:\/\/13.com.ar\/index.php\/cuanto-gana-un-empleado-de-comercio-en-junio-de-2025\/"},"modified":"2025-06-03T18:04:35","modified_gmt":"2025-06-03T21:04:35","slug":"cuanto-gana-un-empleado-de-comercio-en-junio-de-2025","status":"publish","type":"post","link":"https:\/\/13.com.ar\/index.php\/cuanto-gana-un-empleado-de-comercio-en-junio-de-2025\/","title":{"rendered":"Cu\u00e1nto gana un empleado de comercio en junio de 2025"},"content":{"rendered":"<p> <br \/>\n<br \/><img decoding=\"async\" src=\"https:\/\/13.com.ar\/wp-content\/uploads\/2025\/06\/Cuanto-gana-un-empleado-de-comercio-en-junio-de-2025.jpg\" \/><\/p>\n<div id=\"element-body-0\">\n<p>Los <strong>empleados de comercio<\/strong> de todo el pa\u00eds reciben en junio un <strong>nuevo incremento salarial<\/strong>, en el marco del acuerdo paritario vigente para el segundo trimestre del a\u00f1o. El convenio firmado entre la <strong>Federaci\u00f3n Argentina de Empleados de Comercio y Servicios (FAECYS)<\/strong> y las c\u00e1maras empresarias contempla una suba del 5,4% distribuida entre abril, mayo y junio de 2025.<\/p>\n<\/div>\n<div id=\"element-body-1\">\n<p>El nuevo tramo de la paritaria contempla una suba del 15% en dos cuotas no remunerativas: un 8% en mayo y un 7% en junio, tomando como base de c\u00e1lculo los sueldos de abril. Adem\u00e1s, se suma una cl\u00e1usula de revisi\u00f3n que habilita la reapertura de las negociaciones en julio.<\/p>\n<\/div>\n<div id=\"element-body-2\">\n<p>Pese a que el acuerdo fue objetado por sectores empresariales que presentaron impugnaciones formales ante la Secretar\u00eda de Trabajo, las principales c\u00e1maras \u2014como la CAME, la CAC y la Udeca\u2014 ya lo est\u00e1n aplicando. Esto significa que, aunque falta la homologaci\u00f3n oficial, en los hechos los aumentos ya se est\u00e1n pagando.<\/p>\n<\/div>\n<div id=\"element-body-4\">\n<p>Con esta actualizaci\u00f3n, el sueldo de un empleado de comercio de categor\u00eda \u201cmaestranza A\u201d en jornada completa ronda los $ 658.000 brutos en junio, mientras que las categor\u00edas m\u00e1s altas \u2014como administrativos o personal jer\u00e1rquico\u2014 superan el mill\u00f3n de pesos con los adicionales incluidos. <\/p>\n<\/div>\n<div id=\"element-body-18\">\n<p>Aunque el acuerdo fue firmado a fines de abril entre FAECYS y las principales c\u00e1maras del sector, el Gobierno a\u00fan no lo homolog\u00f3. Desde el Ministerio de Econom\u00eda dejaron trascender su malestar con el aumento acordado, al considerar que desentona con la pauta salarial oficial, que busca limitar los incrementos al 1% mensual como parte de su estrategia para frenar la inflaci\u00f3n.<\/p>\n<\/div>\n<div id=\"element-body-19\">\n<p>En paralelo, del lado empresario aseguran que no hubo avances en las \u00faltimas semanas ni se\u00f1ales concretas de una nueva convocatoria para modificar el texto. \u201cNo tenemos novedades\u201d, admiten.<\/p>\n<\/div>\n<div id=\"element-body-21\">\n<p>Frente a este escenario, la Federaci\u00f3n de Comercio fue tajante: el acuerdo est\u00e1 vigente y debe cumplirse, m\u00e1s all\u00e1 de la homologaci\u00f3n. Seg\u00fan explicaron desde el gremio, la propia paritaria incluye una cl\u00e1usula que garantiza la aplicaci\u00f3n de los aumentos \u201ccomo adelanto a cuenta del &#8220;<strong>Acuerdo Colectivo Abril 2025\u201d<\/strong>, lo que obliga a los empleadores a pagar los nuevos montos hasta tanto se formalice la aprobaci\u00f3n administrativa.<\/p>\n<\/div>\n<div id=\"element-body-22\">\n<p>Adem\u00e1s, el sindicato rechaz\u00f3 la posibilidad de rediscutir las cifras. La reuni\u00f3n propuesta por el secretario de Trabajo, <strong>Julio Cordero<\/strong>, fue descartada de plano. \u201cEl acuerdo fue firmado por todas las c\u00e1maras y ya est\u00e1 publicado. No hay motivos para una revisi\u00f3n\u201d, sostuvieron desde FAECYS. <\/p>\n<\/div>\n<div id=\"element-body-24\">\n<p>Por ahora, los empleadores contin\u00faan liquidando los salarios con los aumentos pactados, y desde FAECYS anticipan que har\u00e1n un seguimiento estricto del cumplimiento. El foco estar\u00e1 puesto en que las sumas de mayo y junio se paguen en tiempo y forma, incluso sin resoluci\u00f3n formal de la Secretar\u00eda de Trabajo. <\/p>\n<\/div>\n<p><br \/>\n<br \/><a href=\"https:\/\/www.clarin.com\/informacion-general\/gana-empleado-comercio-junio-2025_0_ctD8VrKbvm.html\">Fuente Clarin.com <\/a><\/p>\n","protected":false},"excerpt":{"rendered":"<p>Los empleados de comercio de todo el pa\u00eds reciben en junio un nuevo incremento salarial, en el marco del acuerdo paritario vigente para el segundo trimestre del a\u00f1o. El convenio firmado entre la Federaci\u00f3n Argentina de Empleados de Comercio y Servicios (FAECYS) y las c\u00e1maras empresarias contempla una suba del 5,4% distribuida entre abril, mayo [&hellip;]<\/p>\n","protected":false},"author":1,"featured_media":30640,"comment_status":"open","ping_status":"open","sticky":false,"template":"","format":"standard","meta":{"footnotes":""},"categories":[2],"tags":[2581,448,3450,3655,16525],"class_list":["post-30639","post","type-post","status-publish","format-standard","has-post-thumbnail","hentry","category-ultimas-noticias","tag-comercio","tag-cuanto","tag-empleado","tag-gana","tag-junio"],"_links":{"self":[{"href":"https:\/\/13.com.ar\/index.php\/wp-json\/wp\/v2\/posts\/30639","targetHints":{"allow":["GET"]}}],"collection":[{"href":"https:\/\/13.com.ar\/index.php\/wp-json\/wp\/v2\/posts"}],"about":[{"href":"https:\/\/13.com.ar\/index.php\/wp-json\/wp\/v2\/types\/post"}],"author":[{"embeddable":true,"href":"https:\/\/13.com.ar\/index.php\/wp-json\/wp\/v2\/users\/1"}],"replies":[{"embeddable":true,"href":"https:\/\/13.com.ar\/index.php\/wp-json\/wp\/v2\/comments?post=30639"}],"version-history":[{"count":0,"href":"https:\/\/13.com.ar\/index.php\/wp-json\/wp\/v2\/posts\/30639\/revisions"}],"wp:featuredmedia":[{"embeddable":true,"href":"https:\/\/13.com.ar\/index.php\/wp-json\/wp\/v2\/media\/30640"}],"wp:attachment":[{"href":"https:\/\/13.com.ar\/index.php\/wp-json\/wp\/v2\/media?parent=30639"}],"wp:term":[{"taxonomy":"category","embeddable":true,"href":"https:\/\/13.com.ar\/index.php\/wp-json\/wp\/v2\/categories?post=30639"},{"taxonomy":"post_tag","embeddable":true,"href":"https:\/\/13.com.ar\/index.php\/wp-json\/wp\/v2\/tags?post=30639"}],"curies":[{"name":"wp","href":"https:\/\/api.w.org\/{rel}","templated":true}]}}