{"id":30635,"date":"2025-06-03T17:46:33","date_gmt":"2025-06-03T20:46:33","guid":{"rendered":"https:\/\/13.com.ar\/index.php\/el-gobierno-aprobo-aumentos-de-tarifas-de-luz-de-25-para-edenor-y-edesur\/"},"modified":"2025-06-03T17:46:33","modified_gmt":"2025-06-03T20:46:33","slug":"el-gobierno-aprobo-aumentos-de-tarifas-de-luz-de-25-para-edenor-y-edesur","status":"publish","type":"post","link":"https:\/\/13.com.ar\/index.php\/el-gobierno-aprobo-aumentos-de-tarifas-de-luz-de-25-para-edenor-y-edesur\/","title":{"rendered":"El Gobierno aprob\u00f3 aumentos de tarifas de luz de 2,5% para Edenor y Edesur"},"content":{"rendered":"<p> <br \/>\n<br \/><img decoding=\"async\" src=\"https:\/\/13.com.ar\/wp-content\/uploads\/2025\/05\/la-luz-y-el-gas-suben-25-y-el-agua.jpg\" \/><\/p>\n<div id=\"element-body-0\">\n<p>El Gobierno confirm\u00f3 este martes el aumento de tarifas de 2,5% promedio en la energ\u00eda el\u00e9ctrica del \u00c1rea Metropolitana de Buenos Aires (AMBA), la zona donde operan las distribuidoras Edenor y Edesur, tal como anticip\u00f3 Clar\u00edn el viernes pasado.<\/p>\n<\/div>\n<div id=\"element-body-1\">\n<p>Mediante las resoluciones 400 y 401\/2025 del Ente Nacional Regulador de la Electricidad (ENRE), la Naci\u00f3n autoriz\u00f3 el incremento mensual de 2,3% en las tarifas de luz para los hogares categorizados como &#8220;Nivel 1 (N1) &#8211; Ingresos altos&#8221; en la segmentaci\u00f3n; de 2,5% para los usuarios domiciliarios &#8220;Nivel 3 (N3) &#8211; Ingresos medios&#8221;; y de 2,8% para los &#8220;Nivel 2 (N2) &#8211; Ingresos bajos&#8221;.<\/p>\n<\/div>\n<div id=\"element-body-2\">\n<p>La suba en las facturas se compone de un ajuste de 1,5% en el precio mayorista de la energ\u00eda, que el Estado actualiz\u00f3 para destinar menos subsidios; un alza de 7,25% en el precio estacional del transporte en alta tensi\u00f3n; y un aumento del 3,2% en el Valor Agregado de la Distribuci\u00f3n (VAD).<\/p>\n<\/div>\n<div id=\"element-body-3\">\n<p>Desde mayo empez\u00f3 a regir la Revisi\u00f3n Quinquenal Tarifaria (RQT), que establece aumentos mensuales de las tarifas en base a la evoluci\u00f3n pasada de la inflaci\u00f3n hasta abril de 2030, junto a una peque\u00f1a suba de 0,4% durante 30 meses m\u00e1s para mejorar los ingresos de Edenor y Edesur.<\/p>\n<\/div>\n<div id=\"element-body-4\">\n<p>Con esos fondos, las empresas se comprometieron a hacer inversiones por unos 2.000 millones de d\u00f3lares en los pr\u00f3ximos 5 a\u00f1os, para mejorar la calidad de servicio y reducir cerca de un 40% la duraci\u00f3n y la frecuencia de los cortes de luz en Buenos Aires y el conurbano.<\/p>\n<\/div>\n<div id=\"element-body-5\">\n<p>Lo que es fundamental para el sector privado es que ni este Gobierno ni la pr\u00f3xima administraci\u00f3n vuelva a quebrar los contratos. Con esa &#8220;seguridad jur\u00eddica&#8221; aspiran a volver a tener acceso al cr\u00e9dito a tasas de inter\u00e9s sustancialmente m\u00e1s bajas que las actuales.<\/p>\n<\/div>\n<div id=\"element-body-6\">\n<p>La tasa de rentabilidad que les autoriz\u00f3 el Gobierno a Edenor y Edesur es de 6,22% anual despu\u00e9s de impuestos, una cifra que motiv\u00f3 reclamo de las empresas, porque entienden que todav\u00eda no consiguen financiamiento a esas tasas.<\/p>\n<\/div>\n<div id=\"element-body-7\">\n<p>De hecho, hoy el riesgo pa\u00eds ronda los 650 puntos b\u00e1sicos, con lo que sumado a la tasa de inter\u00e9s de Estados Unidos, entienden que  deber\u00edan tener rentabilidades en torno al 11% anual, que reflejen el &#8220;riesgo&#8221; de operar servicios p\u00fablicos en Argentina.<\/p>\n<\/div>\n<div id=\"element-body-8\">\n<p>Por otro lado, se espera que en las pr\u00f3ximas horas el Ente Nacional Regulador del Gas (Enargas) confirme los aumentos de tarifas a nivel nacional para TGS, TGN, Metrogas, Camuzzi y Naturgy, entre otras firmas, que estar\u00e1n cerca del 2,8% mensual.<\/p>\n<\/div>\n<div id=\"element-body-9\">\n<p>En todo lo que no est\u00e1 atado a f\u00f3rmulas de actualizaci\u00f3n por inflaci\u00f3n y depende de la firma del Ministerio de Econom\u00eda, como este mes fue el precio de la energ\u00eda el\u00e9ctrica mayorista y la remuneraci\u00f3n a generadores el\u00e9ctricos sin contrato vigente con el Mercado El\u00e9ctrico Mayorista (MEM), las actualizaciones fueron de 1,5%, lo que marca la cifra de evoluci\u00f3n de precios que espera el Gobierno para junio.<\/p>\n<\/div>\n<p><br \/>\n<br \/><a href=\"https:\/\/www.clarin.com\/economia\/gobierno-aprobo-aumentos-tarifas-luz-25-edenor-edesur_0_ku5PZi18NN.html\">Fuente Clarin.com <\/a><\/p>\n","protected":false},"excerpt":{"rendered":"<p>El Gobierno confirm\u00f3 este martes el aumento de tarifas de 2,5% promedio en la energ\u00eda el\u00e9ctrica del \u00c1rea Metropolitana de Buenos Aires (AMBA), la zona donde operan las distribuidoras Edenor y Edesur, tal como anticip\u00f3 Clar\u00edn el viernes pasado. Mediante las resoluciones 400 y 401\/2025 del Ente Nacional Regulador de la Electricidad (ENRE), la Naci\u00f3n [&hellip;]<\/p>\n","protected":false},"author":1,"featured_media":29882,"comment_status":"open","ping_status":"open","sticky":false,"template":"","format":"standard","meta":{"footnotes":""},"categories":[2],"tags":[6451,868,754,755,71,2117,16,759],"class_list":["post-30635","post","type-post","status-publish","format-standard","has-post-thumbnail","hentry","category-ultimas-noticias","tag-aprobo","tag-aumentos","tag-edenor","tag-edesur","tag-gobierno","tag-luz","tag-para","tag-tarifas"],"_links":{"self":[{"href":"https:\/\/13.com.ar\/index.php\/wp-json\/wp\/v2\/posts\/30635","targetHints":{"allow":["GET"]}}],"collection":[{"href":"https:\/\/13.com.ar\/index.php\/wp-json\/wp\/v2\/posts"}],"about":[{"href":"https:\/\/13.com.ar\/index.php\/wp-json\/wp\/v2\/types\/post"}],"author":[{"embeddable":true,"href":"https:\/\/13.com.ar\/index.php\/wp-json\/wp\/v2\/users\/1"}],"replies":[{"embeddable":true,"href":"https:\/\/13.com.ar\/index.php\/wp-json\/wp\/v2\/comments?post=30635"}],"version-history":[{"count":0,"href":"https:\/\/13.com.ar\/index.php\/wp-json\/wp\/v2\/posts\/30635\/revisions"}],"wp:featuredmedia":[{"embeddable":true,"href":"https:\/\/13.com.ar\/index.php\/wp-json\/wp\/v2\/media\/29882"}],"wp:attachment":[{"href":"https:\/\/13.com.ar\/index.php\/wp-json\/wp\/v2\/media?parent=30635"}],"wp:term":[{"taxonomy":"category","embeddable":true,"href":"https:\/\/13.com.ar\/index.php\/wp-json\/wp\/v2\/categories?post=30635"},{"taxonomy":"post_tag","embeddable":true,"href":"https:\/\/13.com.ar\/index.php\/wp-json\/wp\/v2\/tags?post=30635"}],"curies":[{"name":"wp","href":"https:\/\/api.w.org\/{rel}","templated":true}]}}