{"id":30632,"date":"2025-06-03T17:40:30","date_gmt":"2025-06-03T20:40:30","guid":{"rendered":"https:\/\/13.com.ar\/index.php\/las-entidades-del-campo-salen-en-defensa-del-inta\/"},"modified":"2025-06-03T17:40:30","modified_gmt":"2025-06-03T20:40:30","slug":"las-entidades-del-campo-salen-en-defensa-del-inta","status":"publish","type":"post","link":"https:\/\/13.com.ar\/index.php\/las-entidades-del-campo-salen-en-defensa-del-inta\/","title":{"rendered":"las entidades del campo salen en defensa del INTA"},"content":{"rendered":"<p> <br \/>\n<br \/><img decoding=\"async\" src=\"https:\/\/13.com.ar\/wp-content\/uploads\/2025\/05\/Desarrollan-antioxidantes-a-partir-del-descarte-de-la-produccion-piscicola.jpg\" \/><\/p>\n<div id=\"element-body-0\">\n<p>Creado en 1956 el INTA motoriz\u00f3 la revoluci\u00f3n tecnol\u00f3gica en el campo, es reconocido globalmente y un orgullo para la Argentina. La intenci\u00f3n de unirlo al INTI primero, despu\u00e9s de<strong> reducirlo sin escuchar a sus cient\u00edficos <\/strong>pero basados en un &#8220;crecimiento desmedido y la incorporaci\u00f3n de militantes&#8221; durante los tiempos de Cristina Kirchner y Alberto Fern\u00e1ndez, ha generado toda clase de debate y conjeturas. <\/p>\n<\/div>\n<div id=\"element-body-1\">\n<p>Hoy la mesa de enlace que cobija a las entidades del campo emiti\u00f3 un comunicado que es <strong>toda una se\u00f1al a la intenci\u00f3n de un ajuste desproporcionado.<\/strong><\/p>\n<\/div>\n<div id=\"element-body-2\">\n<p>All\u00ed se se\u00f1ala que la Sociedad Rural, Coninagro, CRA y la Federaci\u00f3n Agraria reiteran<strong> su compromiso con el INTA,<\/strong> en lo que es una reacci\u00f3n ante un decreto inminente del ministerio de Federico Sturzenegger.<\/p>\n<\/div>\n<div id=\"element-body-3\">\n<p>Los dirigentes salen a defender una instituci\u00f3n que ha creado m\u00e1s de <strong>1.000 cultivos y posee medio centenar de patentes tecnol\u00f3gicas. <\/strong>Y en un comunicado hicieron p\u00fablica la reuni\u00f3n que mantuvieron esta ma\u00f1ana con el secretario de Agricultura, Sergio Iraeta.<\/p>\n<\/div>\n<div id=\"element-body-5\">\n<p>\u201cAnte las versiones que indicaban de manera inminente se dictar\u00eda un decreto que <strong>modificar\u00eda sustancialmente la estructura y esencia del INTA,<\/strong> la Comisi\u00f3n de Enlace de Entidades Agropecuarias solicit\u00f3 una reuni\u00f3n con el secretario de Agricultura, Ganader\u00eda y Pesca de la Naci\u00f3n, Sergio Iraeta, el presidente del Instituto, Nicol\u00e1s Bronzovich, y su vicepresidente, Mar\u00eda Pilu Giraudo. El encuentro tuvo lugar este martes 3 de junio y participaron los presidentes de CRA, Carlos Castagnani; de Coninagro, Lucas Magnano; de FAA, Andrea Sarnari y la vicepresidente 2\u00b0 de SRA, Eloisa Frederking. En dicho \u00e1mbito la CEEA coincidi\u00f3 en que son<strong> necesarias algunas modificaciones para construir un INTA m\u00e1s eficiente y moderno<\/strong>. Sin embargo, se mantuvo firme en tres reclamos fundamentales al gobierno nacional: que mantenga su autarqu\u00eda; su gobernanza y su estructura de Centros Regionales, ya que se trata de una <strong>herramienta imprescindible para el desarrollo agropecuario<\/strong>\u201d, contaron en el comunicado.<\/p>\n<\/div>\n<div id=\"element-body-6\">\n<p>Pero advirtieron: \u201cLos integrantes de la Comisi\u00f3n de Enlace expresaron<strong> estar preocupados y comprometidos con el INTA<\/strong>, ya que los productores quieren y necesitan un organismo eficiente, con amplia territorialidad y que promueva el desarrollo agropecuario en todo el pa\u00eds, para beneficio de todos los argentinos&#8221;. <\/p>\n<\/div>\n<div id=\"element-body-7\">\n<p>Y destacaron que cualquier medida que atente contra ello, &#8220;perjudica a todo el sector\u201d.<\/p>\n<\/div>\n<div id=\"element-body-8\">\n<p>Por cierto, el INTA ayuda a la incorporaci\u00f3n de tecnolog\u00eda de punta y exporta esos saberes no solo auxiliando al continente africano, ayudando a los agricultores que luchan por la supervivencia. Tambi\u00e9n, a pa\u00edses que marcan el paso como Estados Unidos.<\/p>\n<\/div>\n<p><br \/>\n<br \/><a href=\"https:\/\/www.clarin.com\/economia\/mensaje-milei-entidades-campo-salen-defensa-inta_0_ia2MvZ1Gpi.html\">Fuente Clarin.com <\/a><\/p>\n","protected":false},"excerpt":{"rendered":"<p>Creado en 1956 el INTA motoriz\u00f3 la revoluci\u00f3n tecnol\u00f3gica en el campo, es reconocido globalmente y un orgullo para la Argentina. La intenci\u00f3n de unirlo al INTI primero, despu\u00e9s de reducirlo sin escuchar a sus cient\u00edficos pero basados en un &#8220;crecimiento desmedido y la incorporaci\u00f3n de militantes&#8221; durante los tiempos de Cristina Kirchner y Alberto [&hellip;]<\/p>\n","protected":false},"author":1,"featured_media":22477,"comment_status":"open","ping_status":"open","sticky":false,"template":"","format":"standard","meta":{"footnotes":""},"categories":[2],"tags":[958,4776,100,9586,7012,48,6575],"class_list":["post-30632","post","type-post","status-publish","format-standard","has-post-thumbnail","hentry","category-ultimas-noticias","tag-campo","tag-defensa","tag-del","tag-entidades","tag-inta","tag-las","tag-salen"],"_links":{"self":[{"href":"https:\/\/13.com.ar\/index.php\/wp-json\/wp\/v2\/posts\/30632","targetHints":{"allow":["GET"]}}],"collection":[{"href":"https:\/\/13.com.ar\/index.php\/wp-json\/wp\/v2\/posts"}],"about":[{"href":"https:\/\/13.com.ar\/index.php\/wp-json\/wp\/v2\/types\/post"}],"author":[{"embeddable":true,"href":"https:\/\/13.com.ar\/index.php\/wp-json\/wp\/v2\/users\/1"}],"replies":[{"embeddable":true,"href":"https:\/\/13.com.ar\/index.php\/wp-json\/wp\/v2\/comments?post=30632"}],"version-history":[{"count":0,"href":"https:\/\/13.com.ar\/index.php\/wp-json\/wp\/v2\/posts\/30632\/revisions"}],"wp:featuredmedia":[{"embeddable":true,"href":"https:\/\/13.com.ar\/index.php\/wp-json\/wp\/v2\/media\/22477"}],"wp:attachment":[{"href":"https:\/\/13.com.ar\/index.php\/wp-json\/wp\/v2\/media?parent=30632"}],"wp:term":[{"taxonomy":"category","embeddable":true,"href":"https:\/\/13.com.ar\/index.php\/wp-json\/wp\/v2\/categories?post=30632"},{"taxonomy":"post_tag","embeddable":true,"href":"https:\/\/13.com.ar\/index.php\/wp-json\/wp\/v2\/tags?post=30632"}],"curies":[{"name":"wp","href":"https:\/\/api.w.org\/{rel}","templated":true}]}}