{"id":30622,"date":"2025-06-03T17:22:40","date_gmt":"2025-06-03T20:22:40","guid":{"rendered":"https:\/\/13.com.ar\/index.php\/cuando-viaja-a-estados-unidos-y-los-puestos-en-los-que-gallardo-aceptaria-un-refuerzo\/"},"modified":"2025-06-03T17:22:40","modified_gmt":"2025-06-03T20:22:40","slug":"cuando-viaja-a-estados-unidos-y-los-puestos-en-los-que-gallardo-aceptaria-un-refuerzo","status":"publish","type":"post","link":"https:\/\/13.com.ar\/index.php\/cuando-viaja-a-estados-unidos-y-los-puestos-en-los-que-gallardo-aceptaria-un-refuerzo\/","title":{"rendered":"cu\u00e1ndo viaja a Estados Unidos y los puestos en los que Gallardo aceptar\u00eda un refuerzo"},"content":{"rendered":"<p> <br \/>\n<br \/><img decoding=\"async\" src=\"https:\/\/13.com.ar\/wp-content\/uploads\/2025\/06\/cuando-viaja-a-Estados-Unidos-y-los-puestos-en-los.jpg\" \/><\/p>\n<div id=\"element-body-0\">\n<p><strong>River ya est\u00e1 en modo Mundial de Clubes<\/strong>. Y no solo porque en los primeros entrenamientos tras el breve descanso despu\u00e9s de jugar el \u00faltimo partido por la fase de grupos de la <strong>Copa Libertadores <\/strong>ante Universitario de Per\u00fa, el plantel practique con la pelota con la que se jugar\u00e1 la gran cita futbol\u00edstica en Estados Unidos. Tambi\u00e9n porque ya se planifica y se ultiman los detalles del viaje de la delegaci\u00f3n riverplatense el pr\u00f3ximo mi\u00e9rcoles 11 al pa\u00eds norteamericano, donde el equipo de <strong>Marcelo Gallardo <\/strong>debutar\u00e1 el martes 17 a las 16:00 (hora argentina) ante <strong>Urawa Red Diamonds<\/strong> de Jap\u00f3n en Seattle.<\/p>\n<\/div>\n<div id=\"element-body-1\">\n<p>&#8220;Modo Mundial de Clubes&#8221;, poste\u00f3 el club en sus redes sociales junto a una foto de Gallardo de espaldas a la c\u00e1mara, observando a sus jugadores y con un detalle particular: bajo su suela derecha, el Mu\u00f1eco ten\u00eda la pelota azul, roja y blanca con estrellas que se usar\u00e1 en Estados Unidos. Adem\u00e1s de tecnolog\u00eda innovadora para darle mayor precisi\u00f3n al juego, la nueva n\u00famero 5, dise\u00f1ada por la marca Adidas, incorpora llamativos gr\u00e1ficos y emblemas representativos del pa\u00eds anfitri\u00f3n. La publicaci\u00f3n de River, hubo una r\u00e1pida respuesta de la cuenta oficial de la Copa Mundial FIFA: <strong>&#8220;Nos vemos pronto&#8221;<\/strong>.<\/p>\n<\/div>\n<div id=\"element-body-2\">\n<blockquote class=\"twitter-tweet\">\n<p lang=\"es\" dir=\"ltr\">Prepar\u00e1ndonos para el <a rel=\"nofollow\" target=\"_blank\" href=\"https:\/\/twitter.com\/FIFACWC?ref_src=twsrc%5Etfw\">@FIFACWC<\/a> \ud83c\udf0e\u26bd\ufe0f<a rel=\"nofollow\" target=\"_blank\" href=\"https:\/\/twitter.com\/hashtag\/FIFACWC?src=hash&amp;ref_src=twsrc%5Etfw\">#FIFACWC<\/a> | <a rel=\"nofollow\" target=\"_blank\" href=\"https:\/\/twitter.com\/hashtag\/VamosRiver?src=hash&amp;ref_src=twsrc%5Etfw\">#VamosRiver<\/a> \ud83e\udd0d\u2764\ufe0f\ud83e\udd0d <a rel=\"nofollow\" target=\"_blank\" href=\"https:\/\/t.co\/mFvOu3lc9c\">pic.twitter.com\/mFvOu3lc9c<\/a><\/p>\n<p>\u2014 River Plate (@RiverPlate) <a rel=\"nofollow\" target=\"_blank\" href=\"https:\/\/twitter.com\/RiverPlate\/status\/1929982414568468665?ref_src=twsrc%5Etfw\">June 3, 2025<\/a><\/p><\/blockquote>\n<\/div>\n<div id=\"element-body-3\">\n<p>Gallardo tiene mucho entusiasmo por esta competencia y ese es el mensaje que baj\u00f3 en su \u00faltima conferencia al plantel, cuando manifest\u00f3: <em>\u201cIremos con muy buenas expectativas para afrontar un desaf\u00edo tan hermoso como jugar un Mundial de Clubes y enfrentarnos con los mejores equipos del mundo. Si no, no ir\u00edamos. No tendr\u00eda sentido\u201d<\/em>. Y agreg\u00f3: \u201cSi corregimos algunos d\u00e9ficits que tuvimos en estos \u00faltimos dos meses, no tengo dudas de que podremos enfrentarnos con cualquiera y medirnos de buena forma. Ese es el objetivo. Las posibilidades depender\u00e1n de c\u00f3mo funcione el equipo&#8221;.<\/p>\n<\/div>\n<div id=\"element-body-4\">\n<p>&#8220;A m\u00ed no me gusta la palabra &#8216;competir&#8217;. Todos quieren competir, el tema es de qu\u00e9 manera te prepar\u00e1s para intentar ganar. Eso es lo que me desaf\u00eda. Yo quiero ganar, no quiero ir a competir y ver qu\u00e9 pasa. Si nos toca perder, que sea porque el rival haga m\u00e1s m\u00e9ritos que nosotros, que sea mejor que nosotros\u201d, explic\u00f3.<\/p>\n<\/div>\n<div id=\"element-body-5\">\n<p><strong>El Mu\u00f1eco se encuentra con confianza y a la vez expectante por la posible llegada de alg\u00fan refuerzo<\/strong>. Pero tampoco lo desespera. Sabe que la inversi\u00f3n m\u00e1s importante se hizo a principios de a\u00f1o y tampoco traer\u00e1 por traer antes de que se cierre la ventana por el Mundial de Clubes, el pr\u00f3ximo martes 10.<\/p>\n<\/div>\n<div id=\"element-body-6\">\n<p>El t\u00e9cnico pretende <strong>puestos puntuales<\/strong>, como es un <strong>lateral izquierdo <\/strong>y un <strong>centrodelantero<\/strong>. Para el \u201c3\u201d, adem\u00e1s de <strong>Lucas Esquivel<\/strong>, River mira con buenos ojos a <strong>Rom\u00e1n Vega<\/strong>, de Argentinas. Y para el \u201c9\u201d, el apuntado era <strong>Lucas Beltr\u00e1n<\/strong>, pero saben que es muy d\u00edficil sacarlo de la Fiorentina en este momento. \u00bfY si el Mu\u00f1eco mira el \u00e1mbito local y le apunta a <strong>Maximiliano Salas<\/strong>, delantero de Racing? Es una posibilidad, aunque la &#8216;Academia&#8217; no quiere transferirlo.<\/p>\n<\/div>\n<div id=\"element-body-8\">\n<p>Tras la contienda en Estados Unidos, el mercado de pases volver\u00e1 a abrirse y ah\u00ed s\u00ed River buscar\u00e1 con m\u00e1s intensidad de cara a la <strong>Copa Libertadores<\/strong>, el gran objetivo del a\u00f1o. Para colmo, m\u00e1s all\u00e1 de que en octavos de final le toc\u00f3 <strong>Libertad de Paraguay<\/strong>, en N\u00fa\u00f1ez saben que asoma un cuadro muy complejo ya que en cuartos podr\u00eda enfrentarse con Palmeiras y en ese caso, la serie se definir\u00e1 en Brasil.<\/p>\n<\/div>\n<div id=\"element-body-9\">\n<p>Pero ya habr\u00e1 tiempo de pensar en la Libertadores. Ahora, la mente y el foco est\u00e1n puestos en Estados Unidos, donde River no quiere pasar zozobra y buscar\u00e1 en primer lugar pasar la fase de grupos, en la que adem\u00e1s del conjunto japon\u00e9s, tambi\u00e9n se enfrentar\u00e1 con Rayados de Monterrey (el 21, en Los Angeles) y con Inter (el 25, en Seattle), subcampe\u00f3n de la Champions League.<\/p>\n<\/div>\n<div id=\"element-body-10\">\n<p><strong>El Mu\u00f1eco ya no luce el #10 en la espalda<\/strong>, estampado sobre la banda roja, pero en la antesala de partidos importantes o grandes eventos como lo es el que se va a jugar en Estados Unidos, su presencia es clave. Por la imagen que construy\u00f3, por lo que representa y por lo que transmite, el t\u00e9cnico tendr\u00e1 un protagonismo en Estados Unidos a la par -o mayor- que sus futbolistas, a los que buscar\u00e1 guiar por el buen camino para que River pueda tener un buen Mundial de Clubes.<\/p>\n<\/div>\n<p><script async src=\"\/\/platform.twitter.com\/widgets.js\" charset=\"utf-8\"><\/script><br \/>\n<br \/><br \/>\n<br \/><a href=\"https:\/\/www.clarin.com\/deportes\/river-modo-mundial-clubes-viaja-estados-unidos-puestos-gallardo-aceptaria-refuerzo_0_nS6iHVs9T8.html\">Fuente Clarin.com <\/a><\/p>\n","protected":false},"excerpt":{"rendered":"<p>River ya est\u00e1 en modo Mundial de Clubes. Y no solo porque en los primeros entrenamientos tras el breve descanso despu\u00e9s de jugar el \u00faltimo partido por la fase de grupos de la Copa Libertadores ante Universitario de Per\u00fa, el plantel practique con la pelota con la que se jugar\u00e1 la gran cita futbol\u00edstica en [&hellip;]<\/p>\n","protected":false},"author":1,"featured_media":30623,"comment_status":"open","ping_status":"open","sticky":false,"template":"","format":"standard","meta":{"footnotes":""},"categories":[2],"tags":[9330,677,1737,3089,28,6509,458,1738,7793],"class_list":["post-30622","post","type-post","status-publish","format-standard","has-post-thumbnail","hentry","category-ultimas-noticias","tag-aceptaria","tag-cuando","tag-estados","tag-gallardo","tag-los","tag-puestos","tag-refuerzo","tag-unidos","tag-viaja"],"_links":{"self":[{"href":"https:\/\/13.com.ar\/index.php\/wp-json\/wp\/v2\/posts\/30622","targetHints":{"allow":["GET"]}}],"collection":[{"href":"https:\/\/13.com.ar\/index.php\/wp-json\/wp\/v2\/posts"}],"about":[{"href":"https:\/\/13.com.ar\/index.php\/wp-json\/wp\/v2\/types\/post"}],"author":[{"embeddable":true,"href":"https:\/\/13.com.ar\/index.php\/wp-json\/wp\/v2\/users\/1"}],"replies":[{"embeddable":true,"href":"https:\/\/13.com.ar\/index.php\/wp-json\/wp\/v2\/comments?post=30622"}],"version-history":[{"count":0,"href":"https:\/\/13.com.ar\/index.php\/wp-json\/wp\/v2\/posts\/30622\/revisions"}],"wp:featuredmedia":[{"embeddable":true,"href":"https:\/\/13.com.ar\/index.php\/wp-json\/wp\/v2\/media\/30623"}],"wp:attachment":[{"href":"https:\/\/13.com.ar\/index.php\/wp-json\/wp\/v2\/media?parent=30622"}],"wp:term":[{"taxonomy":"category","embeddable":true,"href":"https:\/\/13.com.ar\/index.php\/wp-json\/wp\/v2\/categories?post=30622"},{"taxonomy":"post_tag","embeddable":true,"href":"https:\/\/13.com.ar\/index.php\/wp-json\/wp\/v2\/tags?post=30622"}],"curies":[{"name":"wp","href":"https:\/\/api.w.org\/{rel}","templated":true}]}}