{"id":30620,"date":"2025-06-03T17:19:34","date_gmt":"2025-06-03T20:19:34","guid":{"rendered":"https:\/\/13.com.ar\/index.php\/cual-es-la-prenda-que-uso-y-que-marcara-tendencia-en-argentina\/"},"modified":"2025-06-03T17:19:34","modified_gmt":"2025-06-03T20:19:34","slug":"cual-es-la-prenda-que-uso-y-que-marcara-tendencia-en-argentina","status":"publish","type":"post","link":"https:\/\/13.com.ar\/index.php\/cual-es-la-prenda-que-uso-y-que-marcara-tendencia-en-argentina\/","title":{"rendered":"cu\u00e1l es la prenda que us\u00f3 y que marcar\u00e1 tendencia en Argentina"},"content":{"rendered":"<p> <br \/>\n<br \/><img decoding=\"async\" src=\"https:\/\/13.com.ar\/wp-content\/uploads\/2025\/06\/cual-es-la-prenda-que-uso-y-que-marcara-tendencia.jpg\" \/><\/p>\n<div id=\"element-body-0\">\n<p>Desde las calles de Londres, <strong>Pampita<\/strong> volvi\u00f3 a reafirmar su lugar como <strong>\u00edcono de moda con un look <\/strong>que no pas\u00f3 desapercibido. De viaje para celebrar el cumplea\u00f1os de su pareja, la modelo luci\u00f3 un <strong>conjunto que adelanta una de las tendencias m\u00e1s fuertes del verano 2026<\/strong>: el<strong> traje sastrero liviano con chaleco incluido<\/strong>, una combinaci\u00f3n que mezcla lo masculino con lo sensual en clave femenina.<\/p>\n<\/div>\n<div id=\"element-body-1\">\n<p>Fotografiada frente a una t\u00edpica casa inglesa, <strong>Pampita llev\u00f3 un conjunto de lino simil denim en tono gris azulado<\/strong>, compuesto por saco, pantal\u00f3n ancho y chaleco entallado, usado directamente sobre la piel. Con este look deja en claro que <strong>el chaleco ser\u00e1 la prenda infaltable del pr\u00f3ximo verano<\/strong>.<\/p>\n<\/div>\n<div id=\"element-body-3\">\n<p>El<strong> look de Pampita <\/strong>anticipa el <strong>regreso del chaleco como pieza clave del vestidor femenino<\/strong>. Esta prenda, que durante a\u00f1os fue sin\u00f3nimo de vestimenta masculina, <strong>se reinventa con cortes m\u00e1s ajustados <\/strong>y propuestas que resaltan la silueta sin perder elegancia.<\/p>\n<\/div>\n<div id=\"element-body-4\">\n<p><strong>Pampita lo llev\u00f3 sin remera ni camisa debajo<\/strong>,<strong> <\/strong>marcando un estilo sexy, pero sofisticado, ideal para los d\u00edas calurosos.<strong> El chaleco, en versi\u00f3n liviana y sin mangas, ser\u00e1 uno de los protagonistas del verano<\/strong>.<\/p>\n<\/div>\n<div id=\"element-body-5\">\n<p>El<strong> pantal\u00f3n ancho de lino<\/strong>, que estiliza y aporta comodidad, <strong>sumado al saco a tono, refuerza la propuesta sastrera pero con una vuelta moderna<\/strong>. Pampita complet\u00f3 el outfit con sandalias negras, gafas de sol XL, ondas suaves en el cabello y maquillaje natural, logrando un equilibrio perfecto entre frescura y glamour urbano.<\/p>\n<\/div>\n<div id=\"element-body-8\">\n<p>Pampita demuestra que el <strong>traje con chaleco<\/strong> no es solo para la oficina. Gracias a su versatilidad, <strong>este conjunto puede adaptarse tanto a un evento informal con amigas como a un compromiso m\u00e1s formal <\/strong>si se suma el saco.<\/p>\n<\/div>\n<div id=\"element-body-9\">\n<p>La clave est\u00e1 en elegir<strong> telas livianas como el lino, tonalidades neutras y acompa\u00f1arlo con accesorios que le den un toque personal<\/strong>. El chaleco, lejos de ser una prenda r\u00edgida o estructurada, se transforma en una opci\u00f3n fresca, funcional y chic. <\/p>\n<\/div>\n<div id=\"element-body-11\">\n<p>Con su apuesta desde Londres, <strong>Pampita <\/strong>no solo anticipa una moda: confirma que el <strong>verano 2026<\/strong> ser\u00e1 el momento de darle un <strong>giro femenino a la sastrer\u00eda cl\u00e1sica<\/strong>.<\/p>\n<\/div>\n<p><br \/>\n<br \/><a href=\"https:\/\/www.clarin.com\/informacion-general\/pampita-adelanta-moda-verano-2026-prenda-uso-marcara-tendencia-argentina_0_RXeQ5y3YY2.html\">Fuente Clarin.com <\/a><\/p>\n","protected":false},"excerpt":{"rendered":"<p>Desde las calles de Londres, Pampita volvi\u00f3 a reafirmar su lugar como \u00edcono de moda con un look que no pas\u00f3 desapercibido. De viaje para celebrar el cumplea\u00f1os de su pareja, la modelo luci\u00f3 un conjunto que adelanta una de las tendencias m\u00e1s fuertes del verano 2026: el traje sastrero liviano con chaleco incluido, una [&hellip;]<\/p>\n","protected":false},"author":1,"featured_media":30621,"comment_status":"open","ping_status":"open","sticky":false,"template":"","format":"standard","meta":{"footnotes":""},"categories":[2],"tags":[288,373,10981,19709,4439,1092],"class_list":["post-30620","post","type-post","status-publish","format-standard","has-post-thumbnail","hentry","category-ultimas-noticias","tag-argentina","tag-cual","tag-marcara","tag-prenda","tag-tendencia","tag-uso"],"_links":{"self":[{"href":"https:\/\/13.com.ar\/index.php\/wp-json\/wp\/v2\/posts\/30620","targetHints":{"allow":["GET"]}}],"collection":[{"href":"https:\/\/13.com.ar\/index.php\/wp-json\/wp\/v2\/posts"}],"about":[{"href":"https:\/\/13.com.ar\/index.php\/wp-json\/wp\/v2\/types\/post"}],"author":[{"embeddable":true,"href":"https:\/\/13.com.ar\/index.php\/wp-json\/wp\/v2\/users\/1"}],"replies":[{"embeddable":true,"href":"https:\/\/13.com.ar\/index.php\/wp-json\/wp\/v2\/comments?post=30620"}],"version-history":[{"count":0,"href":"https:\/\/13.com.ar\/index.php\/wp-json\/wp\/v2\/posts\/30620\/revisions"}],"wp:featuredmedia":[{"embeddable":true,"href":"https:\/\/13.com.ar\/index.php\/wp-json\/wp\/v2\/media\/30621"}],"wp:attachment":[{"href":"https:\/\/13.com.ar\/index.php\/wp-json\/wp\/v2\/media?parent=30620"}],"wp:term":[{"taxonomy":"category","embeddable":true,"href":"https:\/\/13.com.ar\/index.php\/wp-json\/wp\/v2\/categories?post=30620"},{"taxonomy":"post_tag","embeddable":true,"href":"https:\/\/13.com.ar\/index.php\/wp-json\/wp\/v2\/tags?post=30620"}],"curies":[{"name":"wp","href":"https:\/\/api.w.org\/{rel}","templated":true}]}}