{"id":30618,"date":"2025-06-03T17:07:33","date_gmt":"2025-06-03T20:07:33","guid":{"rendered":"https:\/\/13.com.ar\/index.php\/ricardo-montaner-compartio-un-mensaje-dedicado-a-su-esposa-y-explico-cual-es-el-exito-de-su-matrimonio\/"},"modified":"2025-06-03T17:07:33","modified_gmt":"2025-06-03T20:07:33","slug":"ricardo-montaner-compartio-un-mensaje-dedicado-a-su-esposa-y-explico-cual-es-el-exito-de-su-matrimonio","status":"publish","type":"post","link":"https:\/\/13.com.ar\/index.php\/ricardo-montaner-compartio-un-mensaje-dedicado-a-su-esposa-y-explico-cual-es-el-exito-de-su-matrimonio\/","title":{"rendered":"Ricardo Montaner comparti\u00f3 un mensaje dedicado a su esposa y explic\u00f3 cu\u00e1l es el \u00e9xito de su matrimonio"},"content":{"rendered":"<p> <br \/>\n<br \/><img decoding=\"async\" src=\"https:\/\/13.com.ar\/wp-content\/uploads\/2025\/06\/Ricardo-Montaner-compartio-un-mensaje-dedicado-a-su-esposa-y.jpg\" \/><\/p>\n<div id=\"element-body-0\">\n<p><strong>Ricardo Montaner<\/strong> (67) comparti\u00f3 un rom\u00e1ntico mensaje en las redes sociales dedicado a su esposa, <strong>Marlene Salome<\/strong>, que gener\u00f3 confusi\u00f3n entre sus seguidores.<\/p>\n<\/div>\n<div id=\"element-body-1\">\n<p>El popular cantante y la mujer son una de las parejas m\u00e1s s\u00f3lidas del ambiente art\u00edstico. Ella lo acompa\u00f1a desde hace 36 a\u00f1os y juntos formaron una de las familias m\u00e1s reconocidas a nivel mundial, con tres hijos:<strong> Ricky, Mau y Evaluna Montaner.<\/strong><\/p>\n<\/div>\n<div id=\"element-body-2\">\n<p>El cantante siempre se muestra muy enamorado y esta no fue la excepci\u00f3n. En su cuenta de Instagram, donde acumula m\u00e1s de 8.7 millones de seguidores, comparti\u00f3 <strong>un emotivo posteo<\/strong>.<\/p>\n<\/div>\n<div id=\"element-body-3\">\n<p>Ricardo comparti\u00f3 <strong>un video con postales de distintos momentos compartidos con Marlene<\/strong>: d\u00edas de relax en la playa, paseos en yate, vacaciones en distintas partes del mundo, momentos de mucha risa y buen humor y tambi\u00e9n de emoci\u00f3n hasta las l\u00e1grimas.<\/p>\n<\/div>\n<div id=\"element-body-4\">\n<p>Ricardo musicaliz\u00f3 la publicaci\u00f3n con la canci\u00f3n <strong><em>Si tuviera que elegir<\/em><\/strong>, tema que hace muy poco lanz\u00f3 nuevamente pero en colaboraci\u00f3n con su hija Evaluna y su esposo, Camilo.<\/p>\n<\/div>\n<div id=\"element-body-6\">\n<p>\u201cSi tuviera que elegir entre sufrir su amor de vuelta. Si vivir en un palacio o morir frente a su puerta. Me quedo con sus manos calz\u00e1ndole a mi piel. Me quedo con su angustia a un paso de caer. Me quedo con su cuerpo las horas que hagan falta. <strong>La quiero as\u00ed, queri\u00e9ndome\u201d<\/strong>, dice la pieza musical de Montaner que claramente est\u00e1 dirigida a su esposa.<\/p>\n<\/div>\n<div id=\"element-body-7\">\n<p>Adem\u00e1s, el cantante sum\u00f3 un rom\u00e1ntico mensaje y <strong>explic\u00f3 cu\u00e1l es el secreto del \u00e9xito de su matrimonio.<\/strong><\/p>\n<\/div>\n<div id=\"element-body-8\">\n<p><strong>\u201c36 a\u00f1os de elegir cada d\u00eda, estar juntos<\/strong>. El otro d\u00eda se nos acerc\u00f3 alguien en la calle y nos dijo, \u2018ahhh pero si es en serio, si son as\u00ed como se muestran\u2026 cu\u00e1l es esa f\u00f3rmula?\u2019. Marlene y yo al un\u00edsono dijimos \u2018\u00bff\u00f3rmula?\u2019, <strong>ese es precisamente el secreto, no tener f\u00f3rmula, no hay c\u00e1lculo ni poci\u00f3n m\u00e1gica<\/strong>\u201d, explic\u00f3 Montaner.<\/p>\n<\/div>\n<div id=\"element-body-10\">\n<p>Luego, desarroll\u00f3: \u201cLa idea aqu\u00ed es<strong> probar y equivocarnos a diario, pero con la firme convicci\u00f3n de que no hay otras carreteras<\/strong>, que esto fue ya determinado por ambos con un pacto de \u2018para siempre\u2019, mientras esto sea nuestro lema y axioma de vida, todo lo dem\u00e1s viene de la mano del Padre, por a\u00f1adidura. El es nuestro muro de contenci\u00f3n\u201d.<\/p>\n<\/div>\n<div id=\"element-body-11\">\n<p>\u201cCr\u00e9anme, no hubiese existido un estado ideal para mi, diferente al vivir en diario matrimonio. Y eso que ella me rega\u00f1a, jajaja, pero <strong>me ama con locura y yo la idolatro<\/strong>\u201d, sentenci\u00f3.<\/p>\n<\/div>\n<div id=\"element-body-12\">\n<p>La publicaci\u00f3n super\u00f3 los 67 mil \u2018me gusta\u2019 y se llen\u00f3 de comentarios.<\/p>\n<\/div>\n<div id=\"element-body-14\">\n<p>Lo cierto es que por las rom\u00e1nticas declaraciones del cantante muchos de sus seguidores pensaron que era el aniversario de la pareja. <\/p>\n<\/div>\n<div id=\"element-body-15\">\n<p>Ante la confusi\u00f3n, Ricardo se ocup\u00f3 de aclararlo: <strong>\u201cPor cierto, hoy no es nuestro aniversario\u2026 jajajaja\u2026 en agosto celebramos 37\u2026 Pero hoy no\u2026 igual, gracias por los buenos deseos\u201d.<\/strong><\/p>\n<\/div>\n<div id=\"element-body-16\">\n<p><strong> <\/strong>\u201cJajajaja @marleneSalome reg\u00e1lame algo que seg\u00fan esta gente, estamos de cumple\u201d, sum\u00f3 Ricardo con humor.<\/p>\n<\/div>\n<p><br \/>\n<br \/><a href=\"https:\/\/www.clarin.com\/fama\/ricardo-montaner-compartio-mensaje-dedicado-esposa-explico-exito-matrimonio_0_tlECMJef9M.html\">Fuente Clarin.com <\/a><\/p>\n","protected":false},"excerpt":{"rendered":"<p>Ricardo Montaner (67) comparti\u00f3 un rom\u00e1ntico mensaje en las redes sociales dedicado a su esposa, Marlene Salome, que gener\u00f3 confusi\u00f3n entre sus seguidores. El popular cantante y la mujer son una de las parejas m\u00e1s s\u00f3lidas del ambiente art\u00edstico. Ella lo acompa\u00f1a desde hace 36 a\u00f1os y juntos formaron una de las familias m\u00e1s reconocidas [&hellip;]<\/p>\n","protected":false},"author":1,"featured_media":30619,"comment_status":"open","ping_status":"open","sticky":false,"template":"","format":"standard","meta":{"footnotes":""},"categories":[2],"tags":[4255,373,6622,1648,1487,2051,2896,211,20145,3969],"class_list":["post-30618","post","type-post","status-publish","format-standard","has-post-thumbnail","hentry","category-ultimas-noticias","tag-compartio","tag-cual","tag-dedicado","tag-esposa","tag-exito","tag-explico","tag-matrimonio","tag-mensaje","tag-montaner","tag-ricardo"],"_links":{"self":[{"href":"https:\/\/13.com.ar\/index.php\/wp-json\/wp\/v2\/posts\/30618","targetHints":{"allow":["GET"]}}],"collection":[{"href":"https:\/\/13.com.ar\/index.php\/wp-json\/wp\/v2\/posts"}],"about":[{"href":"https:\/\/13.com.ar\/index.php\/wp-json\/wp\/v2\/types\/post"}],"author":[{"embeddable":true,"href":"https:\/\/13.com.ar\/index.php\/wp-json\/wp\/v2\/users\/1"}],"replies":[{"embeddable":true,"href":"https:\/\/13.com.ar\/index.php\/wp-json\/wp\/v2\/comments?post=30618"}],"version-history":[{"count":0,"href":"https:\/\/13.com.ar\/index.php\/wp-json\/wp\/v2\/posts\/30618\/revisions"}],"wp:featuredmedia":[{"embeddable":true,"href":"https:\/\/13.com.ar\/index.php\/wp-json\/wp\/v2\/media\/30619"}],"wp:attachment":[{"href":"https:\/\/13.com.ar\/index.php\/wp-json\/wp\/v2\/media?parent=30618"}],"wp:term":[{"taxonomy":"category","embeddable":true,"href":"https:\/\/13.com.ar\/index.php\/wp-json\/wp\/v2\/categories?post=30618"},{"taxonomy":"post_tag","embeddable":true,"href":"https:\/\/13.com.ar\/index.php\/wp-json\/wp\/v2\/tags?post=30618"}],"curies":[{"name":"wp","href":"https:\/\/api.w.org\/{rel}","templated":true}]}}