{"id":30544,"date":"2025-06-03T13:55:30","date_gmt":"2025-06-03T16:55:30","guid":{"rendered":"https:\/\/13.com.ar\/index.php\/los-residentes-decidieron-seguir-con-el-paro-y-se-agrava-el-conflicto-en-el-garrahan\/"},"modified":"2025-06-03T13:55:30","modified_gmt":"2025-06-03T16:55:30","slug":"los-residentes-decidieron-seguir-con-el-paro-y-se-agrava-el-conflicto-en-el-garrahan","status":"publish","type":"post","link":"https:\/\/13.com.ar\/index.php\/los-residentes-decidieron-seguir-con-el-paro-y-se-agrava-el-conflicto-en-el-garrahan\/","title":{"rendered":"Los residentes decidieron seguir con el paro y se agrava el conflicto en el Garrahan"},"content":{"rendered":"<p> <br \/>\n<br \/><img decoding=\"async\" src=\"https:\/\/13.com.ar\/wp-content\/uploads\/2025\/06\/Los-residentes-decidieron-seguir-con-el-paro-y-se-agrava.jpg\" \/><\/p>\n<div id=\"element-body-0\">\n<p>Luego de una noche de velas en el Obelisco y de una reuni\u00f3n en donde se les propuso un aumento no remunerativo por medio de un bono de $ 300.000, los residentes del hospital Garrahan se reunieron en asamblea este martes para definir el futuro a corto plazo; si dar de baja la medida de fuerza o no. Decidieron <strong>sostener el paro,<\/strong> debido a que el ofrecimiento no es lo que exigen: una <strong>recomposici\u00f3n salarial<\/strong> justa por su trabajo, con <strong>un aumento que se perciba en blanco<\/strong>.<\/p>\n<\/div>\n<div id=\"element-body-1\">\n<p>La continuaci\u00f3n de esta medida de fuerza tambi\u00e9n fue confirmada por fuentes del Ministerio de Salud de Naci\u00f3n a <strong>Clar\u00edn<\/strong>. La propuesta que notific\u00f3 la direcci\u00f3n del Garrahan por un memor\u00e1ndum -que busca <strong>equiparar los salarios de los residentes de esta instituci\u00f3n de dependencia nacional con los de Ciudad de Buenos Aire<\/strong>s- no fue bien recibida entre residentes. <\/p>\n<\/div>\n<div id=\"element-body-2\">\n<p>&#8220;Nosotros ya recibimos bonos, tuvimos uno de 200.000, as\u00ed que ahora nos dar\u00edan uno de 300.000 para llegar al salario que le corresponder\u00eda a un residente de primer a\u00f1o. Pero eso no est\u00e1 en blanco, y lo podemos perder en cualquier momento. <strong>Ni siquiera nos pondr\u00edamos a nivel de CABA, porque cobra 1.353.000 el R1<\/strong>&#8220;, sostuvo una residente el lunes por la noche, en plena <\/p>\n<\/div>\n<div id=\"element-body-3\">\n<p>A este conflicto que escala, se suma<strong> un paro programado de becarios del Garrahan que se realizar\u00e1 el 4 y 5 de junio. <\/strong>Lo que solicitan es la inclusi\u00f3n en el aumento por \u00edtem complejidad, inclusi\u00f3n en la actualizaci\u00f3n del horario de guardias y actualizaci\u00f3n salarial m\u00ednima del 50% acorde a la p\u00e9rdida por inflaci\u00f3n.<\/p>\n<\/div>\n<div id=\"element-body-4\">\n<p>&#8220;Somos un grupo de aproximadamente 250 profesionales ya graduados de distintas disciplinas, muchos cursando segundas o terceras especialidades.<strong> Nuestra labor no es auxiliar ni perif\u00e9rica<\/strong>. Trabajamos en estrecha colaboraci\u00f3n con el personal de planta, cumplimos jornadas laborales completas de 8 horas diarias y, en muchos casos, realizamos guardias de 24 hs hasta 8 veces por mes. Si bien nos encontramos en formaci\u00f3n, asumimos responsabilidades que impactan directamente en la calidad de atenci\u00f3n y en la salud de nuestros pacientes&#8221;, expresaron en un comunicado de prensa. <\/p>\n<\/div>\n<p><br \/>\n<br \/><a href=\"https:\/\/www.clarin.com\/sociedad\/residentes-decidieron-seguir-paro-agrava-conflicto-garrahan_0_nRlIXLXdfc.html\">Fuente Clarin.com <\/a><\/p>\n","protected":false},"excerpt":{"rendered":"<p>Luego de una noche de velas en el Obelisco y de una reuni\u00f3n en donde se les propuso un aumento no remunerativo por medio de un bono de $ 300.000, los residentes del hospital Garrahan se reunieron en asamblea este martes para definir el futuro a corto plazo; si dar de baja la medida de [&hellip;]<\/p>\n","protected":false},"author":1,"featured_media":30545,"comment_status":"open","ping_status":"open","sticky":false,"template":"","format":"standard","meta":{"footnotes":""},"categories":[2],"tags":[7441,18,2687,8907,19413,28,8177,18056,1308],"class_list":["post-30544","post","type-post","status-publish","format-standard","has-post-thumbnail","hentry","category-ultimas-noticias","tag-agrava","tag-con","tag-conflicto","tag-decidieron","tag-garrahan","tag-los","tag-paro","tag-residentes","tag-seguir"],"_links":{"self":[{"href":"https:\/\/13.com.ar\/index.php\/wp-json\/wp\/v2\/posts\/30544","targetHints":{"allow":["GET"]}}],"collection":[{"href":"https:\/\/13.com.ar\/index.php\/wp-json\/wp\/v2\/posts"}],"about":[{"href":"https:\/\/13.com.ar\/index.php\/wp-json\/wp\/v2\/types\/post"}],"author":[{"embeddable":true,"href":"https:\/\/13.com.ar\/index.php\/wp-json\/wp\/v2\/users\/1"}],"replies":[{"embeddable":true,"href":"https:\/\/13.com.ar\/index.php\/wp-json\/wp\/v2\/comments?post=30544"}],"version-history":[{"count":0,"href":"https:\/\/13.com.ar\/index.php\/wp-json\/wp\/v2\/posts\/30544\/revisions"}],"wp:featuredmedia":[{"embeddable":true,"href":"https:\/\/13.com.ar\/index.php\/wp-json\/wp\/v2\/media\/30545"}],"wp:attachment":[{"href":"https:\/\/13.com.ar\/index.php\/wp-json\/wp\/v2\/media?parent=30544"}],"wp:term":[{"taxonomy":"category","embeddable":true,"href":"https:\/\/13.com.ar\/index.php\/wp-json\/wp\/v2\/categories?post=30544"},{"taxonomy":"post_tag","embeddable":true,"href":"https:\/\/13.com.ar\/index.php\/wp-json\/wp\/v2\/tags?post=30544"}],"curies":[{"name":"wp","href":"https:\/\/api.w.org\/{rel}","templated":true}]}}