{"id":30542,"date":"2025-06-03T13:52:33","date_gmt":"2025-06-03T16:52:33","guid":{"rendered":"https:\/\/13.com.ar\/index.php\/la-ultraderecha-se-niega-a-aceptar-asilados-y-hace-caer-al-gobierno\/"},"modified":"2025-06-03T13:52:33","modified_gmt":"2025-06-03T16:52:33","slug":"la-ultraderecha-se-niega-a-aceptar-asilados-y-hace-caer-al-gobierno","status":"publish","type":"post","link":"https:\/\/13.com.ar\/index.php\/la-ultraderecha-se-niega-a-aceptar-asilados-y-hace-caer-al-gobierno\/","title":{"rendered":"la ultraderecha se niega a aceptar asilados y hace caer al gobierno"},"content":{"rendered":"<p> <br \/>\n<\/p>\n<div id=\"cuerpo\">\n<div class=\"sc-45461e9c-0 eqiBeF container-text text-embed \" id=\"element-body-0\">\n<p>El gobierno holand\u00e9s<strong> colaps\u00f3 el martes. <\/strong>Fue horas despu\u00e9s que Geert Wilders, el Donald Trump holand\u00e9s, retirara a su ultraderechista Partido por la Libertad (PVV) de la fragmentada coalici\u00f3n conservadora porque<strong> no acepta que Holanda reciba asilados de \u201cpa\u00edses seguros\u201d.<\/strong> Probablemente se celebren elecciones generales a finales de a\u00f1o.<\/p>\n<\/div>\n<div class=\"sc-45461e9c-0 eqiBeF container-text text-embed \" id=\"element-body-1\">\n<p>El lunes por la noche, una reuni\u00f3n de la coalici\u00f3n no logr\u00f3 un acuerdo sobre las<strong> estrictas demandas de asilo de Wilders<\/strong>, que<strong> violar\u00edan la legislaci\u00f3n de la Uni\u00f3n Europea<\/strong>. Las conversaciones de emergencia del martes para resolver la situaci\u00f3n duraron minutos.<\/p>\n<\/div>\n<div class=\"sc-45461e9c-0 eqiBeF container-text text-embed \" id=\"element-body-2\">\n<p>&#8220;No hay firma para nuestros planes de asilo&#8221;, declar\u00f3 Wilders en redes sociales el martes por la ma\u00f1ana. &#8220;El PVV abandona la coalici\u00f3n&#8221;.<\/p>\n<\/div>\n<div class=\"sc-45461e9c-0 eqiBeF container-text text-embed \" id=\"element-body-3\">\n<p>&#8220;Promet\u00ed a los votantes<strong> la pol\u00edtica de asilo m\u00e1s estricta de la historia. <\/strong>Pero fue bloqueada. Quer\u00eda la firma de los socios de la coalici\u00f3n. No la cumplieron. Entonces no tengo garant\u00edas, as\u00ed que no pude hacer m\u00e1s que retirar mi apoyo a este gabinete&#8221;, dijo para explicar la ca\u00edda.<\/p>\n<\/div>\n<div class=\"sc-45461e9c-0 eqiBeF container-text text-embed \" id=\"element-body-4\">\n<p>Su PVV gan\u00f3 las elecciones en noviembre de 2023, como<strong> el partido con mayor n\u00famero de votos<\/strong>, y domin\u00f3 una fr\u00e1gil coalici\u00f3n conservadora, liderada por el tecn\u00f3crata y ex alto funcionario Dick Schoof.<\/p>\n<\/div>\n<p><h2>La coalici\u00f3n lo acusa de &#8220;irresponsable&#8221;<\/h2>\n<\/p>\n<div class=\"sc-45461e9c-0 eqiBeF container-text text-embed \" id=\"element-body-6\">\n<p>Caroline van der Plas, l\u00edder del partido populista BBB en la coalici\u00f3n, declar\u00f3: \u201cTiene todas las bazas y, a sabiendas, se desvincula. Me parece extra\u00f1o que haga esto\u201d. A\u00f1adi\u00f3 que su \u201cjuego de poder\u201d <strong>dar\u00eda paso a una coalici\u00f3n liberal de izquierda.<\/strong><\/p>\n<\/div>\n<div class=\"sc-45461e9c-0 eqiBeF container-text text-embed \" id=\"element-body-7\">\n<p>\u201cEs <strong>imprudente e irresponsable<\/strong>. Las medidas est\u00e1n archivadas. El mandato est\u00e1 ah\u00ed, y la coalici\u00f3n lo respalda. Es simplemente cuesti\u00f3n de hacerlo\u201d, declar\u00f3. \u201cCualquiera que se detenga ahora entregar\u00e1 los Pa\u00edses Bajos a la izquierda <strong>en bandeja de plata<\/strong>\u201d.<\/p>\n<\/div>\n<div class=\"sc-98b114a2-0 bkqiHH image-embed  image-embed \" id=\"element-body-8\"><picture class=\"sc-98b114a2-1 jRUlDm\"><source media=\"(min-width: 975px)\" width=\"720\" height=\"480\" \/><img alt=\"Geert Wilders. Foto: Reuters\" loading=\"lazy\" width=\"720\" height=\"480\" decoding=\"async\" data-nimg=\"1\" style=\"color:transparent\" src=\"https:\/\/13.com.ar\/wp-content\/uploads\/2025\/06\/la-ultraderecha-se-niega-a-aceptar-asilados-y-hace-caer.jpg\"\/><span class=\"epigraphe\">Geert Wilders. Foto: Reuters<\/span><span class=\"picture-open\"><button class=\"open-image\" aria-label=\"Open Image\"\/><\/span><\/picture><\/div>\n<div class=\"sc-45461e9c-0 eqiBeF container-text text-embed \" id=\"element-body-9\">\n<p>Dilan Yesilgoz, l\u00edder del partido conservador VVD, <strong>sali\u00f3 furioso de la oficina de Wilders. <\/strong>\u201cEst\u00e1 eligiendo su propio ego y sus propios intereses\u201d, declar\u00f3. \u201cEstoy asombrada. Est\u00e1 desperdiciando la oportunidad de una pol\u00edtica de derechas. Es una gran irresponsabilidad\u201d dijo.<\/p>\n<\/div>\n<div class=\"sc-45461e9c-0 eqiBeF container-text text-embed \" id=\"element-body-10\">\n<p>Nicolien van Vroonhoven, l\u00edder del NSC, un partido antisistema escindido de los Dem\u00f3cratas Cristianos holandeses, describi\u00f3 la reuni\u00f3n como &#8220;muy breve y contundente&#8221; y afirm\u00f3 que <strong>dur\u00f3 diez minutos.<\/strong><\/p>\n<\/div>\n<div class=\"sc-45461e9c-0 eqiBeF container-text text-embed \" id=\"element-body-11\">\n<p>Van Vroonhoven afirm\u00f3 que ella y los dem\u00e1s partidos de la coalici\u00f3n se ofrecieron a cambiar el rumbo de la coalici\u00f3n &#8220;si a\u00fan era posible&#8221;. &#8220;Dijimos que pod\u00edamos presentar una moci\u00f3n, que contaba con nuestro compromiso. Pero no fue suficiente. Creo que ya se hab\u00eda atrincherado demasiado. No pod\u00eda salir. <strong>No fue un matrimonio f\u00e1cil<\/strong>&#8220;.<\/p>\n<\/div>\n<p><h2>Demandas ilegales<\/h2>\n<\/p>\n<div class=\"sc-45461e9c-0 eqiBeF container-text text-embed \" id=\"element-body-13\">\n<p>Wilders ha expresado repetidamente su enojo durante los \u00faltimos cuatro meses porque los ministros de la coalici\u00f3n, aunque promet\u00edan la pol\u00edtica &#8220;m\u00e1s dura de la historia&#8221; en materia de migraci\u00f3n, <strong>no han cumplido.<\/strong><\/p>\n<\/div>\n<div class=\"sc-45461e9c-0 eqiBeF container-text text-embed \" id=\"element-body-14\">\n<p>El lunes exigi\u00f3 que Pa\u00edses Bajos <strong>suspendiera todas las solicitudes de asilo<\/strong>, ya que la mayor\u00eda de los solicitantes <strong>provienen de B\u00e9lgica y Alemania,<\/strong> pa\u00edses vecinos seguros.<\/p>\n<\/div>\n<div class=\"sc-98b114a2-0 bkqiHH image-embed  image-embed \" id=\"element-body-15\"><picture class=\"sc-98b114a2-1 jRUlDm\"><source media=\"(min-width: 975px)\" width=\"720\" height=\"480\" \/><img alt=\"Wilders en contra de las pol\u00edticas de asilo de la UE. Foto: Reuters \" loading=\"lazy\" width=\"720\" height=\"480\" decoding=\"async\" data-nimg=\"1\" style=\"color:transparent\" src=\"https:\/\/13.com.ar\/wp-content\/uploads\/2025\/06\/1748969553_86_la-ultraderecha-se-niega-a-aceptar-asilados-y-hace-caer.jpg\"\/><span class=\"epigraphe\">Wilders en contra de las pol\u00edticas de asilo de la UE. Foto: Reuters <\/span><span class=\"picture-open\"><button class=\"open-image\" aria-label=\"Open Image\"\/><\/span><\/picture><\/div>\n<div class=\"sc-45461e9c-0 eqiBeF container-text text-embed \" id=\"element-body-16\">\n<p>Otras demandas clave, que tambi\u00e9n infringir\u00edan la legislaci\u00f3n de la UE, son <strong>la suspensi\u00f3n de la reunificaci\u00f3n familiar <\/strong>y <strong>la expulsi\u00f3n de refugiados <\/strong>con estatus de residente si cometen un delito grave.<\/p>\n<\/div>\n<div class=\"sc-45461e9c-0 eqiBeF container-text text-embed \" id=\"element-body-17\">\n<p>Sus demandas cuentan con un amplio apoyo. Wilders se muestra satisfecho de que las nuevas elecciones neerlandesas otorgar\u00edan a su partido, que lidera las encuestas de opini\u00f3n, <strong>un mayor porcentaje de votos.<\/strong><\/p>\n<\/div>\n<div class=\"sc-45461e9c-0 eqiBeF container-text text-embed \" id=\"element-body-18\">\n<p>Sus socios de coalici\u00f3n \u2014los principales partidos conservadores VVD y NSC, junto con el partido populista de los agricultores BBB\u2014 han culpado a la ineficacia de <strong>Marjolein Faber<\/strong>, la ministra de inmigraci\u00f3n del PVV.<\/p>\n<\/div>\n<div class=\"sc-45461e9c-0 eqiBeF container-text text-embed \" id=\"element-body-19\">\n<p>\u201cYa estamos haciendo algunas cosas, y algunas podr\u00edamos haberlas hecho si Faber hubiera avanzado m\u00e1s. Nadie te bloquea pol\u00edticamente\u201d, declar\u00f3 Yesilgoz.<\/p>\n<\/div>\n<p><h2>Elecciones re\u00f1idas, en el oto\u00f1o europeo<\/h2>\n<\/p>\n<div class=\"sc-45461e9c-0 eqiBeF container-text text-embed \" id=\"element-body-21\">\n<p>Dieciocho meses despu\u00e9s de su sorprendente victoria electoral<strong>, Wilders lidera las encuestas con un 31%.<\/strong> Sin embargo, una coalici\u00f3n de izquierda liderada por Frans Timmermans, excomisario de la UE, <strong>le pisa los talones,<\/strong> a tan solo un 1%.<\/p>\n<\/div>\n<div class=\"sc-45461e9c-0 eqiBeF container-text text-embed \" id=\"element-body-22\">\n<p>En tercer lugar, se encuentra el <strong>VVD, el partido tradicional del gobierno neerland\u00e9s durante d\u00e9cadas,<\/strong> con un 25%, lo que convierte cualquier nueva elecci\u00f3n neerlandesa<strong> en una batalla re\u00f1ida.<\/strong><\/p>\n<\/div>\n<div class=\"sc-45461e9c-0 eqiBeF container-text text-embed \" id=\"element-body-23\">\n<p>Wilders ha resumido sus principales demandas en: &#8220;<strong>Cerrar las fronteras<\/strong> para los solicitantes de asilo y las reunificaciones familiares. <strong>No abrir m\u00e1s centros de asilo<\/strong>. Cerrarlos\u201d.<\/p>\n<\/div>\n<div class=\"sc-45461e9c-0 eqiBeF container-text text-embed \" id=\"element-body-24\">\n<p>Conf\u00eda en que las encuestas del fin de semana muestren que la mayor\u00eda de los votantes neerlandeses<strong> respaldan sus demandas<\/strong> y que el 71% de los votantes del PVV deseaban su salida del gobierno.<\/p>\n<\/div>\n<div class=\"sc-45461e9c-0 eqiBeF container-text text-embed \" id=\"element-body-25\">\n<p>Si se celebran las elecciones, las autoridades electorales neerlandesas <strong>decidir\u00e1n la fecha de estas en los pr\u00f3ximos d\u00edas. <\/strong>Unas elecciones antes de las vacaciones de verano probablemente sean demasiado breves para organizar una campa\u00f1a adecuada, por lo que se considera m\u00e1s probable una votaci\u00f3n en oto\u00f1o.<\/p>\n<\/div>\n<\/div>\n<p><br \/>\n<br \/><a href=\"https:\/\/www.clarin.com\/mundo\/paises-bajos-ultraderecha-niega-aceptar-asilados-hace-caer-gobierno_0_czakzAQda9.html\">Fuente Clarin.com <\/a><\/p>\n","protected":false},"excerpt":{"rendered":"<p>El gobierno holand\u00e9s colaps\u00f3 el martes. Fue horas despu\u00e9s que Geert Wilders, el Donald Trump holand\u00e9s, retirara a su ultraderechista Partido por la Libertad (PVV) de la fragmentada coalici\u00f3n conservadora porque no acepta que Holanda reciba asilados de \u201cpa\u00edses seguros\u201d. Probablemente se celebren elecciones generales a finales de a\u00f1o. El lunes por la noche, una [&hellip;]<\/p>\n","protected":false},"author":1,"featured_media":30543,"comment_status":"open","ping_status":"open","sticky":false,"template":"","format":"standard","meta":{"footnotes":""},"categories":[2],"tags":[589,10015,2054,71,1192,5586,5142],"class_list":["post-30542","post","type-post","status-publish","format-standard","has-post-thumbnail","hentry","category-ultimas-noticias","tag-aceptar","tag-asilados","tag-caer","tag-gobierno","tag-hace","tag-niega","tag-ultraderecha"],"_links":{"self":[{"href":"https:\/\/13.com.ar\/index.php\/wp-json\/wp\/v2\/posts\/30542","targetHints":{"allow":["GET"]}}],"collection":[{"href":"https:\/\/13.com.ar\/index.php\/wp-json\/wp\/v2\/posts"}],"about":[{"href":"https:\/\/13.com.ar\/index.php\/wp-json\/wp\/v2\/types\/post"}],"author":[{"embeddable":true,"href":"https:\/\/13.com.ar\/index.php\/wp-json\/wp\/v2\/users\/1"}],"replies":[{"embeddable":true,"href":"https:\/\/13.com.ar\/index.php\/wp-json\/wp\/v2\/comments?post=30542"}],"version-history":[{"count":0,"href":"https:\/\/13.com.ar\/index.php\/wp-json\/wp\/v2\/posts\/30542\/revisions"}],"wp:featuredmedia":[{"embeddable":true,"href":"https:\/\/13.com.ar\/index.php\/wp-json\/wp\/v2\/media\/30543"}],"wp:attachment":[{"href":"https:\/\/13.com.ar\/index.php\/wp-json\/wp\/v2\/media?parent=30542"}],"wp:term":[{"taxonomy":"category","embeddable":true,"href":"https:\/\/13.com.ar\/index.php\/wp-json\/wp\/v2\/categories?post=30542"},{"taxonomy":"post_tag","embeddable":true,"href":"https:\/\/13.com.ar\/index.php\/wp-json\/wp\/v2\/tags?post=30542"}],"curies":[{"name":"wp","href":"https:\/\/api.w.org\/{rel}","templated":true}]}}