{"id":30540,"date":"2025-06-03T13:43:30","date_gmt":"2025-06-03T16:43:30","guid":{"rendered":"https:\/\/13.com.ar\/index.php\/brad-pitt-y-su-asombro-por-las-criticas-que-reciben-las-estrellas-de-la-formula-1-los-pilotos-comen-m\/"},"modified":"2025-06-03T13:43:30","modified_gmt":"2025-06-03T16:43:30","slug":"brad-pitt-y-su-asombro-por-las-criticas-que-reciben-las-estrellas-de-la-formula-1-los-pilotos-comen-m","status":"publish","type":"post","link":"https:\/\/13.com.ar\/index.php\/brad-pitt-y-su-asombro-por-las-criticas-que-reciben-las-estrellas-de-la-formula-1-los-pilotos-comen-m\/","title":{"rendered":"Brad Pitt y su asombro por las cr\u00edticas que reciben las estrellas de la F\u00f3rmula 1: &#8220;Los pilotos comen m&#8230;&#8221;"},"content":{"rendered":"<p> <br \/>\n<br \/><img decoding=\"async\" src=\"https:\/\/13.com.ar\/wp-content\/uploads\/2025\/06\/Brad-Pitt-y-su-asombro-por-las-criticas-que-reciben.jpg\" \/><\/p>\n<div id=\"element-body-0\">\n<p>Este mes se estrena la esperada pel\u00edcula<strong> &#8216;F1&#8217;<\/strong> protagonizada por <strong>Brad Pitt<\/strong> y dirigida por<strong> Joseph Kosinski<\/strong> que sigue la vida de <strong>Sonny Hayes<\/strong>, un piloto de <strong>F\u00f3rmula 1<\/strong> que regresa a la m\u00e1xima categor\u00eda del automovilismo despu\u00e9s de haberse alejado por a\u00f1os tras un duro accidente. Previo al estreno del<em> filme<\/em>, el actor habl\u00f3 con la revista GQ donde se mostr\u00f3 asombrado por las presiones y las cr\u00edticas que sufren los pilotos de la M\u00e1xima.<\/p>\n<\/div>\n<div id=\"element-body-1\">\n<p>Pitt, que no es ajeno a la fama ni a que todo el mundo hable de \u00e9l, compar\u00f3 el nivel de escarnio que sufren los pilotos en comparaci\u00f3n con los actores. &#8220;Hay un aislamiento&#8221;, arranc\u00f3. &#8220;Incluso una soledad cuando sientes que las cosas no van bien. Normalmente llevan a algo m\u00e1s grande y puedes encontrar un prop\u00f3sito en ello. Pero sin duda hay un aislamiento y no es necesariamente negativo, es un esfuerzo y una discusi\u00f3n constante contigo mismo de mantener esa cosa&#8221;.<\/p>\n<\/div>\n<div id=\"element-body-2\">\n<p>Despu\u00e9s de haber pasado meses dentro del c\u00edrculo de los pilotos mientras se llevaba a cabo la producci\u00f3n de la pel\u00edcula, Pitt concluy\u00f3 que su realidad no se compara con la de los velocistas. &#8220;Y s\u00ed, creo que nosotros (los actores) lo tenemos mal.<strong> Pero esos chicos de F1 sufren tanto escrutinio y ese deporte es tan venerado&#8230;<\/strong> y hay mucha gente creyendo que ellos tambi\u00e9n podr\u00edan hacerlo solo porque conducen r\u00e1pido por la autopista y dem\u00e1s&#8221;, afirm\u00f3.<\/p>\n<\/div>\n<div id=\"element-body-3\">\n<p>Y agreg\u00f3: &#8220;<strong>Los pilotos de F\u00f3rmula 1 reciben mucha mierda<\/strong>. Es chocante para m\u00ed. Tienen que tener la piel m\u00e1s gruesa que nosotros&#8221;. Si bien todos los deportistas que adem\u00e1s son figuras p\u00fablicas sufren las cr\u00edticas del p\u00fablico, en varias ocasiones se hicieron p\u00fablicas las dificultades de los pilotos a la hora de tratar con su salud mental en un ambiente tan feroz como lo es la M\u00e1xima.<\/p>\n<\/div>\n<div id=\"element-body-5\">\n<p><strong>Lando Norris<\/strong> es uno de los pilotos que m\u00e1s cr\u00edticas recibe por el estado de su salud mental, que tiempo atr\u00e1s lleg\u00f3 a admitir que no siempre se encuentra en su mejor momento. Y los comentarios no nacen solamente del p\u00fablico, tambi\u00e9n de figuras importantes en el paddock como lo es <strong>Helmut Marko<\/strong>, el principal asesor de <strong>Red Bull,<\/strong> quien en el pasado critic\u00f3 la &#8220;debilidad mental&#8221; del piloto brit\u00e1nico de <strong>McLaren <\/strong>mientras luchaba por el primer puesto del Campeonato Mundial con <strong>Max Verstappen<\/strong>.<\/p>\n<\/div>\n<div id=\"element-body-6\">\n<p>No hay piloto que se haya salvado del intenso escrutinio, especialmente los m\u00e1s jovenes que tratan de ganarse un lugar en la M\u00e1xima mientras filtran la negatividad que los rodea. Y la pel\u00edcula de Kosinski refleja en Hayes, un piloto veterano al que se lo acusa de nunca haber sido nadie durante su tiempo en la F1, las dificultades que atraviesan en el d\u00eda a d\u00eda.<\/p>\n<\/div>\n<div id=\"element-body-7\">\n<p>Se espera que gran parte de la grilla actual tengan sus apariciones en el filme, ya que seg\u00fan el director, todos se mostraron entusiasmados en participar. &#8220;Todos son muy guapos, encantadores&#8230; y son tipos simp\u00e1ticos. Puedes ver c\u00f3mo han llegado a donde est\u00e1n. Cuando dices que est\u00e1s haciendo una pel\u00edcula, va a haber cierta reticencia, pero cuando [los pilotos] vieron lo decididos que est\u00e1bamos a hacerla aut\u00e9ntica y a representar su deporte de la mejor manera posible, nos abrazaron&#8221;, le cont\u00f3 Kosinski a <em>Motorsport<\/em>.<\/p>\n<\/div>\n<p><br \/>\n<br \/><a href=\"https:\/\/www.clarin.com\/deportes\/brad-pitt-asombro-criticas-reciben-estrellas-formula-1-pilotos-comen-m_0_b8sIzcAZOP.html\">Fuente Clarin.com <\/a><\/p>\n","protected":false},"excerpt":{"rendered":"<p>Este mes se estrena la esperada pel\u00edcula &#8216;F1&#8217; protagonizada por Brad Pitt y dirigida por Joseph Kosinski que sigue la vida de Sonny Hayes, un piloto de F\u00f3rmula 1 que regresa a la m\u00e1xima categor\u00eda del automovilismo despu\u00e9s de haberse alejado por a\u00f1os tras un duro accidente. Previo al estreno del filme, el actor habl\u00f3 [&hellip;]<\/p>\n","protected":false},"author":1,"featured_media":30541,"comment_status":"open","ping_status":"open","sticky":false,"template":"","format":"standard","meta":{"footnotes":""},"categories":[2],"tags":[7979,17905,13128,2761,2419,3016,48,28,20114,2691,17906,142,2854],"class_list":["post-30540","post","type-post","status-publish","format-standard","has-post-thumbnail","hentry","category-ultimas-noticias","tag-asombro","tag-brad","tag-comen","tag-criticas","tag-estrellas","tag-formula","tag-las","tag-los","tag-m","tag-pilotos","tag-pitt","tag-por","tag-reciben"],"_links":{"self":[{"href":"https:\/\/13.com.ar\/index.php\/wp-json\/wp\/v2\/posts\/30540","targetHints":{"allow":["GET"]}}],"collection":[{"href":"https:\/\/13.com.ar\/index.php\/wp-json\/wp\/v2\/posts"}],"about":[{"href":"https:\/\/13.com.ar\/index.php\/wp-json\/wp\/v2\/types\/post"}],"author":[{"embeddable":true,"href":"https:\/\/13.com.ar\/index.php\/wp-json\/wp\/v2\/users\/1"}],"replies":[{"embeddable":true,"href":"https:\/\/13.com.ar\/index.php\/wp-json\/wp\/v2\/comments?post=30540"}],"version-history":[{"count":0,"href":"https:\/\/13.com.ar\/index.php\/wp-json\/wp\/v2\/posts\/30540\/revisions"}],"wp:featuredmedia":[{"embeddable":true,"href":"https:\/\/13.com.ar\/index.php\/wp-json\/wp\/v2\/media\/30541"}],"wp:attachment":[{"href":"https:\/\/13.com.ar\/index.php\/wp-json\/wp\/v2\/media?parent=30540"}],"wp:term":[{"taxonomy":"category","embeddable":true,"href":"https:\/\/13.com.ar\/index.php\/wp-json\/wp\/v2\/categories?post=30540"},{"taxonomy":"post_tag","embeddable":true,"href":"https:\/\/13.com.ar\/index.php\/wp-json\/wp\/v2\/tags?post=30540"}],"curies":[{"name":"wp","href":"https:\/\/api.w.org\/{rel}","templated":true}]}}