{"id":30538,"date":"2025-06-03T13:40:31","date_gmt":"2025-06-03T16:40:31","guid":{"rendered":"https:\/\/13.com.ar\/index.php\/bayern-munich-el-gigante-aleman-que-quiere-pisar-fuerte-en-el-grupo-de-boca\/"},"modified":"2025-06-03T13:40:31","modified_gmt":"2025-06-03T16:40:31","slug":"bayern-munich-el-gigante-aleman-que-quiere-pisar-fuerte-en-el-grupo-de-boca","status":"publish","type":"post","link":"https:\/\/13.com.ar\/index.php\/bayern-munich-el-gigante-aleman-que-quiere-pisar-fuerte-en-el-grupo-de-boca\/","title":{"rendered":"Bayern M\u00fanich, el gigante alem\u00e1n que quiere pisar fuerte en el grupo de Boca"},"content":{"rendered":"<p> <br \/>\n<br \/><img decoding=\"async\" src=\"https:\/\/13.com.ar\/wp-content\/uploads\/2025\/06\/Bayern-Munich-el-gigante-aleman-que-quiere-pisar-fuerte-en.jpg\" \/><\/p>\n<div id=\"element-body-0\">\n<p>El <strong>Bayern M\u00fanich<\/strong> de Alemania es uno de los grandes candidatos al t\u00edtulo en el <strong>Mundial de Clubes<\/strong> que se disputar\u00e1 en Estados Unidos. El conjunto alem\u00e1n llega como campe\u00f3n de la Bundesliga, donde domina con claridad tras obtener 12 de las \u00faltimos 13 ligas disputadas (solo Bayer Leverkusen interrumpi\u00f3 su hegemon\u00eda). En la Champions League qued\u00f3 eliminado por el Inter de Mil\u00e1n en cuartos de final y el Mundial es una buena oportunidad para tomarse revancha. <strong>Es cabeza de serie del Grupo C que compartir\u00e1 con Benfica, Boca y Auckalnd City.<\/strong><\/p>\n<\/div>\n<div id=\"element-body-1\">\n<p>El Bayern fue fundado en 1900 y es el club m\u00e1s exitoso en la historia del f\u00fatbol alem\u00e1n: celebr\u00f3 el primero de sus 34 t\u00edtulos de liga en 1932, mucho antes de que se creara la Bundesliga, en 1963. <em>Die Roten<\/em> tambi\u00e9n son los m\u00e1ximos ganadores de la DFB-Pokal (Copa de Alemania), con 20 t\u00edtulos en su haber, el m\u00e1s reciente conseguido en 2020.<\/p>\n<\/div>\n<div id=\"element-body-2\">\n<p>La larga trayectoria de \u00e9xitos del Bayern trasciende las fronteras de Alemania. En su inmensa vitrina tambi\u00e9n figuran seis t\u00edtulos de la UEFA Champions League (antes conocida como la Copa de Europa), dos Copas Intercontinentales y dos trofeos de la Copa Mundial de Clubes de la FIFA. El Bayern se consagr\u00f3 campe\u00f3n del Mundial de Clubes por primera vez al vencer 2-0 al Raja Casablanca (Marruecos) en 2013, y repiti\u00f3 la haza\u00f1a con un triunfo por 1-0 frente a los Tigres UANL (M\u00e9xico) en 2020.<\/p>\n<\/div>\n<div id=\"element-body-5\">\n<p>El conjunto b\u00e1varo est\u00e1 en buena forma tras asegurarse la Bundeslia dos fechas antes del final con una gran ventaja sobre su escolta, el Bayer Leverkusen. <strong>Marc\u00f3 casi 99 goles en las 34 fechas y apenas perdi\u00f3 dos partidos. <\/strong>Adem\u00e1s, Harry Kane se consagr\u00f3 como m\u00e1ximo goleador del torneo con 26 tantos y Michael Olise es el m\u00e1ximo asistidor con 15 <em>pases-gol<\/em>.<\/p>\n<\/div>\n<div id=\"element-body-6\">\n<p>En la Copa de Alemania, en cambio, no tuvo un buen desempe\u00f1o y qued\u00f3 eliminado en los cuartos de final tras caer por 1-0 ante Bayer Leverkusen. Y en la Champions League termin\u00f3 en el puesto 12 de la tabla general, venci\u00f3 al Celtic de Escocia en los playoffs (3-2 global) y se tom\u00f3 revancha del Leverkusen en los octavos de final con un 5-0 en el global.<\/p>\n<\/div>\n<div id=\"element-body-7\">\n<p>Sin embargo, su camino se detuvo en los cuartos de final ante el Inter de Mil\u00e1n. En el Allianz Arena cay\u00f3 por 2-1 y en San Siro empat\u00f3 2-2 por lo que no consigui\u00f3 el boleto a la siguiente instancia.<\/p>\n<\/div>\n<div id=\"element-body-10\">\n<p>El delantero ingl\u00e9s nacido el 28 de julio de 1993 en Londres, es la gran figura del equipo b\u00e1varo. Surgido de las divisiones juveniles del Tottenham Hotspur, se consolid\u00f3 en el club y en la Premier League gracias a su notable capacidad goleadora, visi\u00f3n de juego y liderazgo. Con los Spurs, Kane se convirti\u00f3 en el m\u00e1ximo goleador hist\u00f3rico del club y gan\u00f3 en varias ocasiones la Bota de Oro del campeonato ingl\u00e9s. Tambi\u00e9n ha sido una pieza clave en la selecci\u00f3n de Inglaterra, con la que alcanz\u00f3 las semifinales del Mundial 2018 y la final de la Eurocopa 2020.<\/p>\n<\/div>\n<div id=\"element-body-11\">\n<p><strong>En 2023, Kane dio un giro a su carrera al fichar por el Bayern M\u00fanich, en busca de t\u00edtulos que se le hab\u00edan negado a nivel de clubes.<\/strong> Su impacto en el f\u00fatbol alem\u00e1n fue inmediato y en su segunda temporada logr\u00f3 la Bundesliga, el primer t\u00edtulo de su carrera. Adem\u00e1s de sus cualidades t\u00e9cnicas, Kane es reconocido por su inteligencia t\u00e1ctica, su capacidad para asociarse y su entrega constante. Su llegada al Bayern no solo reforz\u00f3 al equipo b\u00e1varo, sino que tambi\u00e9n elev\u00f3 a\u00fan m\u00e1s su estatus como uno de los delanteros m\u00e1s completos y consistentes del f\u00fatbol mundial.<\/p>\n<\/div>\n<div id=\"element-body-14\">\n<p><strong>Vincent Kompany<\/strong> asumi\u00f3 el desaf\u00edo de dirigir al Bayern M\u00fanich en el verano de 2024, con el respaldo de Pep Guardiola y con la promesa de devolver al club a una estabilidad que se hab\u00eda perdido tras la salida de Hansi Flick. A pesar de contar con una experiencia limitada como entrenador \u2014pas\u00f3 por el Anderlecht y por un breve ciclo en el Burnley, donde logr\u00f3 un ascenso pero tambi\u00e9n un descenso inmediato en la Premier League\u2014, su visi\u00f3n encaj\u00f3 con el plan a medio plazo que la directiva b\u00e1vara buscaba reinstaurar tras los vaivenes de las etapas de Julian Nagelsmann y Thomas Tuchel. <strong>Kompany lleg\u00f3 para liderar un nuevo proyecto de dos a tres a\u00f1os<\/strong>, en l\u00ednea con la tradici\u00f3n del club de apostar por entrenadores con margen de trabajo y desarrollo.<\/p>\n<\/div>\n<div id=\"element-body-15\">\n<p>En su primera temporada, Kompany implement\u00f3 un sistema 4-2-3-1 similar al que utilizaba en Inglaterra, fiel al estilo vertical e incisivo que caracteriza al Bayern, apoyado en extremos desequilibrantes como Michel Olise, uno de sus pedidos clave. Bajo su mando, el equipo recuper\u00f3 la Bundesliga con un juego reconocible y ofensivo, aunque sufri\u00f3 tropiezos en copas: cay\u00f3 sorpresivamente en la DFB Pokal ante el Saarbr\u00fccken y fue eliminado en cuartos de final de Champions League por el Inter, pese a mostrar competitividad. Si bien el proyecto dio se\u00f1ales positivas, los resultados no bastan en un club con la exigencia del Bayern, y todo indica que Kompany deber\u00e1 reforzar especialmente la defensa para consolidar su idea y cumplir con las altas expectativas de la instituci\u00f3n.<\/p>\n<\/div>\n<div id=\"element-body-17\">\n<p>El Bayern M\u00fanich asegur\u00f3 su lugar en la Copa Mundial de Clubes de la FIFA cuando se anunci\u00f3 el proceso de clasificaci\u00f3n en diciembre de 2023.<\/p>\n<\/div>\n<div id=\"element-body-18\">\n<p>Gracias a su s\u00f3lido desempe\u00f1o en la UEFA Champions League durante el per\u00edodo de clasificaci\u00f3n de cuatro a\u00f1os (2021-2024), en el que alcanz\u00f3 al menos los cuartos de final en cada temporada, el club logr\u00f3 la clasificaci\u00f3n a trav\u00e9s de la v\u00eda del ranking UEFA.<\/p>\n<\/div>\n<p><br \/>\n<br \/><a href=\"https:\/\/www.clarin.com\/deportes\/mundial-clubes-2025-bayern-munich-gigante-aleman-quiere-pisar-fuerte-grupo-boca_0_3hWxovux1R.html\">Fuente Clarin.com <\/a><\/p>\n","protected":false},"excerpt":{"rendered":"<p>El Bayern M\u00fanich de Alemania es uno de los grandes candidatos al t\u00edtulo en el Mundial de Clubes que se disputar\u00e1 en Estados Unidos. El conjunto alem\u00e1n llega como campe\u00f3n de la Bundesliga, donde domina con claridad tras obtener 12 de las \u00faltimos 13 ligas disputadas (solo Bayer Leverkusen interrumpi\u00f3 su hegemon\u00eda). En la Champions [&hellip;]<\/p>\n","protected":false},"author":1,"featured_media":30539,"comment_status":"open","ping_status":"open","sticky":false,"template":"","format":"standard","meta":{"footnotes":""},"categories":[2],"tags":[9839,6734,707,624,2729,599,6518,2547,1273],"class_list":["post-30538","post","type-post","status-publish","format-standard","has-post-thumbnail","hentry","category-ultimas-noticias","tag-aleman","tag-bayern","tag-boca","tag-fuerte","tag-gigante","tag-grupo","tag-munich","tag-pisar","tag-quiere"],"_links":{"self":[{"href":"https:\/\/13.com.ar\/index.php\/wp-json\/wp\/v2\/posts\/30538","targetHints":{"allow":["GET"]}}],"collection":[{"href":"https:\/\/13.com.ar\/index.php\/wp-json\/wp\/v2\/posts"}],"about":[{"href":"https:\/\/13.com.ar\/index.php\/wp-json\/wp\/v2\/types\/post"}],"author":[{"embeddable":true,"href":"https:\/\/13.com.ar\/index.php\/wp-json\/wp\/v2\/users\/1"}],"replies":[{"embeddable":true,"href":"https:\/\/13.com.ar\/index.php\/wp-json\/wp\/v2\/comments?post=30538"}],"version-history":[{"count":0,"href":"https:\/\/13.com.ar\/index.php\/wp-json\/wp\/v2\/posts\/30538\/revisions"}],"wp:featuredmedia":[{"embeddable":true,"href":"https:\/\/13.com.ar\/index.php\/wp-json\/wp\/v2\/media\/30539"}],"wp:attachment":[{"href":"https:\/\/13.com.ar\/index.php\/wp-json\/wp\/v2\/media?parent=30538"}],"wp:term":[{"taxonomy":"category","embeddable":true,"href":"https:\/\/13.com.ar\/index.php\/wp-json\/wp\/v2\/categories?post=30538"},{"taxonomy":"post_tag","embeddable":true,"href":"https:\/\/13.com.ar\/index.php\/wp-json\/wp\/v2\/tags?post=30538"}],"curies":[{"name":"wp","href":"https:\/\/api.w.org\/{rel}","templated":true}]}}