{"id":30535,"date":"2025-06-03T13:34:44","date_gmt":"2025-06-03T16:34:44","guid":{"rendered":"https:\/\/13.com.ar\/index.php\/un-poco-menos-de-crecimiento-y-mas-inflacion\/"},"modified":"2025-06-03T13:34:44","modified_gmt":"2025-06-03T16:34:44","slug":"un-poco-menos-de-crecimiento-y-mas-inflacion","status":"publish","type":"post","link":"https:\/\/13.com.ar\/index.php\/un-poco-menos-de-crecimiento-y-mas-inflacion\/","title":{"rendered":"un poco menos de crecimiento y m\u00e1s inflaci\u00f3n"},"content":{"rendered":"<p> <br \/>\n<br \/><img decoding=\"async\" src=\"https:\/\/13.com.ar\/wp-content\/uploads\/2025\/06\/un-poco-menos-de-crecimiento-y-mas-inflacion.jpg\" \/><\/p>\n<div id=\"cuerpo\">\n<div class=\"sc-45461e9c-0 eqiBeF container-text text-embed \" id=\"element-body-0\">\n<p>La<strong> OCDE<\/strong>, la Organizaci\u00f3n para la Cooperaci\u00f3n y el Desarrollo Econ\u00f3mico, <strong>cambi\u00f3 los pron\u00f3sticos <\/strong>de crecimiento e inflaci\u00f3n para la Argentina que hab\u00eda hecho en marzo pasado, un mes antes del levantamiento del cepo cambiario, el 14 de abril.<\/p>\n<\/div>\n<div class=\"sc-45461e9c-0 eqiBeF container-text text-embed \" id=\"element-body-1\">\n<p>A pesar de que el organismo asegur\u00f3 que en el pa\u00eds est\u00e1 en marcha una &#8220;robusta&#8221; recuperaci\u00f3n de la econom\u00eda, ajust\u00f3 a la baja su pron\u00f3stico de marzo, <strong>del 5,7% al 5,2%<\/strong>. Para 2026 <\/p>\n<\/div>\n<div class=\"sc-45461e9c-0 eqiBeF container-text text-embed \" id=\"element-body-2\">\n<p>En cuanto a la inflaci\u00f3n, la OCDE ve una aceleraci\u00f3n desde marzo, cuando estimaba que iba a alcanzar 28,4%, a la actual proyecci\u00f3n de 36,6%.<\/p>\n<\/div>\n<div class=\"sc-45461e9c-0 eqiBeF container-text text-embed \" id=\"element-body-3\">\n<p>A nivel general, la OCDE proyecta una desaceleraci\u00f3n del crecimiento global del 3,3% en 2024 al 2,9% tanto en 2025 como en 2026, puntualizando que \u201cse espera que la desaceleraci\u00f3n est\u00e9 m\u00e1s concentrada en<strong> Estados Unidos, Canad\u00e1, M\u00e9xico y China<\/strong>, con menores ajustes a la baja en otras econom\u00edas\u201d.<\/p>\n<\/div>\n<div class=\"sc-45461e9c-0 eqiBeF container-text text-embed \" id=\"element-body-4\">\n<p>En cuanto a las perspectivas de Argentina para el 2026, el organismo espera un avance del 4,3%, y que la inflaci\u00f3n disminuya hasta 14,9% anual.<\/p>\n<\/div>\n<div class=\"sc-45461e9c-0 eqiBeF container-text text-embed \" id=\"element-body-5\">\n<p>Al referirse a los motores que sostendr\u00e1n el crecimiento, la OCDE indic\u00f3 que \u201c<strong>el consumo privado y la inversi\u00f3n continuar\u00e1n recuper\u00e1ndose, <\/strong>impulsados \u200b\u200bpor mayores ingresos reales disponibles, condiciones financieras m\u00e1s favorables y un mejor entorno empresarial\u201d y agreg\u00f3 que <strong>\u201cla reciente eliminaci\u00f3n de las restricciones de capital impulsar\u00e1 nuevas mejoras en la confianza econ\u00f3mica y la inversi\u00f3n<\/strong>\u201d.<\/p>\n<\/div>\n<div class=\"sc-45461e9c-0 eqiBeF container-text text-embed \" id=\"element-body-6\">\n<p>Con respecto a la peor previsi\u00f3n de la din\u00e1mica de los precios para este a\u00f1o, afirm\u00f3 que <strong>\u201cla inflaci\u00f3n seguir\u00e1 disminuyendo, aunque a un ritmo m\u00e1s lento\u201d<\/strong> y consider\u00f3 que \u201cla pol\u00edtica monetaria deber\u00e1 mantenerse restrictiva para mantener la inflaci\u00f3n en una trayectoria firmemente descendente\u201d.<\/p>\n<\/div>\n<div class=\"sc-45461e9c-0 eqiBeF container-text text-embed \" id=\"element-body-7\">\n<p>Al mismo tiempo, sostuvo que \u201cla pol\u00edtica fiscal deber\u00eda basarse en el reciente <strong>ajuste exitoso<\/strong> con medidas de consolidaci\u00f3n m\u00e1s sostenibles para mantener s\u00f3lidos resultados fiscales\u201d, detallando que \u201cesto incluye la <strong>eliminaci\u00f3n gradual de los subsidios<\/strong> y el aumento de la eficiencia del sector p\u00fablico, a la vez que se sustituyen los impuestos distorsivos por bases impositivas m\u00e1s amplias sobre la renta y el consumo\u201d.<\/p>\n<\/div>\n<div class=\"sc-45461e9c-0 eqiBeF container-text text-embed \" id=\"element-body-8\">\n<p>En este sentido, el organismo remarc\u00f3 que \u201cse requieren<strong> mayores esfuerzos para mejorar de forma sostenible la posici\u00f3n fiscal\u201d<\/strong>, precisando que \u201cmantener mejores resultados fiscales requerir\u00e1<strong> reformas m\u00e1s profundas en materia de impuestos y gastos<\/strong>\u201d.<\/p>\n<\/div>\n<div class=\"sc-45461e9c-0 eqiBeF container-text text-embed \" id=\"element-body-9\">\n<p>Al respecto, propuso que <strong>\u201campliar la base imponible del impuesto sobre la renta de las personas f\u00edsicas<\/strong> podr\u00eda aumentar la recaudaci\u00f3n de forma progresiva y permitir\u00eda reducir los impuestos distorsivos e ineficientes que obstaculizan la inversi\u00f3n\u201d y a\u00f1adi\u00f3 que <strong>\u201celiminar las exenciones del IVA <\/strong>podr\u00eda generar ingresos adicionales\u201d.<\/p>\n<\/div>\n<div class=\"sc-45461e9c-0 eqiBeF container-text text-embed \" id=\"element-body-10\">\n<p>En este marco, destac\u00f3 que \u201clos recientes esfuerzos para reducir la carga regulatoria impulsar\u00e1n la <strong>productividad<\/strong> y deber\u00edan continuar, complementados con mayores incentivos para la formalizaci\u00f3n de trabajadores y empresas\u201d.<\/p>\n<\/div>\n<div class=\"sc-45461e9c-0 eqiBeF container-text text-embed \" id=\"element-body-11\">\n<p>En relaci\u00f3n con el mercado comercial, la OCDE estim\u00f3 que <strong>\u201cel crecimiento de las exportaciones se desacelerar\u00e1<\/strong> en comparaci\u00f3n con 2024\u201d, se\u00f1alando que \u201clas exportaciones se han visto afectadas por la reciente<strong> apreciaci\u00f3n real de la moneda\u201d.<\/strong><\/p>\n<\/div>\n<div class=\"sc-45461e9c-0 eqiBeF container-text text-embed \" id=\"element-body-12\">\n<p>En este contexto, aludi\u00f3 que \u201c<strong>el aumento de los aranceles estadounidenses podr\u00eda resultar en un menor crecimiento<\/strong> de las exportaciones, pero las perspectivas de exportaci\u00f3n en el sector agr\u00edcola y ganadero podr\u00edan beneficiarse de los cambios en los patrones comerciales\u201d.<\/p>\n<\/div>\n<div class=\"sc-45461e9c-0 eqiBeF container-text text-embed \" id=\"element-body-13\">\n<p>Seg\u00fan el informe, las exportaciones a Estados Unidos representan solo alrededor del 9 % de las exportaciones totales de Argentina y alrededor del 1 % del PIB, y &#8220;hasta la fecha no se han visto significativamente afectadas por los aumentos arancelarios estadounidenses&#8221;.<\/p>\n<\/div>\n<div class=\"sc-45461e9c-0 eqiBeF container-text text-embed \" id=\"element-body-14\">\n<p>Las exportaciones crecer\u00edan 11,2 % este a\u00f1o -desde un 23,2 % en 2024-, afectadas por la apreciaci\u00f3n del peso.<\/p>\n<\/div>\n<div class=\"sc-45461e9c-0 eqiBeF container-text text-embed \" id=\"element-body-15\">\n<p>En paralelo, sostuvo que \u201clas<strong> importaciones continuar\u00e1n su fuerte recuperaci\u00f3n, <\/strong>sustentadas por un mayor poder adquisitivo y menores barreras a la importaci\u00f3n\u201d. Aumentar\u00edan 23,9% desde una ca\u00edda de 10,6% en 2024.<\/p>\n<\/div>\n<div class=\"sc-45461e9c-0 eqiBeF container-text text-embed \" id=\"element-body-16\">\n<p>&#8220;Los aranceles de importaci\u00f3n y las barreras comerciales no arancelarias de Argentina se redujeron en 2024 y se prev\u00e9n nuevas reducciones en 2025&#8221;, a\u00f1ade.<\/p>\n<\/div>\n<div class=\"sc-45461e9c-0 eqiBeF container-text text-embed \" id=\"element-body-17\">\n<p><em>Con informaci\u00f3n de EFE y NA<\/em><\/p>\n<\/div>\n<\/div>\n<p><br \/>\n<br \/><a href=\"https:\/\/www.clarin.com\/economia\/salida-cepo-ocde-cambia-estimaciones-argentina-crecimiento-inflacion_0_viubc69JoE.html\">Fuente Clarin.com <\/a><\/p>\n","protected":false},"excerpt":{"rendered":"<p>La OCDE, la Organizaci\u00f3n para la Cooperaci\u00f3n y el Desarrollo Econ\u00f3mico, cambi\u00f3 los pron\u00f3sticos de crecimiento e inflaci\u00f3n para la Argentina que hab\u00eda hecho en marzo pasado, un mes antes del levantamiento del cepo cambiario, el 14 de abril. A pesar de que el organismo asegur\u00f3 que en el pa\u00eds est\u00e1 en marcha una &#8220;robusta&#8221; [&hellip;]<\/p>\n","protected":false},"author":1,"featured_media":30536,"comment_status":"open","ping_status":"open","sticky":false,"template":"","format":"standard","meta":{"footnotes":""},"categories":[2],"tags":[1902,1544,155,263,2519],"class_list":["post-30535","post","type-post","status-publish","format-standard","has-post-thumbnail","hentry","category-ultimas-noticias","tag-crecimiento","tag-inflacion","tag-mas","tag-menos","tag-poco"],"_links":{"self":[{"href":"https:\/\/13.com.ar\/index.php\/wp-json\/wp\/v2\/posts\/30535","targetHints":{"allow":["GET"]}}],"collection":[{"href":"https:\/\/13.com.ar\/index.php\/wp-json\/wp\/v2\/posts"}],"about":[{"href":"https:\/\/13.com.ar\/index.php\/wp-json\/wp\/v2\/types\/post"}],"author":[{"embeddable":true,"href":"https:\/\/13.com.ar\/index.php\/wp-json\/wp\/v2\/users\/1"}],"replies":[{"embeddable":true,"href":"https:\/\/13.com.ar\/index.php\/wp-json\/wp\/v2\/comments?post=30535"}],"version-history":[{"count":0,"href":"https:\/\/13.com.ar\/index.php\/wp-json\/wp\/v2\/posts\/30535\/revisions"}],"wp:featuredmedia":[{"embeddable":true,"href":"https:\/\/13.com.ar\/index.php\/wp-json\/wp\/v2\/media\/30536"}],"wp:attachment":[{"href":"https:\/\/13.com.ar\/index.php\/wp-json\/wp\/v2\/media?parent=30535"}],"wp:term":[{"taxonomy":"category","embeddable":true,"href":"https:\/\/13.com.ar\/index.php\/wp-json\/wp\/v2\/categories?post=30535"},{"taxonomy":"post_tag","embeddable":true,"href":"https:\/\/13.com.ar\/index.php\/wp-json\/wp\/v2\/tags?post=30535"}],"curies":[{"name":"wp","href":"https:\/\/api.w.org\/{rel}","templated":true}]}}