{"id":30502,"date":"2025-06-03T12:10:33","date_gmt":"2025-06-03T15:10:33","guid":{"rendered":"https:\/\/13.com.ar\/index.php\/una-nueva-encuesta-electoral-midio-a-cristina-en-la-matanza-distrito-clave-para-su-candidatura\/"},"modified":"2025-06-03T12:10:33","modified_gmt":"2025-06-03T15:10:33","slug":"una-nueva-encuesta-electoral-midio-a-cristina-en-la-matanza-distrito-clave-para-su-candidatura","status":"publish","type":"post","link":"https:\/\/13.com.ar\/index.php\/una-nueva-encuesta-electoral-midio-a-cristina-en-la-matanza-distrito-clave-para-su-candidatura\/","title":{"rendered":"Una nueva encuesta electoral midi\u00f3 a Cristina en La Matanza, distrito clave para su candidatura"},"content":{"rendered":"<p> <br \/>\n<\/p>\n<div id=\"cuerpo\">\n<div class=\"sc-45461e9c-0 eqiBeF container-text text-embed \" id=\"element-body-0\">\n<p>Son <strong>casi 1.200.000 electores<\/strong> que pueden definir el resultado de cualquier comicio en la provincia de Buenos Aires. Ese es el peso de <strong>La Matanza<\/strong>, el municipio clave de la<strong> Tercera Secci\u00f3n<\/strong>, que se volvi\u00f3 obsesi\u00f3n para toda la pol\u00edtica desde este lunes a noche, cuando <strong>Cristina Kirchner<\/strong> confirm\u00f3 una candidatura all\u00ed.<\/p>\n<\/div>\n<div class=\"sc-45461e9c-0 eqiBeF container-text text-embed \" id=\"element-body-1\">\n<p><strong>Clar\u00edn <\/strong>accedi\u00f3 a una <strong>nueva encuesta<\/strong> que midi\u00f3 a la titular del PJ en este distrito. El trabajo lo hizo <strong><em>CB Consultora Opini\u00f3n P\u00fablica<\/em><\/strong>, una firma con origen en C\u00f3rdoba, dirigida por el analista <strong>Cristian Butti\u00e9<\/strong>, que se hizo conocida a principios de 2020 cuando empez\u00f3 a publicar un ranking de gobernadores. <\/p>\n<\/div>\n<div class=\"sc-45461e9c-0 eqiBeF container-text text-embed \" id=\"element-body-2\">\n<p>El relevamiento se hizo entre el 15 y el 19 de mayo, antes del anuncio de Cristina, pero cuando ya ella misma hab\u00eda adelantado en reuniones privadas que analizaba postularse en &#8220;La Tercera&#8221;. Se entrevist\u00f3 a <strong>1.125 matanceros<\/strong> y los resultados se presentaron con +\/- 2,9% de margen de error.<\/p>\n<\/div>\n<p><h2>El l\u00edder del peronismo y cu\u00e1nto mide Cristina en La Matanza<\/h2>\n<\/p>\n<div class=\"sc-45461e9c-0 eqiBeF container-text text-embed \" id=\"element-body-4\">\n<p>El estudio se hizo con la l\u00f3gica que rige hoy al peronismo bonaerense: la interna entre la exmandataria y el gobernador Axel Kicillof. Por eso, la primera pregunta se concentr\u00f3 en <strong>qui\u00e9n representa mejor al partido<\/strong>. <\/p>\n<\/div>\n<div class=\"sc-45461e9c-0 eqiBeF container-text text-embed \" id=\"element-body-5\">\n<p>Y los <strong>vecinos de La Matanza eligieron a Cristina<\/strong>, que lider\u00f3 con 33,3%, m\u00e1s del doble que Kicillof (15,4%) y 10 veces lo que sac\u00f3 Sergio Massa (3,2%). Complet\u00f3 &#8220;no sabe&#8221; con 6% y &#8220;ninguno&#8221; con 42,1%.<\/p>\n<\/div>\n<div class=\"sc-45461e9c-0 eqiBeF container-text text-embed \" id=\"element-body-6\">\n<p>Luego vino uno de los planteos m\u00e1s importantes del estudio, que evalu\u00f3<strong> el piso y el techo electoral de la expresidenta <\/strong>en el municipio. Para tener un par\u00e1metro: el 1,2 mill\u00f3n de electores habilitados en La Matanza representan m\u00e1s del 20% del total de votantes de La Tercera (unos 5 millones).<\/p>\n<\/div>\n<div class=\"sc-98b114a2-0 bkqiHH image-embed  image-embed \" id=\"element-body-7\"><picture class=\"sc-98b114a2-1 jRUlDm\"><source media=\"(min-width: 975px)\" width=\"720\" height=\"480\" \/><img alt=\"La encuesta de CB Consultora Opini\u00f3n P\u00fablica en La Matanza.\" loading=\"lazy\" width=\"720\" height=\"480\" decoding=\"async\" data-nimg=\"1\" style=\"color:transparent\" src=\"https:\/\/13.com.ar\/wp-content\/uploads\/2025\/06\/Una-nueva-encuesta-electoral-midio-a-Cristina-en-La-Matanza.jpg\"\/><span class=\"epigraphe\">La encuesta de CB Consultora Opini\u00f3n P\u00fablica en La Matanza.<\/span><span class=\"picture-open\"><button class=\"open-image\" aria-label=\"Open Image\"\/><\/span><\/picture><\/div>\n<div class=\"sc-45461e9c-0 eqiBeF container-text text-embed \" id=\"element-body-8\">\n<p><strong>A Cristina le fue bien, pero hasta ah\u00ed. Parti\u00f3 de un piso\/voto seguro alto (27,2%), pero su techo no creci\u00f3 tanto: lleg\u00f3 a 49,9% cuando se suma el voto probable (22,7%). Complet\u00f3 con 42,9% de rechazo\/nunca la votar\u00eda y 7,2% de no sabe.<\/strong><\/p>\n<\/div>\n<div class=\"sc-98b114a2-0 bkqiHH image-embed  image-embed \" id=\"element-body-9\"><picture class=\"sc-98b114a2-1 jRUlDm\"><source media=\"(min-width: 975px)\" width=\"720\" height=\"480\" \/><img alt=\"La encuesta de CB Consultora Opini\u00f3n P\u00fablica en La Matanza.\" loading=\"lazy\" width=\"720\" height=\"480\" decoding=\"async\" data-nimg=\"1\" style=\"color:transparent\" src=\"https:\/\/13.com.ar\/wp-content\/uploads\/2025\/06\/1748963432_442_Una-nueva-encuesta-electoral-midio-a-Cristina-en-La-Matanza.jpg\"\/><span class=\"epigraphe\">La encuesta de CB Consultora Opini\u00f3n P\u00fablica en La Matanza.<\/span><span class=\"picture-open\"><button class=\"open-image\" aria-label=\"Open Image\"\/><\/span><\/picture><\/div>\n<div class=\"sc-45461e9c-0 eqiBeF container-text text-embed \" id=\"element-body-10\">\n<p>M\u00e1s par\u00e1metros: en 2023, tanto a nivel local, en la votaci\u00f3n para intendente, como en la nacional, para presidente, Uni\u00f3n por la Patria <strong>super\u00f3 los 50 puntos<\/strong> en La Matanza. <\/p>\n<\/div>\n<p><h2>Pisos y techos de los candidatos de Kicillof y Milei<\/h2>\n<\/p>\n<div class=\"sc-45461e9c-0 eqiBeF container-text text-embed \" id=\"element-body-12\">\n<p>Luego, <strong><em>CB<\/em><\/strong> hace el mismo ejercicio de medir el potencial electoral, pero con <strong>candidatos que respondan a Kicillof y Milei<\/strong>. Al ambos les fue peor que a Cristina, sobre todo a los que representan al Presidente.<\/p>\n<\/div>\n<div class=\"sc-98b114a2-0 bkqiHH image-embed  image-embed \" id=\"element-body-13\"><picture class=\"sc-98b114a2-1 jRUlDm\"><source media=\"(min-width: 975px)\" width=\"720\" height=\"480\" \/><img alt=\"La encuesta de CB Consultora Opini\u00f3n P\u00fablica en La Matanza.\" loading=\"lazy\" width=\"720\" height=\"480\" decoding=\"async\" data-nimg=\"1\" style=\"color:transparent\" src=\"https:\/\/13.com.ar\/wp-content\/uploads\/2025\/06\/1748963433_901_Una-nueva-encuesta-electoral-midio-a-Cristina-en-La-Matanza.jpg\"\/><span class=\"epigraphe\">La encuesta de CB Consultora Opini\u00f3n P\u00fablica en La Matanza.<\/span><span class=\"picture-open\"><button class=\"open-image\" aria-label=\"Open Image\"\/><\/span><\/picture><\/div>\n<div class=\"sc-45461e9c-0 eqiBeF container-text text-embed \" id=\"element-body-14\">\n<p>El <strong>&#8220;candidato apoyado por Kicillof&#8221;<\/strong>, seg\u00fan la encuesta, termin\u00f3 en La Matanza con <strong>23,5% de piso\/voto<\/strong> seguro m\u00e1s 24,2% de voto probable (<strong>techo de 47,7%<\/strong>). Complet\u00f3 con 41,1% de rechazo\/nunca lo votar\u00eda y 11,2% de no sabe.<\/p>\n<\/div>\n<div class=\"sc-98b114a2-0 bkqiHH image-embed  image-embed \" id=\"element-body-15\"><picture class=\"sc-98b114a2-1 jRUlDm\"><source media=\"(min-width: 975px)\" width=\"720\" height=\"480\" \/><img alt=\"La encuesta de CB Consultora Opini\u00f3n P\u00fablica en La Matanza.\" loading=\"lazy\" width=\"720\" height=\"480\" decoding=\"async\" data-nimg=\"1\" style=\"color:transparent\" src=\"https:\/\/13.com.ar\/wp-content\/uploads\/2025\/06\/1748963433_331_Una-nueva-encuesta-electoral-midio-a-Cristina-en-La-Matanza.jpg\"\/><span class=\"epigraphe\">La encuesta de CB Consultora Opini\u00f3n P\u00fablica en La Matanza.<\/span><span class=\"picture-open\"><button class=\"open-image\" aria-label=\"Open Image\"\/><\/span><\/picture><\/div>\n<div class=\"sc-45461e9c-0 eqiBeF container-text text-embed \" id=\"element-body-16\">\n<p>El<strong> &#8220;candidato apoyado por Milei&#8221;<\/strong>, en tanto, sac\u00f3 <strong>12,9% de piso\/voto seguro<\/strong> m\u00e1s 18,4% de voto probable (<strong>techo de 31,3%<\/strong>). Complet\u00f3 con 59,8% de rechazo\/nunca lo votar\u00eda y 8,9% de no sabe.<\/p>\n<\/div>\n<p><h2>Intenci\u00f3n de voto por espacio<\/h2>\n<\/p>\n<div class=\"sc-45461e9c-0 eqiBeF container-text text-embed \" id=\"element-body-18\">\n<p>Por \u00faltimo, el sondeo hace el cl\u00e1sico <strong>cuadro de intenci\u00f3n de voto por espacio<\/strong>, con dos variantes que se ajustan a la realidad. Mide al <strong>peronismo de Cristina y Kicillof junto y separado (tambi\u00e9n ofrece a Massa como opci\u00f3n minoritaria)<\/strong>; y <strong>lo mismo hace con La Libertad Avanza y el PRO<\/strong>. La unidad, por ahora, parece m\u00e1s asegurada en la derecha.<\/p>\n<\/div>\n<div class=\"sc-45461e9c-0 eqiBeF container-text text-embed \" id=\"element-body-19\">\n<p><strong>Y la conclusi\u00f3n es similar que en el caso de Cristina. Al peronismo le va mejor que a sus rivales, pero por ahora no muestra esa ventaja arrolladora que le garantice ganar en toda la provincia. <\/strong><\/p>\n<\/div>\n<div class=\"sc-98b114a2-0 bkqiHH image-embed  image-embed \" id=\"element-body-20\"><picture class=\"sc-98b114a2-1 jRUlDm\"><source media=\"(min-width: 975px)\" width=\"720\" height=\"480\" \/><img alt=\"La encuesta de CB Consultora Opini\u00f3n P\u00fablica en La Matanza.\" loading=\"lazy\" width=\"720\" height=\"480\" decoding=\"async\" data-nimg=\"1\" style=\"color:transparent\" src=\"https:\/\/13.com.ar\/wp-content\/uploads\/2025\/06\/1748963433_110_Una-nueva-encuesta-electoral-midio-a-Cristina-en-La-Matanza.jpg\"\/><span class=\"epigraphe\">La encuesta de CB Consultora Opini\u00f3n P\u00fablica en La Matanza.<\/span><span class=\"picture-open\"><button class=\"open-image\" aria-label=\"Open Image\"\/><\/span><\/picture><\/div>\n<div class=\"sc-45461e9c-0 eqiBeF container-text text-embed \" id=\"element-body-21\">\n<p>En el primer escenario, con los espacios separados, quedan as\u00ed: <\/p>\n<\/div>\n<div class=\"sc-45461e9c-0 eqiBeF container-text text-embed \" id=\"element-body-22\">\n<p>1) Peronismo de Cristina 23,1%.<\/p>\n<\/div>\n<div class=\"sc-45461e9c-0 eqiBeF container-text text-embed \" id=\"element-body-23\">\n<p>2) La Libertad Avanza de Milei 20,1%.<\/p>\n<\/div>\n<div class=\"sc-45461e9c-0 eqiBeF container-text text-embed \" id=\"element-body-24\">\n<p>3) Peronismo de Kicillof 14,9%.<\/p>\n<\/div>\n<div class=\"sc-45461e9c-0 eqiBeF container-text text-embed \" id=\"element-body-26\">\n<p>5) Peronismo de Massa 3,4%.<\/p>\n<\/div>\n<div class=\"sc-45461e9c-0 eqiBeF container-text text-embed \" id=\"element-body-28\">\n<p>M\u00e1s 6,4% de blancos, 11,4% de otros espacios y 15,6% de no sabe.<\/p>\n<\/div>\n<div class=\"sc-98b114a2-0 bkqiHH image-embed  image-embed \" id=\"element-body-29\"><picture class=\"sc-98b114a2-1 jRUlDm\"><source media=\"(min-width: 975px)\" width=\"720\" height=\"480\" \/><img alt=\"La encuesta de CB Consultora Opini\u00f3n P\u00fablica en La Matanza.\" loading=\"lazy\" width=\"720\" height=\"480\" decoding=\"async\" data-nimg=\"1\" style=\"color:transparent\" src=\"https:\/\/13.com.ar\/wp-content\/uploads\/2025\/06\/1748963433_535_Una-nueva-encuesta-electoral-midio-a-Cristina-en-La-Matanza.jpg\"\/><span class=\"epigraphe\">La encuesta de CB Consultora Opini\u00f3n P\u00fablica en La Matanza.<\/span><span class=\"picture-open\"><button class=\"open-image\" aria-label=\"Open Image\"\/><\/span><\/picture><\/div>\n<div class=\"sc-45461e9c-0 eqiBeF container-text text-embed \" id=\"element-body-30\">\n<p>En el segundo caso, con las alianzas unidas, se ordenan de esta manera: <\/p>\n<\/div>\n<div class=\"sc-45461e9c-0 eqiBeF container-text text-embed \" id=\"element-body-31\">\n<p>1) Peronismo de Cristina, Kicillof, Massa y Espinoza 40,4%.<\/p>\n<\/div>\n<div class=\"sc-45461e9c-0 eqiBeF container-text text-embed \" id=\"element-body-32\">\n<p>2) LLA + PRO de Milei y Macri 23,4%.<\/p>\n<\/div>\n<div class=\"sc-45461e9c-0 eqiBeF container-text text-embed \" id=\"element-body-33\">\n<p>M\u00e1s 12,7% de otros, 8,3% de blancos y 15,1% de no sabe.<\/p>\n<\/div>\n<\/div>\n<p><br \/>\n<br \/><a href=\"https:\/\/www.clarin.com\/politica\/nueva-encuesta-electoral-midio-cristina-matanza-distrito-clave-candidatura_0_Kci5SAIuUQ.html\">Fuente Clarin.com <\/a><\/p>\n","protected":false},"excerpt":{"rendered":"<p>Son casi 1.200.000 electores que pueden definir el resultado de cualquier comicio en la provincia de Buenos Aires. Ese es el peso de La Matanza, el municipio clave de la Tercera Secci\u00f3n, que se volvi\u00f3 obsesi\u00f3n para toda la pol\u00edtica desde este lunes a noche, cuando Cristina Kirchner confirm\u00f3 una candidatura all\u00ed. Clar\u00edn accedi\u00f3 a [&hellip;]<\/p>\n","protected":false},"author":1,"featured_media":30503,"comment_status":"open","ping_status":"open","sticky":false,"template":"","format":"standard","meta":{"footnotes":""},"categories":[2],"tags":[4640,272,497,1818,5073,3180,7757,8747,19,16,73],"class_list":["post-30502","post","type-post","status-publish","format-standard","has-post-thumbnail","hentry","category-ultimas-noticias","tag-candidatura","tag-clave","tag-cristina","tag-distrito","tag-electoral","tag-encuesta","tag-matanza","tag-midio","tag-nueva","tag-para","tag-una"],"_links":{"self":[{"href":"https:\/\/13.com.ar\/index.php\/wp-json\/wp\/v2\/posts\/30502","targetHints":{"allow":["GET"]}}],"collection":[{"href":"https:\/\/13.com.ar\/index.php\/wp-json\/wp\/v2\/posts"}],"about":[{"href":"https:\/\/13.com.ar\/index.php\/wp-json\/wp\/v2\/types\/post"}],"author":[{"embeddable":true,"href":"https:\/\/13.com.ar\/index.php\/wp-json\/wp\/v2\/users\/1"}],"replies":[{"embeddable":true,"href":"https:\/\/13.com.ar\/index.php\/wp-json\/wp\/v2\/comments?post=30502"}],"version-history":[{"count":0,"href":"https:\/\/13.com.ar\/index.php\/wp-json\/wp\/v2\/posts\/30502\/revisions"}],"wp:featuredmedia":[{"embeddable":true,"href":"https:\/\/13.com.ar\/index.php\/wp-json\/wp\/v2\/media\/30503"}],"wp:attachment":[{"href":"https:\/\/13.com.ar\/index.php\/wp-json\/wp\/v2\/media?parent=30502"}],"wp:term":[{"taxonomy":"category","embeddable":true,"href":"https:\/\/13.com.ar\/index.php\/wp-json\/wp\/v2\/categories?post=30502"},{"taxonomy":"post_tag","embeddable":true,"href":"https:\/\/13.com.ar\/index.php\/wp-json\/wp\/v2\/tags?post=30502"}],"curies":[{"name":"wp","href":"https:\/\/api.w.org\/{rel}","templated":true}]}}