{"id":30500,"date":"2025-06-03T11:49:33","date_gmt":"2025-06-03T14:49:33","guid":{"rendered":"https:\/\/13.com.ar\/index.php\/las-cuatro-claves-entre-los-dos-programas-economicos-segun-el-vice-del-bcra\/"},"modified":"2025-06-03T11:49:33","modified_gmt":"2025-06-03T14:49:33","slug":"las-cuatro-claves-entre-los-dos-programas-economicos-segun-el-vice-del-bcra","status":"publish","type":"post","link":"https:\/\/13.com.ar\/index.php\/las-cuatro-claves-entre-los-dos-programas-economicos-segun-el-vice-del-bcra\/","title":{"rendered":"las cuatro claves entre los dos programas econ\u00f3micos, seg\u00fan el vice del BCRA"},"content":{"rendered":"<p> <br \/>\n<br \/><img decoding=\"async\" src=\"https:\/\/13.com.ar\/wp-content\/uploads\/2025\/06\/las-cuatro-claves-entre-los-dos-programas-economicos-segun-el.jpg\" \/><\/p>\n<div id=\"element-body-0\">\n<p>El Gobierno insiste en resaltar <strong>m\u00e1s diferencias que similitudes<\/strong> entre el programa econ\u00f3mico actual y el que intent\u00f3 desplegar<strong> Mauricio Macri entre 2016 y 2019.<\/strong> <\/p>\n<\/div>\n<div id=\"element-body-1\">\n<p>Por segunda vez en menos de un mes, el vicepresidente del Banco Central, <strong>Vladimir Werning<\/strong>, se refiri\u00f3 a la <strong>&#8220;transici\u00f3n&#8221; <\/strong>hacia la tercera fase del programa econ\u00f3mico y asegur\u00f3 que &#8220;avanza sin disrupciones econ\u00f3micas&#8221; y apuntal\u00f3 sobre cu\u00e1les son los <strong>&#8220;puntos fuertes&#8221; <\/strong>de la econom\u00eda actual por encima de lo que se ve\u00eda en la Argentina durante la gesti\u00f3n de Cambiemos.<\/p>\n<\/div>\n<div id=\"element-body-2\">\n<p>El funcionario habl\u00f3 ante los banqueros centrales de Am\u00e9rica Latina y el Caribe, en una reuni\u00f3n anual que se celebr\u00f3 la semana pasada en El Salvador. La \u00faltima vez que se hab\u00eda referido al respecto fue a mediados de mayo, cuando expuso frente a los hombres y mujeres del mundo de las finanzas que participaron del Congreso Anual del IAEF. <\/p>\n<\/div>\n<div id=\"element-body-3\">\n<p><strong>Cu\u00e1les fueron las diferencias que marc\u00f3 el funcionario:<\/strong><\/p>\n<\/div>\n<div id=\"element-body-5\">\n<p>Werning destin\u00f3 un pasaje de su presentaci\u00f3n para enfatizar que en el \u00faltimo a\u00f1o y medio la inflaci\u00f3n, las <strong>expectativas inflacionarias y la tasa de pobreza<\/strong> cayeron en mayor medida y en forma m\u00e1s abrupta. Esta mejora para Werning est\u00e1 acompa\u00f1ada por un <strong>saneamiento del Banco Central,<\/strong> a partir de la <strong>eliminaci\u00f3n de los pasivos remunerados<\/strong> y una r\u00e1pida recuperaci\u00f3n del nivel de<strong> cr\u00e9dito.<\/strong><\/p>\n<\/div>\n<div id=\"element-body-7\">\n<p>Otro de los puntos fuertes para el segundo de Santiago Bausili es que la recuperaci\u00f3n econ\u00f3mica del periodo 2024-2025 es<strong> mayor y m\u00e1s temprana<\/strong> que la que se registr\u00f3 en la primera mitad del Gobierno de Mauricio Macri. En este sentido, remarc\u00f3 que hay<strong> un mayor excedente de d\u00f3lares del sector privado<\/strong>, producto de estrategias como el <strong>blanqueo<\/strong> durante la segunda mitad del a\u00f1o pasado y de una reorganizaci\u00f3n de la macro.<\/p>\n<\/div>\n<div id=\"element-body-9\">\n<p>Al mismo tiempo, Werning resalt\u00f3 que los<strong> inversores no residentes,<\/strong> que venden sus posiciones dolarizadas para ganar con las tasas en pesos,<strong> el famoso carry trade,<\/strong> tienen en comparaci\u00f3n una <strong>baja tenencia de activos en moneda local<\/strong>, con respecto a las tenencias de inversores argentinos. <\/p>\n<\/div>\n<div id=\"element-body-10\">\n<p>Durante el Gobierno de Mauricio Macri, la estabilidad del tipo de cambio hab\u00eda estado garantizada por el <strong>apetito de inversores internacionales, <\/strong>hasta que<strong> a principios de 2018 se produjo un s\u00fabito freno en el ingreso de esos d\u00f3lares del exterior,<\/strong> lo que se conoce com<em>o &#8220;sudden stop&#8221;<\/em> que oblig\u00f3 al entonces ministro de Finanzas, y actual ministro de Econom\u00eda Luis Caputo a<strong> acudir al Fondo Monetario Internacional <\/strong>antes de dejar su cargo en junio de aquel a\u00f1o.<\/p>\n<\/div>\n<div id=\"element-body-11\">\n<p>La presentaci\u00f3n de Werning record\u00f3 que actualmente la tenencia de <strong>activos locales en manos extranjeras no supera los US$ 1.500 millones,<\/strong> mientras que sobre finales de 2017 ese monto ascend\u00eda a los US$ 30.000 millones.<\/p>\n<\/div>\n<div id=\"element-body-12\">\n<p>La aclaraci\u00f3n se dio justo en el d\u00eda en que el Tesoro Nacional volv\u00eda a abrir un instrumento del mercado local para inversores internacionales, el Bonte 2030, por el cual coloc\u00f3 US$ 1.000 millones la semana pasada. En la City crece la expectativa por<strong> una nueva colocaci\u00f3n similar <\/strong>de cara a la meta de acumulaci\u00f3n de reservas que el Gobierno debe cumplir con el FMI.<\/p>\n<\/div>\n<div id=\"element-body-14\">\n<p>Otro de los puntos en los que el funcionario hizo \u00e9nfasis, fue el<strong> riesgo pa\u00eds<\/strong>, que se hab\u00eda mantenido pr\u00e1cticamente estable durante la primera parte de la presidencia de Mauricio Macri por debajo de las 1.000 unidades, y que de noviembre de 2023 a mayo baj\u00f3 desde una zona de los 2.000 puntos. Adem\u00e1s, resalt\u00f3 las compras de d\u00f3lares por parte del BCRA, que hasta la salida del cepo hab\u00edan superado los US$ 22.000 millones.<\/p>\n<\/div>\n<p><br \/>\n<br \/><a href=\"https:\/\/www.clarin.com\/economia\/juego-diferencias-milei-macri-claves-programas-economicos-vice-bcra_0_tRaLFp7vCB.html\">Fuente Clarin.com <\/a><\/p>\n","protected":false},"excerpt":{"rendered":"<p>El Gobierno insiste en resaltar m\u00e1s diferencias que similitudes entre el programa econ\u00f3mico actual y el que intent\u00f3 desplegar Mauricio Macri entre 2016 y 2019. Por segunda vez en menos de un mes, el vicepresidente del Banco Central, Vladimir Werning, se refiri\u00f3 a la &#8220;transici\u00f3n&#8221; hacia la tercera fase del programa econ\u00f3mico y asegur\u00f3 que [&hellip;]<\/p>\n","protected":false},"author":1,"featured_media":30501,"comment_status":"open","ping_status":"open","sticky":false,"template":"","format":"standard","meta":{"footnotes":""},"categories":[2],"tags":[9810,975,1932,100,59,949,351,48,28,5729,227,14147],"class_list":["post-30500","post","type-post","status-publish","format-standard","has-post-thumbnail","hentry","category-ultimas-noticias","tag-bcra","tag-claves","tag-cuatro","tag-del","tag-dos","tag-economicos","tag-entre","tag-las","tag-los","tag-programas","tag-segun","tag-vice"],"_links":{"self":[{"href":"https:\/\/13.com.ar\/index.php\/wp-json\/wp\/v2\/posts\/30500","targetHints":{"allow":["GET"]}}],"collection":[{"href":"https:\/\/13.com.ar\/index.php\/wp-json\/wp\/v2\/posts"}],"about":[{"href":"https:\/\/13.com.ar\/index.php\/wp-json\/wp\/v2\/types\/post"}],"author":[{"embeddable":true,"href":"https:\/\/13.com.ar\/index.php\/wp-json\/wp\/v2\/users\/1"}],"replies":[{"embeddable":true,"href":"https:\/\/13.com.ar\/index.php\/wp-json\/wp\/v2\/comments?post=30500"}],"version-history":[{"count":0,"href":"https:\/\/13.com.ar\/index.php\/wp-json\/wp\/v2\/posts\/30500\/revisions"}],"wp:featuredmedia":[{"embeddable":true,"href":"https:\/\/13.com.ar\/index.php\/wp-json\/wp\/v2\/media\/30501"}],"wp:attachment":[{"href":"https:\/\/13.com.ar\/index.php\/wp-json\/wp\/v2\/media?parent=30500"}],"wp:term":[{"taxonomy":"category","embeddable":true,"href":"https:\/\/13.com.ar\/index.php\/wp-json\/wp\/v2\/categories?post=30500"},{"taxonomy":"post_tag","embeddable":true,"href":"https:\/\/13.com.ar\/index.php\/wp-json\/wp\/v2\/tags?post=30500"}],"curies":[{"name":"wp","href":"https:\/\/api.w.org\/{rel}","templated":true}]}}