{"id":30470,"date":"2025-06-03T10:52:33","date_gmt":"2025-06-03T13:52:33","guid":{"rendered":"https:\/\/13.com.ar\/index.php\/iba-en-un-auto-con-pedido-de-captura-escapo-de-un-control-a-gran-velocidad-y-choco-de-frente-tras-una-impactante-persecucion\/"},"modified":"2025-06-03T10:52:33","modified_gmt":"2025-06-03T13:52:33","slug":"iba-en-un-auto-con-pedido-de-captura-escapo-de-un-control-a-gran-velocidad-y-choco-de-frente-tras-una-impactante-persecucion","status":"publish","type":"post","link":"https:\/\/13.com.ar\/index.php\/iba-en-un-auto-con-pedido-de-captura-escapo-de-un-control-a-gran-velocidad-y-choco-de-frente-tras-una-impactante-persecucion\/","title":{"rendered":"Iba en un auto con pedido de captura, escap\u00f3 de un control a gran velocidad y choc\u00f3 de frente tras una impactante persecuci\u00f3n"},"content":{"rendered":"<p> <br \/>\n<br \/><img decoding=\"async\" src=\"https:\/\/13.com.ar\/wp-content\/uploads\/2025\/06\/Iba-en-un-auto-con-pedido-de-captura-escapo-de.jpg\" \/><\/p>\n<div id=\"element-body-0\">\n<p>Un joven de 25 a\u00f1os termin\u00f3 detenido luego de circular en <strong>un auto con pedido de captura, evadir un control policial y chocar <\/strong>de frente con otro veh\u00edculo, tras una feroz persecuci\u00f3n policial. Ocurri\u00f3 en la ciudad de <strong>C\u00f3rdoba<\/strong> y todo qued\u00f3 registrado por los domos de seguridad.<\/p>\n<\/div>\n<div id=\"element-body-1\">\n<p>Fuentes policiales confirmaron que el operativo tuvo lugar alrededor del mediod\u00eda de este lunes cuando un Peugeot 208 blanco evadi\u00f3 un puesto de control en el centro de C\u00f3rdoba. Al fugarse, se activaron los protocolos de seguridad y empez\u00f3 una feroz persecuci\u00f3n.<\/p>\n<\/div>\n<div id=\"element-body-2\">\n<p>El Peugeot ten\u00eda pedido de captura. En el transcurso del raid se fueron sumando patrulleros a la caza del evasor, que pudo escapar por varias cuadras. Desde el centro, el joven de 25 a\u00f1os escap\u00f3 por calles de la zona y gener\u00f3 la persecuci\u00f3n hasta la intersecci\u00f3n de avenida Don Bosco y Falucho.<\/p>\n<\/div>\n<div id=\"element-body-3\">\n<p>En el barrio Las Palmas, la persecuci\u00f3n tuvo un abrupto final: el joven de 25 a\u00f1os<strong> choc\u00f3 de manera frontal contra un Nissan Tiida<\/strong>, manejado por un hombre de 47 a\u00f1os, que result\u00f3 herido. Est\u00e1 fuera de peligro confirmaron desde el Policl\u00ednico policial.<\/p>\n<\/div>\n<div id=\"element-body-4\">\n<p>Luego del impacto frontal, ambos autos terminaron con una parte lateral da\u00f1ada y vidrios rotos. El choque fren\u00f3 la marcha del r\u00e1pido Peugeot y le dio tiempo a las patrullas a llegar al lugar y detener al conductor. <\/p>\n<\/div>\n<div id=\"element-body-7\">\n<p>El s\u00e1bado por la tarde hubo un caso muy similar al ocurrido este lunes. Un conductor, a bordo de una camioneta, arrastr\u00f3 varios metros a un polic\u00eda de la Caminera en C\u00f3rdoba, con el fin de evitar un control de alcoholemia.<\/p>\n<\/div>\n<div id=\"element-body-9\">\n<p>La violenta escena ocurri\u00f3 en el anillo externo de Circunvalaci\u00f3n, donde agentes realizaban los operativos preventivos.<\/p>\n<\/div>\n<div id=\"element-body-10\">\n<p>El video que se viraliz\u00f3 durante el fin de semana fue grabado desde un veh\u00edculo, y se puede ver el momento en que el cabo Aldo Lencina, se agarra de la ventana de una Ford Ranger, del lado del conductor, y es arrastrado varios metros hasta caer al suelo, donde milagrosamente se salv\u00f3 de ser atropellado.<\/p>\n<\/div>\n<p><br \/>\n<br \/><a href=\"https:\/\/www.clarin.com\/sociedad\/iba-auto-pedido-captura-escapo-control-gran-velocidad-choco-frente-impactante-persecucion_0_YytwcQceMB.html\">Fuente Clarin.com <\/a><\/p>\n","protected":false},"excerpt":{"rendered":"<p>Un joven de 25 a\u00f1os termin\u00f3 detenido luego de circular en un auto con pedido de captura, evadir un control policial y chocar de frente con otro veh\u00edculo, tras una feroz persecuci\u00f3n policial. Ocurri\u00f3 en la ciudad de C\u00f3rdoba y todo qued\u00f3 registrado por los domos de seguridad. Fuentes policiales confirmaron que el operativo tuvo [&hellip;]<\/p>\n","protected":false},"author":1,"featured_media":30471,"comment_status":"open","ping_status":"open","sticky":false,"template":"","format":"standard","meta":{"footnotes":""},"categories":[2],"tags":[430,5218,900,18,645,1410,802,925,3030,232,2803,4586,312,73,3774],"class_list":["post-30470","post","type-post","status-publish","format-standard","has-post-thumbnail","hentry","category-ultimas-noticias","tag-auto","tag-captura","tag-choco","tag-con","tag-control","tag-escapo","tag-frente","tag-gran","tag-iba","tag-impactante","tag-pedido","tag-persecucion","tag-tras","tag-una","tag-velocidad"],"_links":{"self":[{"href":"https:\/\/13.com.ar\/index.php\/wp-json\/wp\/v2\/posts\/30470","targetHints":{"allow":["GET"]}}],"collection":[{"href":"https:\/\/13.com.ar\/index.php\/wp-json\/wp\/v2\/posts"}],"about":[{"href":"https:\/\/13.com.ar\/index.php\/wp-json\/wp\/v2\/types\/post"}],"author":[{"embeddable":true,"href":"https:\/\/13.com.ar\/index.php\/wp-json\/wp\/v2\/users\/1"}],"replies":[{"embeddable":true,"href":"https:\/\/13.com.ar\/index.php\/wp-json\/wp\/v2\/comments?post=30470"}],"version-history":[{"count":0,"href":"https:\/\/13.com.ar\/index.php\/wp-json\/wp\/v2\/posts\/30470\/revisions"}],"wp:featuredmedia":[{"embeddable":true,"href":"https:\/\/13.com.ar\/index.php\/wp-json\/wp\/v2\/media\/30471"}],"wp:attachment":[{"href":"https:\/\/13.com.ar\/index.php\/wp-json\/wp\/v2\/media?parent=30470"}],"wp:term":[{"taxonomy":"category","embeddable":true,"href":"https:\/\/13.com.ar\/index.php\/wp-json\/wp\/v2\/categories?post=30470"},{"taxonomy":"post_tag","embeddable":true,"href":"https:\/\/13.com.ar\/index.php\/wp-json\/wp\/v2\/tags?post=30470"}],"curies":[{"name":"wp","href":"https:\/\/api.w.org\/{rel}","templated":true}]}}