{"id":30468,"date":"2025-06-03T10:49:30","date_gmt":"2025-06-03T13:49:30","guid":{"rendered":"https:\/\/13.com.ar\/index.php\/cinco-menores-lo-atacaron-con-un-destornillador\/"},"modified":"2025-06-03T10:49:30","modified_gmt":"2025-06-03T13:49:30","slug":"cinco-menores-lo-atacaron-con-un-destornillador","status":"publish","type":"post","link":"https:\/\/13.com.ar\/index.php\/cinco-menores-lo-atacaron-con-un-destornillador\/","title":{"rendered":"cinco menores lo atacaron con un destornillador"},"content":{"rendered":"<p> <br \/>\n<br \/><img decoding=\"async\" src=\"https:\/\/13.com.ar\/wp-content\/uploads\/2025\/06\/cinco-menores-lo-atacaron-con-un-destornillador.jpg\" \/><\/p>\n<div id=\"element-body-0\">\n<p>Un adolescente de 17 a\u00f1os fue apu\u00f1alado a la salida de su escuela en Santa Rosa, luego de que un grupo de cinco j\u00f3venes lo esperara en las afueras del establecimiento, lo acorralara y lo atacara con un destornillador. Por el ataque, la v\u00edctima tiene comprometido uno de sus pulmones.<\/p>\n<\/div>\n<div id=\"element-body-1\">\n<p>El ataque ocurri\u00f3 en la puerta del colegio secundario Ciudad de Santa Rosa, ubicado en la zona norte de la capital pampeana. Seg\u00fan las fuentes policiales consultadas por los medios locales, <strong>el chico herido era \u201cesperado por un grupo de cinco menores, con los que ten\u00eda problemas de vieja data&#8221;.<\/strong><\/p>\n<\/div>\n<div id=\"element-body-2\">\n<p>Al verse acorralado, \u201cuno de 16 a\u00f1os le da una pu\u00f1alada con un destornillador\u201d, seg\u00fan pudieron reconstruir. All\u00ed se llam\u00f3 a una ambulancia, que logr\u00f3 trasladarlo al Hospital Ren\u00e9 Favaloro, donde debieron operarlo.<\/p>\n<\/div>\n<div id=\"element-body-3\">\n<p>\u201cEl joven qued\u00f3 en observaci\u00f3n, le hicieron un drenaje porque la pu\u00f1alada le comprometi\u00f3 uno de los pulmones, pero estaba bien. Actualmente, su evoluci\u00f3n es estable y se contin\u00faan realizando estudios para descartar posibles lesiones adicionales&#8221;, explicaron fuentes m\u00e9dicas.<\/p>\n<\/div>\n<div id=\"element-body-4\">\n<p>Tras la denuncia, este martes por la ma\u00f1ana un joven de 19 a\u00f1os fue demorado y otros de 15 y 16 notificados, al ser considerados sospechosos de haber participado del grupo que atac\u00f3 al chico. El nombre de todos ellos no trascendi\u00f3.<\/p>\n<\/div>\n<div id=\"element-body-5\">\n<p>La semana pasada, docentes de la comunidad educativa ya se hab\u00edan manifestado en rechazo contra la violencia que se percibe dentro de las escuelas, tras una serie de conflictos que involucraron a maestros, estudiantes y padres en el Colegio Panguitruz Nger, en Santa Rosa.<\/p>\n<\/div>\n<div id=\"element-body-6\">\n<p>En aquel colegio, <strong>un profesor quiso evitar una pelea entre alumnos y termin\u00f3 tomado del cuello y agredido<\/strong>. Por ese motivo y otros m\u00e1s decidieron protestar ante el Ministerio de Educaci\u00f3n provincial<\/p>\n<\/div>\n<div id=\"element-body-7\">\n<p>&#8220;Es solo la gota que rebals\u00f3 el vaso&#8230; a esto se le suma el caso reciente de un alumno que fue con un cuchillo y hasta el de un padre que amenaz\u00f3 con romper los vidrios de todos los autos afuera del colegio por el tema de la droga&#8221;, cont\u00f3 a <em>El Diario de La Pampa<\/em> uno de los docentes del colegio.<\/p>\n<\/div>\n<p><br \/>\n<br \/><a href=\"https:\/\/www.clarin.com\/sociedad\/apunalaron-adolescente-17-anos-escuela-santa-rosa-menores-atacaron-destornillador_0_PolDR6E0TC.html\">Fuente Clarin.com <\/a><\/p>\n","protected":false},"excerpt":{"rendered":"<p>Un adolescente de 17 a\u00f1os fue apu\u00f1alado a la salida de su escuela en Santa Rosa, luego de que un grupo de cinco j\u00f3venes lo esperara en las afueras del establecimiento, lo acorralara y lo atacara con un destornillador. Por el ataque, la v\u00edctima tiene comprometido uno de sus pulmones. El ataque ocurri\u00f3 en la [&hellip;]<\/p>\n","protected":false},"author":1,"featured_media":30469,"comment_status":"open","ping_status":"open","sticky":false,"template":"","format":"standard","meta":{"footnotes":""},"categories":[2],"tags":[13962,567,18,20094,4268],"class_list":["post-30468","post","type-post","status-publish","format-standard","has-post-thumbnail","hentry","category-ultimas-noticias","tag-atacaron","tag-cinco","tag-con","tag-destornillador","tag-menores"],"_links":{"self":[{"href":"https:\/\/13.com.ar\/index.php\/wp-json\/wp\/v2\/posts\/30468","targetHints":{"allow":["GET"]}}],"collection":[{"href":"https:\/\/13.com.ar\/index.php\/wp-json\/wp\/v2\/posts"}],"about":[{"href":"https:\/\/13.com.ar\/index.php\/wp-json\/wp\/v2\/types\/post"}],"author":[{"embeddable":true,"href":"https:\/\/13.com.ar\/index.php\/wp-json\/wp\/v2\/users\/1"}],"replies":[{"embeddable":true,"href":"https:\/\/13.com.ar\/index.php\/wp-json\/wp\/v2\/comments?post=30468"}],"version-history":[{"count":0,"href":"https:\/\/13.com.ar\/index.php\/wp-json\/wp\/v2\/posts\/30468\/revisions"}],"wp:featuredmedia":[{"embeddable":true,"href":"https:\/\/13.com.ar\/index.php\/wp-json\/wp\/v2\/media\/30469"}],"wp:attachment":[{"href":"https:\/\/13.com.ar\/index.php\/wp-json\/wp\/v2\/media?parent=30468"}],"wp:term":[{"taxonomy":"category","embeddable":true,"href":"https:\/\/13.com.ar\/index.php\/wp-json\/wp\/v2\/categories?post=30468"},{"taxonomy":"post_tag","embeddable":true,"href":"https:\/\/13.com.ar\/index.php\/wp-json\/wp\/v2\/tags?post=30468"}],"curies":[{"name":"wp","href":"https:\/\/api.w.org\/{rel}","templated":true}]}}