{"id":30439,"date":"2025-06-03T09:16:35","date_gmt":"2025-06-03T12:16:35","guid":{"rendered":"https:\/\/13.com.ar\/index.php\/analizan-si-cortan-otra-vez-camino-negro\/"},"modified":"2025-06-03T09:16:35","modified_gmt":"2025-06-03T12:16:35","slug":"analizan-si-cortan-otra-vez-camino-negro","status":"publish","type":"post","link":"https:\/\/13.com.ar\/index.php\/analizan-si-cortan-otra-vez-camino-negro\/","title":{"rendered":"analizan si cortan otra vez Camino Negro"},"content":{"rendered":"<p> <br \/>\n<br \/><img decoding=\"async\" src=\"https:\/\/13.com.ar\/wp-content\/uploads\/2025\/06\/analizan-si-cortan-otra-vez-Camino-Negro.jpg\" \/><\/p>\n<div id=\"element-body-0\">\n<p>Feriantes y otros trabajadores de <strong>La Salada<\/strong> vuelven a protestar este martes, tras los incidentes que se registraron ayer en Puente La Nora. Esta ma\u00f1ana realizaban una asamblea para decidir qu\u00e9 acciones tomar para manifestarse por la <strong>reapertura del predio<\/strong>, que se encuentra cerrado desde el 22 de mayo tras la detenci\u00f3n de Jorge Castillo.<\/p>\n<\/div>\n<div id=\"element-body-1\">\n<p>Mientras tanto, se desplegaba un<strong> fuerte operativo de seguridad sobre Puente La Noria<\/strong> para asegurar la circulaci\u00f3n vehicular luego de los hechos ocurridos ayer, donde el tr\u00e1nsito se vio interrumpido por al menos 6 horas.<\/p>\n<\/div>\n<div id=\"element-body-2\">\n<p>Hasta el momento, los feriantes confirmaron que continuar\u00e1n con las protestas a lo largo del martes, pero no necesariamente en el mismo lugar. La <strong>municipalidad de Lomas de Zamora <\/strong>y la puerta de la <strong>fiscal\u00eda <\/strong>donde se decidi\u00f3 la clausura por 90 d\u00edas de La Salada son algunos puntos donde podr\u00edan congregarse los manifestantes durante la jornada.<\/p>\n<\/div>\n<div id=\"element-body-3\">\n<p>Puesteros, cafeteros y carreros, entre otros, se hab\u00edan acercado el lunes a la zona de Camino Negro, en el acceso a Ciudad de Buenos Aires, para cortar el tr\u00e1nsito desde las 7 de la ma\u00f1ana hasta las 13.30 horas. <\/p>\n<\/div>\n<div id=\"element-body-4\">\n<p>All\u00ed, sostuvieron que necesitan la reapertura de La Salada para poder trabajar y aseguraron que nada tienen que ver con Castillo, detenido por lavado de dinero y evasi\u00f3n.<\/p>\n<\/div>\n<p><br \/>\n<br \/><a href=\"https:\/\/www.clarin.com\/politica\/feriantes-salada-vuelven-protestar-incidentes-puente-noria-analizan-cortan-vez-camino-negro_0_zD3Nk0wOG2.html\">Fuente Clarin.com <\/a><\/p>\n","protected":false},"excerpt":{"rendered":"<p>Feriantes y otros trabajadores de La Salada vuelven a protestar este martes, tras los incidentes que se registraron ayer en Puente La Nora. Esta ma\u00f1ana realizaban una asamblea para decidir qu\u00e9 acciones tomar para manifestarse por la reapertura del predio, que se encuentra cerrado desde el 22 de mayo tras la detenci\u00f3n de Jorge Castillo. [&hellip;]<\/p>\n","protected":false},"author":1,"featured_media":30440,"comment_status":"open","ping_status":"open","sticky":false,"template":"","format":"standard","meta":{"footnotes":""},"categories":[2],"tags":[957,2129,20087,229,305,111],"class_list":["post-30439","post","type-post","status-publish","format-standard","has-post-thumbnail","hentry","category-ultimas-noticias","tag-analizan","tag-camino","tag-cortan","tag-negro","tag-otra","tag-vez"],"_links":{"self":[{"href":"https:\/\/13.com.ar\/index.php\/wp-json\/wp\/v2\/posts\/30439","targetHints":{"allow":["GET"]}}],"collection":[{"href":"https:\/\/13.com.ar\/index.php\/wp-json\/wp\/v2\/posts"}],"about":[{"href":"https:\/\/13.com.ar\/index.php\/wp-json\/wp\/v2\/types\/post"}],"author":[{"embeddable":true,"href":"https:\/\/13.com.ar\/index.php\/wp-json\/wp\/v2\/users\/1"}],"replies":[{"embeddable":true,"href":"https:\/\/13.com.ar\/index.php\/wp-json\/wp\/v2\/comments?post=30439"}],"version-history":[{"count":0,"href":"https:\/\/13.com.ar\/index.php\/wp-json\/wp\/v2\/posts\/30439\/revisions"}],"wp:featuredmedia":[{"embeddable":true,"href":"https:\/\/13.com.ar\/index.php\/wp-json\/wp\/v2\/media\/30440"}],"wp:attachment":[{"href":"https:\/\/13.com.ar\/index.php\/wp-json\/wp\/v2\/media?parent=30439"}],"wp:term":[{"taxonomy":"category","embeddable":true,"href":"https:\/\/13.com.ar\/index.php\/wp-json\/wp\/v2\/categories?post=30439"},{"taxonomy":"post_tag","embeddable":true,"href":"https:\/\/13.com.ar\/index.php\/wp-json\/wp\/v2\/tags?post=30439"}],"curies":[{"name":"wp","href":"https:\/\/api.w.org\/{rel}","templated":true}]}}