{"id":30431,"date":"2025-06-03T08:55:31","date_gmt":"2025-06-03T11:55:31","guid":{"rendered":"https:\/\/13.com.ar\/index.php\/asi-fue-el-ataque-en-el-que-mataron-a-un-policia-de-la-ciudad-en-el-conurbano\/"},"modified":"2025-06-03T08:55:31","modified_gmt":"2025-06-03T11:55:31","slug":"asi-fue-el-ataque-en-el-que-mataron-a-un-policia-de-la-ciudad-en-el-conurbano","status":"publish","type":"post","link":"https:\/\/13.com.ar\/index.php\/asi-fue-el-ataque-en-el-que-mataron-a-un-policia-de-la-ciudad-en-el-conurbano\/","title":{"rendered":"As\u00ed fue el ataque en el que mataron a un Polic\u00eda de la Ciudad en el Conurbano"},"content":{"rendered":"<p> <br \/>\n<br \/><img decoding=\"async\" src=\"https:\/\/13.com.ar\/wp-content\/uploads\/2025\/06\/Asi-fue-el-ataque-en-el-que-mataron-a-un.jpg\" \/><\/p>\n<div id=\"element-body-0\">\n<p><strong>Alexis Maximiliano Leguizam\u00f3n (21), un oficial de la Polic\u00eda de la Ciudad<\/strong>, fue asesinado en la madrugada del domingo, al ser asaltado por dos delincuentes que lo abordaron cuando iba junto a su familia por Jos\u00e9 C. Paz. Al dar voz de alto e intentar detenerlos, se tirotearon. Uno de ellos muri\u00f3.<\/p>\n<\/div>\n<div id=\"element-body-1\">\n<p>Este martes se conocieron las c\u00e1maras de seguridad de la esquina de <strong>Carmen Puch y Andr\u00e9s Blanqui,<\/strong> donde ocurri\u00f3 el tiroteo fatal. All\u00ed se puede ver la secuencia completa en la que es abordado por los ladrones, uno de ellos arriba de una bicicleta. <\/p>\n<\/div>\n<div id=\"element-body-2\">\n<p>Jos\u00edas Gabriel Suarez (30), el delincuente que fue abatido, ten\u00eda pedido de captura.<\/p>\n<\/div>\n<div id=\"element-body-3\">\n<p><strong>La violenta escena en la zona oeste del conurbano bonaerense tuvo lugar alrededor de las 3.30 de la madrugada<\/strong>. Leguizam\u00f3n, que estaba de franco, caminaba junto a un grupo de amigos y familiares donde fue abordado por dos delincuentes: uno en bicicleta y otro que ven\u00eda a pie. Los amedrentaron e intentaron robarles sus pertenencias.<\/p>\n<\/div>\n<div id=\"element-body-4\">\n<p>El que ven\u00eda en bicicleta, en medio de la discusi\u00f3n, mostr\u00f3 su arma. Leguizam\u00f3n se identific\u00f3 y tambi\u00e9n sac\u00f3 su arma reglamentaria. Entonces empez\u00f3 un enfrentamiento armado con varios tiros en el medio.<\/p>\n<\/div>\n<div id=\"element-body-5\">\n<p>Tras varias detonaciones, el oficial perteneciente a la UTP 3, qued\u00f3 mal herido: uno de los proyectiles dio en la zona inguinal. El que estaba arriba de la bicicleta fue abatido producto de los m\u00faltiples disparos del oficial de Polic\u00eda de la Ciudad. El delincuente que estaba a pie huy\u00f3 corriendo de la zona.<\/p>\n<\/div>\n<p><br \/>\n<br \/><a href=\"https:\/\/www.clarin.com\/policiales\/ataque-mataron-policia-ciudad-conurbano_0_P8uM26bejS.html\">Fuente Clarin.com <\/a><\/p>\n","protected":false},"excerpt":{"rendered":"<p>Alexis Maximiliano Leguizam\u00f3n (21), un oficial de la Polic\u00eda de la Ciudad, fue asesinado en la madrugada del domingo, al ser asaltado por dos delincuentes que lo abordaron cuando iba junto a su familia por Jos\u00e9 C. Paz. Al dar voz de alto e intentar detenerlos, se tirotearon. Uno de ellos muri\u00f3. Este martes se [&hellip;]<\/p>\n","protected":false},"author":1,"featured_media":30432,"comment_status":"open","ping_status":"open","sticky":false,"template":"","format":"standard","meta":{"footnotes":""},"categories":[2],"tags":[789,2106,984,2517,105,1589,1726],"class_list":["post-30431","post","type-post","status-publish","format-standard","has-post-thumbnail","hentry","category-ultimas-noticias","tag-asi","tag-ataque","tag-ciudad","tag-conurbano","tag-fue","tag-mataron","tag-policia"],"_links":{"self":[{"href":"https:\/\/13.com.ar\/index.php\/wp-json\/wp\/v2\/posts\/30431","targetHints":{"allow":["GET"]}}],"collection":[{"href":"https:\/\/13.com.ar\/index.php\/wp-json\/wp\/v2\/posts"}],"about":[{"href":"https:\/\/13.com.ar\/index.php\/wp-json\/wp\/v2\/types\/post"}],"author":[{"embeddable":true,"href":"https:\/\/13.com.ar\/index.php\/wp-json\/wp\/v2\/users\/1"}],"replies":[{"embeddable":true,"href":"https:\/\/13.com.ar\/index.php\/wp-json\/wp\/v2\/comments?post=30431"}],"version-history":[{"count":0,"href":"https:\/\/13.com.ar\/index.php\/wp-json\/wp\/v2\/posts\/30431\/revisions"}],"wp:featuredmedia":[{"embeddable":true,"href":"https:\/\/13.com.ar\/index.php\/wp-json\/wp\/v2\/media\/30432"}],"wp:attachment":[{"href":"https:\/\/13.com.ar\/index.php\/wp-json\/wp\/v2\/media?parent=30431"}],"wp:term":[{"taxonomy":"category","embeddable":true,"href":"https:\/\/13.com.ar\/index.php\/wp-json\/wp\/v2\/categories?post=30431"},{"taxonomy":"post_tag","embeddable":true,"href":"https:\/\/13.com.ar\/index.php\/wp-json\/wp\/v2\/tags?post=30431"}],"curies":[{"name":"wp","href":"https:\/\/api.w.org\/{rel}","templated":true}]}}