{"id":30430,"date":"2025-06-03T08:52:39","date_gmt":"2025-06-03T11:52:39","guid":{"rendered":"https:\/\/13.com.ar\/index.php\/el-polemico-penal-de-julian-alvarez-contra-el-real-madrid-provoco-un-cambio-de-regla-ya-no-sera-anulado\/"},"modified":"2025-06-03T08:52:39","modified_gmt":"2025-06-03T11:52:39","slug":"el-polemico-penal-de-julian-alvarez-contra-el-real-madrid-provoco-un-cambio-de-regla-ya-no-sera-anulado","status":"publish","type":"post","link":"https:\/\/13.com.ar\/index.php\/el-polemico-penal-de-julian-alvarez-contra-el-real-madrid-provoco-un-cambio-de-regla-ya-no-sera-anulado\/","title":{"rendered":"El pol\u00e9mico penal de Juli\u00e1n \u00c1lvarez contra el Real Madrid provoc\u00f3 un cambio de regla: ya no ser\u00e1 anulado"},"content":{"rendered":"<p> <br \/>\n<br \/><img decoding=\"async\" src=\"https:\/\/13.com.ar\/wp-content\/uploads\/2025\/03\/que-le-dijo-a-sus-companeros-despues-de-patear-y.jpg\" \/><\/p>\n<div id=\"element-body-0\">\n<p>La<strong> International Board (IFAB)<\/strong> confirm\u00f3 este martes que a partir del pr\u00f3ximo 1! de julio <strong>los penales como el anulado a Juli\u00e1n \u00c1lvarez por doble toque involuntario <\/strong>en la definici\u00f3n entre el Atl\u00e9tico de Madrid y el Real Madrid por la Liga de Campeones ante el Real Madrid <strong>se repetir\u00e1n en caso de que sean gol<\/strong>. En cambio, si resulta errado, se dar\u00e1 un tiro libre indirecto para el rival.<\/p>\n<\/div>\n<div id=\"element-body-1\">\n<p>&#13;<br \/>\nTambi\u00e9n se podr\u00e1 utilizar la norma en competiciones que empiecen antes de esa fecha, seg\u00fan anunci\u00f3 la IFAB al confirmar una aclaraci\u00f3n hecha a la regla 14 relativa a los penaltis despu\u00e9s de la pol\u00e9mica generada por la anulaci\u00f3n del transformado por Juli\u00e1n \u00c1lvarez en la vuelta de los octavos de final de la Liga de Campeones, en la que el equipo rojiblanco qued\u00f3 eliminado. <\/p>\n<\/div>\n<div id=\"element-body-2\">\n<p>La nueva redacci\u00f3n establece que si el ejecutor <strong>toca la pelota de manera involuntaria con los dos pies simult\u00e1neamente o el bal\u00f3n le toca el pie o la pierna de apoyo<\/strong> justo despu\u00e9s de ejecutar el tiro, se repetir\u00e1 si el tiro termina en gol.<\/p>\n<\/div>\n<div id=\"element-body-3\">\n<p>Si la pelota no entrara en el arco, se conceder\u00e1 un libre indirecto (a menos que el \u00e1rbitro conceda ventaja cuando la acci\u00f3n beneficie claramente al equipo defensor) o, en el caso de las tandas de penales, el lanzamiento se registrar\u00e1 como fallado.<\/p>\n<\/div>\n<div id=\"element-body-4\">\n<p>En el caso de que de forma voluntaria el pateador golpe\u00e9 el bal\u00f3n con los dos pies simult\u00e1neamente o lo juegue por segunda vez antes de que lo toque otro jugador, se conceder\u00e1 un libre indirecto (a menos que el \u00e1rbitro conceda ventaja cuando la acci\u00f3n beneficie claramente al equipo defensor) o, en el caso de las tandas de penales, el lanzamiento se registrar\u00e1 como fallado. <\/p>\n<\/div>\n<p><br \/>\n<br \/><a href=\"https:\/\/www.clarin.com\/deportes\/polemico-penal-julian-alvarez-real-madrid-provoco-cambio-regla-anulado_0_17UHIdPNok.html\">Fuente Clarin.com <\/a><\/p>\n","protected":false},"excerpt":{"rendered":"<p>La International Board (IFAB) confirm\u00f3 este martes que a partir del pr\u00f3ximo 1! de julio los penales como el anulado a Juli\u00e1n \u00c1lvarez por doble toque involuntario en la definici\u00f3n entre el Atl\u00e9tico de Madrid y el Real Madrid por la Liga de Campeones ante el Real Madrid se repetir\u00e1n en caso de que sean [&hellip;]<\/p>\n","protected":false},"author":1,"featured_media":11525,"comment_status":"open","ping_status":"open","sticky":false,"template":"","format":"standard","meta":{"footnotes":""},"categories":[2],"tags":[2241,11637,809,835,2240,102,298,2717,4010,101,1659,153],"class_list":["post-30430","post","type-post","status-publish","format-standard","has-post-thumbnail","hentry","category-ultimas-noticias","tag-alvarez","tag-anulado","tag-cambio","tag-contra","tag-julian","tag-madrid","tag-penal","tag-polemico","tag-provoco","tag-real","tag-regla","tag-sera"],"_links":{"self":[{"href":"https:\/\/13.com.ar\/index.php\/wp-json\/wp\/v2\/posts\/30430","targetHints":{"allow":["GET"]}}],"collection":[{"href":"https:\/\/13.com.ar\/index.php\/wp-json\/wp\/v2\/posts"}],"about":[{"href":"https:\/\/13.com.ar\/index.php\/wp-json\/wp\/v2\/types\/post"}],"author":[{"embeddable":true,"href":"https:\/\/13.com.ar\/index.php\/wp-json\/wp\/v2\/users\/1"}],"replies":[{"embeddable":true,"href":"https:\/\/13.com.ar\/index.php\/wp-json\/wp\/v2\/comments?post=30430"}],"version-history":[{"count":0,"href":"https:\/\/13.com.ar\/index.php\/wp-json\/wp\/v2\/posts\/30430\/revisions"}],"wp:featuredmedia":[{"embeddable":true,"href":"https:\/\/13.com.ar\/index.php\/wp-json\/wp\/v2\/media\/11525"}],"wp:attachment":[{"href":"https:\/\/13.com.ar\/index.php\/wp-json\/wp\/v2\/media?parent=30430"}],"wp:term":[{"taxonomy":"category","embeddable":true,"href":"https:\/\/13.com.ar\/index.php\/wp-json\/wp\/v2\/categories?post=30430"},{"taxonomy":"post_tag","embeddable":true,"href":"https:\/\/13.com.ar\/index.php\/wp-json\/wp\/v2\/tags?post=30430"}],"curies":[{"name":"wp","href":"https:\/\/api.w.org\/{rel}","templated":true}]}}