{"id":30422,"date":"2025-06-03T08:07:31","date_gmt":"2025-06-03T11:07:31","guid":{"rendered":"https:\/\/13.com.ar\/index.php\/buscan-a-madeleine-mccann-en-portugal-dos-decadas-despues-de-su-desaparicion\/"},"modified":"2025-06-03T08:07:31","modified_gmt":"2025-06-03T11:07:31","slug":"buscan-a-madeleine-mccann-en-portugal-dos-decadas-despues-de-su-desaparicion","status":"publish","type":"post","link":"https:\/\/13.com.ar\/index.php\/buscan-a-madeleine-mccann-en-portugal-dos-decadas-despues-de-su-desaparicion\/","title":{"rendered":"buscan a Madeleine McCann en Portugal, dos d\u00e9cadas despu\u00e9s de su desaparici\u00f3n"},"content":{"rendered":"<p> <br \/>\n<br \/><img decoding=\"async\" src=\"https:\/\/13.com.ar\/wp-content\/uploads\/2025\/06\/buscan-a-Madeleine-McCann-en-Portugal-dos-decadas-despues-de.jpg\" \/><\/p>\n<div id=\"element-body-0\">\n<p>Las autoridades portuguesas y alemanas han iniciado una nueva b\u00fasqueda de Madeleine McCann en Portugal, casi dos d\u00e9cadas despu\u00e9s de su desaparici\u00f3n.<\/p>\n<\/div>\n<div id=\"element-body-1\">\n<p>Madeleine ten\u00eda tres a\u00f1os cuando desapareci\u00f3 de un complejo de apartamentos en Praia da Luz, en el Algarve, durante unas vacaciones familiares el 3 de mayo de 2007. Su desaparici\u00f3n desencaden\u00f3 una investigaci\u00f3n policial a nivel europeo y es uno de los casos de personas desaparecidas sin resolver m\u00e1s sonados del mundo.<\/p>\n<\/div>\n<div id=\"element-body-3\">\n<p>El lunes, la polic\u00eda portuguesa confirm\u00f3 que estaba llevando a cabo <strong>la b\u00fasqueda en virtud de \u00f3rdenes judiciales <\/strong>emitidas por la fiscal\u00eda alemana en<strong> 21 terrenos diferentes.<\/strong><\/p>\n<\/div>\n<div id=\"element-body-5\">\n<p>La polic\u00eda portuguesa afirma que la b\u00fasqueda, que abarca <strong>el municipio de Lagos, cerca de Praia da Luz,<\/strong> continuar\u00e1 hasta el viernes.<\/p>\n<\/div>\n<div id=\"element-body-6\">\n<p>Seg\u00fan informa este martes la BBC, por la ma\u00f1ana, un cami\u00f3n de bomberos portugu\u00e9s y cuatro veh\u00edculos con polic\u00edas alemanes<strong> llegaron al lugar de la b\u00fasqueda,<\/strong> ubicado a unos <strong>5,6 kil\u00f3metros del complejo tur\u00edstico donde Madeleine fue vista por \u00faltima vez.<\/strong><\/p>\n<\/div>\n<div id=\"element-body-8\">\n<p>Las carreteras que conducen al lugar, de <strong>gran tama\u00f1o y mayormente cubierto de matorrales<\/strong>, han estado cerradas desde el lunes, mientras que la jornada parece centrarse en los edificios abandonados cerca de la costa. Tambi\u00e9n se ha instalado<strong> una gran carpa azul en la misma zona.<\/strong><\/p>\n<\/div>\n<div id=\"element-body-9\">\n<p>Se espera que unos 30 polic\u00edas alemanes participen en la b\u00fasqueda.<\/p>\n<\/div>\n<div id=\"element-body-11\">\n<p>Los investigadores alemanes han tomado la iniciativa en el caso desde que identificaron a Christian Br\u00fcckner como <strong>su principal sospechoso en 2020.<\/strong><\/p>\n<\/div>\n<div id=\"element-body-12\">\n<p>Br\u00fcckner, de 48 a\u00f1os, cumple actualmente u<strong>na condena en Alemania por otro delito<\/strong>: la<strong> violaci\u00f3n de una turista <\/strong>estadounidense <strong>de 72 a\u00f1os <\/strong>en Portugal en 2005. Su liberaci\u00f3n estaba prevista para septiembre, pero podr\u00eda retrasarse hasta principios de 2026 si no paga la multa que debe.<\/p>\n<\/div>\n<div id=\"element-body-13\">\n<p>Las autoridades alemanas temen que, si no se le imputan cargos, Br\u00fcckner desaparezca tras su liberaci\u00f3n.<\/p>\n<\/div>\n<div id=\"element-body-14\">\n<p><strong>Sospechan de asesinato<\/strong>, pero no han encontrado pruebas suficientes para presentar cargos, mientras que Br\u00fcckner <strong>niega reiteradamente cualquier implicaci\u00f3n.<\/strong><\/p>\n<\/div>\n<div id=\"element-body-16\">\n<p>Las autoridades portuguesas <strong>tambi\u00e9n han nombrado a Br\u00fcckner como sospechoso formal, o &#8220;arguido&#8221;<\/strong>. Aseguraron que entregar\u00edan a las autoridades alemanas cualquier prueba incautada en el \u00faltimo registro.<\/p>\n<\/div>\n<div id=\"element-body-17\">\n<p>Las autoridades no han revelado si est\u00e1n llevando a cabo esta \u00faltima b\u00fasqueda en Portuga<strong>l bas\u00e1ndose en informaci\u00f3n nueva<\/strong>, lo que da la impresi\u00f3n de que est\u00e1n realizando <strong>una \u00faltima inspecci\u00f3n <\/strong>en lugares donde podr\u00edan haberse ocultado pruebas o un cad\u00e1ver.<\/p>\n<\/div>\n<div id=\"element-body-18\">\n<p>La polic\u00eda alemana <strong>cuenta con una orden europea<\/strong>, aprobada por la fiscal\u00eda portuguesa, que les permite realizar registros en terrenos privados.<\/p>\n<\/div>\n<div id=\"element-body-19\">\n<p>El equipo de investigadores alemanes y portugueses ha recibido autorizaci\u00f3n para registrar 21 terrenos<strong> entre el complejo tur\u00edstico Ocean Club<\/strong>, del que desapareci\u00f3 Madeleine, y<strong> el lugar donde Br\u00fcckner se alojaba<\/strong> en ese momento.<\/p>\n<\/div>\n<div id=\"element-body-21\">\n<p>Las autoridades alemanas informaron a la BBC el lunes que &#8220;se est\u00e1n llevando a cabo procedimientos penales en Portugal&#8221; con el apoyo de la polic\u00eda portuguesa.<\/p>\n<\/div>\n<div id=\"element-body-22\">\n<p>La b\u00fasqueda anterior se realiz\u00f3 hace dos a\u00f1os, <strong>centrada en un embalse<\/strong> donde Madeleine fue vista por \u00faltima vez.<\/p>\n<\/div>\n<div id=\"element-body-23\">\n<p>Se encontraron fotograf\u00edas y v\u00eddeos de Br\u00fcckner, quien pas\u00f3 tiempo en la zona entre 2000 y 2017, cerca del embalse.<\/p>\n<\/div>\n<p><br \/>\n<br \/><a href=\"https:\/\/www.clarin.com\/mundo\/sorpresivo-operativo-buscan-madeleine-mccann-portugal-decadas-despues-desaparicion_0_y52xOayjz2.html\">Fuente Clarin.com <\/a><\/p>\n","protected":false},"excerpt":{"rendered":"<p>Las autoridades portuguesas y alemanas han iniciado una nueva b\u00fasqueda de Madeleine McCann en Portugal, casi dos d\u00e9cadas despu\u00e9s de su desaparici\u00f3n. Madeleine ten\u00eda tres a\u00f1os cuando desapareci\u00f3 de un complejo de apartamentos en Praia da Luz, en el Algarve, durante unas vacaciones familiares el 3 de mayo de 2007. Su desaparici\u00f3n desencaden\u00f3 una investigaci\u00f3n [&hellip;]<\/p>\n","protected":false},"author":1,"featured_media":30423,"comment_status":"open","ping_status":"open","sticky":false,"template":"","format":"standard","meta":{"footnotes":""},"categories":[2],"tags":[3235,6375,3469,1514,59,7665,7666,6643],"class_list":["post-30422","post","type-post","status-publish","format-standard","has-post-thumbnail","hentry","category-ultimas-noticias","tag-buscan","tag-decadas","tag-desaparicion","tag-despues","tag-dos","tag-madeleine","tag-mccann","tag-portugal"],"_links":{"self":[{"href":"https:\/\/13.com.ar\/index.php\/wp-json\/wp\/v2\/posts\/30422","targetHints":{"allow":["GET"]}}],"collection":[{"href":"https:\/\/13.com.ar\/index.php\/wp-json\/wp\/v2\/posts"}],"about":[{"href":"https:\/\/13.com.ar\/index.php\/wp-json\/wp\/v2\/types\/post"}],"author":[{"embeddable":true,"href":"https:\/\/13.com.ar\/index.php\/wp-json\/wp\/v2\/users\/1"}],"replies":[{"embeddable":true,"href":"https:\/\/13.com.ar\/index.php\/wp-json\/wp\/v2\/comments?post=30422"}],"version-history":[{"count":0,"href":"https:\/\/13.com.ar\/index.php\/wp-json\/wp\/v2\/posts\/30422\/revisions"}],"wp:featuredmedia":[{"embeddable":true,"href":"https:\/\/13.com.ar\/index.php\/wp-json\/wp\/v2\/media\/30423"}],"wp:attachment":[{"href":"https:\/\/13.com.ar\/index.php\/wp-json\/wp\/v2\/media?parent=30422"}],"wp:term":[{"taxonomy":"category","embeddable":true,"href":"https:\/\/13.com.ar\/index.php\/wp-json\/wp\/v2\/categories?post=30422"},{"taxonomy":"post_tag","embeddable":true,"href":"https:\/\/13.com.ar\/index.php\/wp-json\/wp\/v2\/tags?post=30422"}],"curies":[{"name":"wp","href":"https:\/\/api.w.org\/{rel}","templated":true}]}}